{"id":36906,"date":"2022-03-17T10:30:00","date_gmt":"2022-03-17T10:30:00","guid":{"rendered":"http:\/\/elterritorialweb.com.ar\/web\/?p=36906"},"modified":"2022-03-17T10:30:36","modified_gmt":"2022-03-17T10:30:36","slug":"la-intendente-fuentes-y-el-ministro-chara-pudieron-en-marcha-el-censo-digital-en-la-capital","status":"publish","type":"post","link":"http:\/\/elterritorialweb.com.ar\/web\/la-intendente-fuentes-y-el-ministro-chara-pudieron-en-marcha-el-censo-digital-en-la-capital\/","title":{"rendered":"LA INTENDENTE FUENTES Y EL MINISTRO CHARA PUSIERON EN MARCHA EL CENSO DIGITAL EN LA CAPITAL"},"content":{"rendered":"\n<p>All\u00ed observaron el trabajo de los facilitadores que ayudar\u00e1n a los vecinos a cargar los datos de los formularios y a asesorar sobre cualquier novedad respecto del cuestionario censal, el que se puede responder desde cualquier dispositivo electr\u00f3nico con acceso a Internet (computadoras, tablets o celulares).<br>El ministro Chara sostuvo que \u00abeste Censo 2022 es muy importante para la poblaci\u00f3n y como pa\u00eds para conocernos, para poder monitorear todas las pol\u00edticas de estado por ello es importante que la gente participe. Es un censo que se puede hacer de forma virtual y para quienes no puedan completar los formularios hay personal que puede asistirlos\u201d, en distintos puntos de la Capital.<br>Record\u00f3 que se pueden completar los formularios hasta el 18 de mayo.<br>Por su parte, la Ing. Fuentes remarc\u00f3 que personal del municipio se capacit\u00f3 para esta tarea a trav\u00e9s del Ministerio de Econom\u00eda y de la Direcci\u00f3n de Estad\u00edsticas y Censos.<br>La jefa comunal indic\u00f3 que los facilitadores estar\u00e1n en cinco puntos estrat\u00e9gicos de la ciudad, como lo son el Caps Los Lagos y Francisco de Aguirre, el CIC Campo Contreras, y los SUM de los barrios Bel\u00e9n y La Cat\u00f3lica. \u201cAdem\u00e1s habr\u00e1 lugares m\u00f3viles que iremos colocando en distintas plazas, la idea es que el vecino pueda concurrir de 8 a 18 horas\u201d, explic\u00f3.<br>La intendente remarc\u00f3 que el censo digital permitir\u00e1 hacer m\u00e1s \u00e1gil la tarea cuando los entrevistadores concurran a los domicilios el d\u00eda 18 de mayo, ya que el vecino le entregar\u00e1 un c\u00f3digo con los datos que estar\u00e1 cargados en el sistema.<br>A su turno, Scrimini se\u00f1al\u00f3 que se trata del primer censo digital y que la p\u00e1gina para buscar el formulario es www.censo.gob.ar, la cual queda dos meses abierta en la que uno puede cargar los datos\u201d.<br>\u00abNo lleva m\u00e1s de 20 minutos, se comienza con el n\u00famero de documento y la fecha de nacimiento s\u00f3lo para validar si la persona es mayor de edad. La novedad \u2013indic\u00f3 el funcionario- que tiene este Censo es que no existe el apellido y el DNI, s\u00f3lo nombre de pila, direcci\u00f3n y caracter\u00edstica de la vivienda. Tambi\u00e9n el auto percibimiento de identidad sexual, adem\u00e1s del sexo al nacer que tuvo la persona; el auto reconocimiento de pueblo originario, si habla alg\u00fan lenguaje, el auto percibimiento de descendiente afro o afroamericano y preguntas si padece alguna discapacidad. Antes estas preguntas se las realizaba s\u00f3lo a un 10% de la poblaci\u00f3n, hoy va dirigida para todos, adem\u00e1s de las preguntas de rigor\u00bb.<\/p>\n","protected":false},"excerpt":{"rendered":"<p>La intendente de la Capital, Ing. Norma Fuentes, el ministro de Econom\u00eda, CPN Atilio Chara, y el director de Estad\u00edsticas y Censos, Lic. Fernando Scrimini, participaron de la puesta en marcha oficial del Censo Digital 2022, desde el Centro de Integraci\u00f3n Comunitaria del barrio Campo Contreras.<\/p>\n","protected":false},"author":2,"featured_media":36907,"comment_status":"open","ping_status":"open","sticky":false,"template":"","format":"standard","meta":{"om_disable_all_campaigns":false,"_monsterinsights_skip_tracking":false,"_monsterinsights_sitenote_active":false,"_monsterinsights_sitenote_note":"","_monsterinsights_sitenote_category":0,"_uf_show_specific_survey":0,"_uf_disable_surveys":false,"jetpack_post_was_ever_published":false,"_jetpack_newsletter_access":"","_jetpack_dont_email_post_to_subs":false,"_jetpack_newsletter_tier_id":0,"_jetpack_memberships_contains_paywalled_content":false,"_jetpack_memberships_contains_paid_content":false,"footnotes":"","jetpack_publicize_message":"","jetpack_publicize_feature_enabled":true,"jetpack_social_post_already_shared":false,"jetpack_social_options":{"image_generator_settings":{"template":"highway","default_image_id":0,"font":"","enabled":false},"version":2}},"categories":[21],"tags":[],"class_list":["post-36906","post","type-post","status-publish","format-standard","has-post-thumbnail","hentry","category-locales"],"aioseo_notices":[],"views":8,"jetpack_publicize_connections":[],"jetpack_featured_media_url":"https:\/\/i0.wp.com\/elterritorialweb.com.ar\/web\/wp-content\/uploads\/2022\/03\/Intendente-Chara-scaled.jpg?fit=2560%2C1708","jetpack_sharing_enabled":true,"_links":{"self":[{"href":"http:\/\/elterritorialweb.com.ar\/web\/wp-json\/wp\/v2\/posts\/36906","targetHints":{"allow":["GET"]}}],"collection":[{"href":"http:\/\/elterritorialweb.com.ar\/web\/wp-json\/wp\/v2\/posts"}],"about":[{"href":"http:\/\/elterritorialweb.com.ar\/web\/wp-json\/wp\/v2\/types\/post"}],"author":[{"embeddable":true,"href":"http:\/\/elterritorialweb.com.ar\/web\/wp-json\/wp\/v2\/users\/2"}],"replies":[{"embeddable":true,"href":"http:\/\/elterritorialweb.com.ar\/web\/wp-json\/wp\/v2\/comments?post=36906"}],"version-history":[{"count":2,"href":"http:\/\/elterritorialweb.com.ar\/web\/wp-json\/wp\/v2\/posts\/36906\/revisions"}],"predecessor-version":[{"id":36909,"href":"http:\/\/elterritorialweb.com.ar\/web\/wp-json\/wp\/v2\/posts\/36906\/revisions\/36909"}],"wp:featuredmedia":[{"embeddable":true,"href":"http:\/\/elterritorialweb.com.ar\/web\/wp-json\/wp\/v2\/media\/36907"}],"wp:attachment":[{"href":"http:\/\/elterritorialweb.com.ar\/web\/wp-json\/wp\/v2\/media?parent=36906"}],"wp:term":[{"taxonomy":"category","embeddable":true,"href":"http:\/\/elterritorialweb.com.ar\/web\/wp-json\/wp\/v2\/categories?post=36906"},{"taxonomy":"post_tag","embeddable":true,"href":"http:\/\/elterritorialweb.com.ar\/web\/wp-json\/wp\/v2\/tags?post=36906"}],"curies":[{"name":"wp","href":"https:\/\/api.w.org\/{rel}","templated":true}]}}