{"id":36910,"date":"2022-03-17T10:35:12","date_gmt":"2022-03-17T10:35:12","guid":{"rendered":"http:\/\/elterritorialweb.com.ar\/web\/?p=36910"},"modified":"2022-03-17T10:35:12","modified_gmt":"2022-03-17T10:35:12","slug":"la-municipalidad-dio-a-conocer-la-agenda-cultural-gratuita-del-fin-de-semana","status":"publish","type":"post","link":"http:\/\/elterritorialweb.com.ar\/web\/la-municipalidad-dio-a-conocer-la-agenda-cultural-gratuita-del-fin-de-semana\/","title":{"rendered":"LA MUNICIPALIDAD DI\u00d3 A CONOCER LA AGENDA CULTURAL GRATUITA DEL FIN DE SEMANA"},"content":{"rendered":"\n<p>El viernes 18 a partir de las 20 horas en la Retreta de la Plaza Libertad actuar\u00e1 la orquesta Sol Negro, que conduce el profesor Mario Abraham. Ese mismo d\u00eda, en la Casa Arga\u00f1araz Alcorta, se inaugurar\u00e1 la muestra fotogr\u00e1fica \u00abMariconer\u00eda: Memorias de la Diversidad Santiague\u00f1a\u00bb, una exposici\u00f3n con material sobre las diversidades sexuales santiague\u00f1as, que forma parte del Archivo de la Memoria LGTBQ.<br>El evento se realizar\u00e1 en la fecha en la que se conmemora el D\u00eda de la Promoci\u00f3n de los Derechos de las Personas Trans y contar\u00e1 con la participaci\u00f3n de autoridades del INADI y de colectivos de lucha por los derechos de las personas trans de la provincia.<br>En tanto, el s\u00e1bado 19 a las 11:30 horas en la Vieja Estaci\u00f3n del Parque Oeste se realizar\u00e1 un seminario gratuito sobre Reglamentos, Modalidades y Categor\u00edas de la Federaci\u00f3n Internacional de Culturismo y Fitness (IFBB). En ese mismo espacio, a las 19, se presentar\u00e1 el libro \u201cNo hay cruces en Sodoma\u201d, del autor tucumano Carlos Luciano Ferullo.<br>Adem\u00e1s, a las 21:30, se realizar\u00e1 en el Centro Cultural Eva Negra ubicado en Juana Manuela Gorriti Norte N\u00b0 335, un evento cultural con perspectiva de g\u00e9nero y expresi\u00f3n multidisciplinaria llamado \u201cElijo la Libertad\u201d, que contar\u00e1 con la participaci\u00f3n del grupo musical y de danzas \u00abCamale\u00f3nicas\u00bb, la cantante de hip hop Nataly Monte y la bailarina de danza contempor\u00e1nea Anto Guerriero. El evento se organiza en conjunto con la Red de Espacios Culturales (RECSE) y forma parte de un proyecto de integraci\u00f3n entre los espacios p\u00fablicos y privados que busca fomentar las actividades culturales y facilitar la accesibilidad de los eventos al p\u00fablico de manera gratuita.<br>El d\u00eda domingo 20 contin\u00faa la Feria Artesanal de la Casa de la Historia y la Cultura del Bicentenario, que dar\u00e1 comienzo a las 18 horas y contar\u00e1 con la actuaci\u00f3n de la academia de danza Pasi\u00f3n y Ritmo.<\/p>\n","protected":false},"excerpt":{"rendered":"<p>Con el prop\u00f3sito de difundir y fomentar el quehacer cultural, la Municipalidad de la Capital organizar\u00e1 este fin de semana una interesante y variada oferta de actividades libres y gratuitas.<\/p>\n","protected":false},"author":2,"featured_media":36911,"comment_status":"open","ping_status":"open","sticky":false,"template":"","format":"standard","meta":{"om_disable_all_campaigns":false,"_monsterinsights_skip_tracking":false,"_monsterinsights_sitenote_active":false,"_monsterinsights_sitenote_note":"","_monsterinsights_sitenote_category":0,"_uf_show_specific_survey":0,"_uf_disable_surveys":false,"jetpack_post_was_ever_published":false,"_jetpack_newsletter_access":"","_jetpack_dont_email_post_to_subs":false,"_jetpack_newsletter_tier_id":0,"_jetpack_memberships_contains_paywalled_content":false,"_jetpack_memberships_contains_paid_content":false,"footnotes":"","jetpack_publicize_message":"","jetpack_publicize_feature_enabled":true,"jetpack_social_post_already_shared":false,"jetpack_social_options":{"image_generator_settings":{"template":"highway","default_image_id":0,"font":"","enabled":false},"version":2}},"categories":[21],"tags":[],"class_list":["post-36910","post","type-post","status-publish","format-standard","has-post-thumbnail","hentry","category-locales"],"aioseo_notices":[],"views":10,"jetpack_publicize_connections":[],"jetpack_featured_media_url":"https:\/\/i0.wp.com\/elterritorialweb.com.ar\/web\/wp-content\/uploads\/2022\/03\/programa-cultural-fin-de-semana.jpg?fit=1280%2C729","jetpack_sharing_enabled":true,"_links":{"self":[{"href":"http:\/\/elterritorialweb.com.ar\/web\/wp-json\/wp\/v2\/posts\/36910","targetHints":{"allow":["GET"]}}],"collection":[{"href":"http:\/\/elterritorialweb.com.ar\/web\/wp-json\/wp\/v2\/posts"}],"about":[{"href":"http:\/\/elterritorialweb.com.ar\/web\/wp-json\/wp\/v2\/types\/post"}],"author":[{"embeddable":true,"href":"http:\/\/elterritorialweb.com.ar\/web\/wp-json\/wp\/v2\/users\/2"}],"replies":[{"embeddable":true,"href":"http:\/\/elterritorialweb.com.ar\/web\/wp-json\/wp\/v2\/comments?post=36910"}],"version-history":[{"count":1,"href":"http:\/\/elterritorialweb.com.ar\/web\/wp-json\/wp\/v2\/posts\/36910\/revisions"}],"predecessor-version":[{"id":36912,"href":"http:\/\/elterritorialweb.com.ar\/web\/wp-json\/wp\/v2\/posts\/36910\/revisions\/36912"}],"wp:featuredmedia":[{"embeddable":true,"href":"http:\/\/elterritorialweb.com.ar\/web\/wp-json\/wp\/v2\/media\/36911"}],"wp:attachment":[{"href":"http:\/\/elterritorialweb.com.ar\/web\/wp-json\/wp\/v2\/media?parent=36910"}],"wp:term":[{"taxonomy":"category","embeddable":true,"href":"http:\/\/elterritorialweb.com.ar\/web\/wp-json\/wp\/v2\/categories?post=36910"},{"taxonomy":"post_tag","embeddable":true,"href":"http:\/\/elterritorialweb.com.ar\/web\/wp-json\/wp\/v2\/tags?post=36910"}],"curies":[{"name":"wp","href":"https:\/\/api.w.org\/{rel}","templated":true}]}}