{"id":36913,"date":"2022-03-17T11:01:34","date_gmt":"2022-03-17T11:01:34","guid":{"rendered":"http:\/\/elterritorialweb.com.ar\/web\/?p=36913"},"modified":"2022-03-17T11:01:35","modified_gmt":"2022-03-17T11:01:35","slug":"guemes-quedo-eliminado-de-la-copa-argentina-tras-ser-goleado-por-talleres-en-salta","status":"publish","type":"post","link":"http:\/\/elterritorialweb.com.ar\/web\/guemes-quedo-eliminado-de-la-copa-argentina-tras-ser-goleado-por-talleres-en-salta\/","title":{"rendered":"G\u00dcEMES QUED\u00d3 ELIMINADO DE LA COPA ARGENTINA TRAS SER GOLEADO POR TALLERES EN SALTA"},"content":{"rendered":"\n<p><strong>G\u00fcemes&nbsp;<\/strong>sigue sin encontrar el rumbo y sufri\u00f3 otra dura derrota a manos de T<strong>alleres de C\u00f3rdoba, que lo gole\u00f3 por 4-0 en Salta por los 32avos de la Copa Argentina.<\/strong><\/p>\n\n\n\n<p>Desde el comienzo,\u00a0<strong>Talleres\u00a0<\/strong>hizo valer su mayor jerarqu\u00eda individual ante un elenco azulgrana que present\u00f3 un mix reservando jugadores para el cotejo del s\u00e1bado ante\u00a0<strong>Gimnasia y Esgrima de Mendoza,\u00a0<\/strong>por la sexta fecha del campeonato de la\u00a0<strong>Primera Nacional.<\/strong><\/p>\n\n\n\n<figure class=\"wp-block-image size-large\"><a href=\"https:\/\/i0.wp.com\/elterritorialweb.com.ar\/web\/wp-content\/uploads\/2022\/03\/FOApH_9XMAIpRXN.jpeg\"><img data-recalc-dims=\"1\" decoding=\"async\" width=\"640\" height=\"427\" data-src=\"https:\/\/i0.wp.com\/elterritorialweb.com.ar\/web\/wp-content\/uploads\/2022\/03\/FOApH_9XMAIpRXN.jpeg?resize=640%2C427\" alt=\"\" class=\"wp-image-36915 lazyload\" data-srcset=\"https:\/\/i0.wp.com\/elterritorialweb.com.ar\/web\/wp-content\/uploads\/2022\/03\/FOApH_9XMAIpRXN.jpeg?resize=1024%2C683 1024w, https:\/\/i0.wp.com\/elterritorialweb.com.ar\/web\/wp-content\/uploads\/2022\/03\/FOApH_9XMAIpRXN.jpeg?resize=300%2C200 300w, https:\/\/i0.wp.com\/elterritorialweb.com.ar\/web\/wp-content\/uploads\/2022\/03\/FOApH_9XMAIpRXN.jpeg?resize=768%2C512 768w, https:\/\/i0.wp.com\/elterritorialweb.com.ar\/web\/wp-content\/uploads\/2022\/03\/FOApH_9XMAIpRXN.jpeg?resize=1536%2C1024 1536w, https:\/\/i0.wp.com\/elterritorialweb.com.ar\/web\/wp-content\/uploads\/2022\/03\/FOApH_9XMAIpRXN.jpeg?w=1620 1620w, https:\/\/i0.wp.com\/elterritorialweb.com.ar\/web\/wp-content\/uploads\/2022\/03\/FOApH_9XMAIpRXN.jpeg?w=1280 1280w\" data-sizes=\"(max-width: 640px) 100vw, 640px\" src=\"data:image\/svg+xml;base64,PHN2ZyB3aWR0aD0iMSIgaGVpZ2h0PSIxIiB4bWxucz0iaHR0cDovL3d3dy53My5vcmcvMjAwMC9zdmciPjwvc3ZnPg==\" style=\"--smush-placeholder-width: 640px; --smush-placeholder-aspect-ratio: 640\/427;\" \/><\/a><\/figure>\n\n\n\n<p>Entonces, en la primera estocada a fondo, el conjunto ganador lastim\u00f3, con un desborde por derecha de&nbsp;<strong>Esquivel<\/strong>&nbsp;que hall\u00f3 al goleador&nbsp;<strong>Girotti&nbsp;<\/strong>en el centro del \u00e1rea para empujarla y marcar la apertura (18m.).<\/p>\n\n\n\n<p><strong>G\u00fcemes\u00a0<\/strong>busc\u00f3 reaccionar y dispuso de una doble chance para nivelar la cuenta, con un remate de\u00a0<strong>Marcos Fern\u00e1ndez\u00a0<\/strong>que se estrell\u00f3 en el poste y un posterior tiro de Tom\u00e1s\u00a0<strong>Assennato\u00a0<\/strong>que control\u00f3\u00a0<strong>Guido Herrera\u00a0<\/strong>en dos tiempos.<\/p>\n\n\n\n<figure class=\"wp-block-image size-large\"><a href=\"https:\/\/i0.wp.com\/elterritorialweb.com.ar\/web\/wp-content\/uploads\/2022\/03\/FOApKs1WYAYjYfV.jpeg\"><img data-recalc-dims=\"1\" decoding=\"async\" width=\"640\" height=\"427\" data-src=\"https:\/\/i0.wp.com\/elterritorialweb.com.ar\/web\/wp-content\/uploads\/2022\/03\/FOApKs1WYAYjYfV.jpeg?resize=640%2C427\" alt=\"\" class=\"wp-image-36914 lazyload\" data-srcset=\"https:\/\/i0.wp.com\/elterritorialweb.com.ar\/web\/wp-content\/uploads\/2022\/03\/FOApKs1WYAYjYfV.jpeg?resize=1024%2C683 1024w, https:\/\/i0.wp.com\/elterritorialweb.com.ar\/web\/wp-content\/uploads\/2022\/03\/FOApKs1WYAYjYfV.jpeg?resize=300%2C200 300w, https:\/\/i0.wp.com\/elterritorialweb.com.ar\/web\/wp-content\/uploads\/2022\/03\/FOApKs1WYAYjYfV.jpeg?resize=768%2C512 768w, https:\/\/i0.wp.com\/elterritorialweb.com.ar\/web\/wp-content\/uploads\/2022\/03\/FOApKs1WYAYjYfV.jpeg?resize=1536%2C1024 1536w, https:\/\/i0.wp.com\/elterritorialweb.com.ar\/web\/wp-content\/uploads\/2022\/03\/FOApKs1WYAYjYfV.jpeg?w=1620 1620w, https:\/\/i0.wp.com\/elterritorialweb.com.ar\/web\/wp-content\/uploads\/2022\/03\/FOApKs1WYAYjYfV.jpeg?w=1280 1280w\" data-sizes=\"(max-width: 640px) 100vw, 640px\" src=\"data:image\/svg+xml;base64,PHN2ZyB3aWR0aD0iMSIgaGVpZ2h0PSIxIiB4bWxucz0iaHR0cDovL3d3dy53My5vcmcvMjAwMC9zdmciPjwvc3ZnPg==\" style=\"--smush-placeholder-width: 640px; --smush-placeholder-aspect-ratio: 640\/427;\" \/><\/a><\/figure>\n\n\n\n<p>Pero antes de la finalizaci\u00f3n del primer per\u00edodo, un pelotazo largo puesto para&nbsp;<strong>Valoyes&nbsp;<\/strong>le permiti\u00f3 al colombiano exhibir su jerarqu\u00eda, para desairar a&nbsp;<strong>Mendon\u00e7a&nbsp;<\/strong>y colocar el bal\u00f3n, junto a un poste, para el 2-0 (42m.)<\/p>\n\n\n\n<p>Cualquier atisbo de recuperaci\u00f3n de los dirigidos por el DT\u00a0<strong>Pablo Martel\u00a0<\/strong>fue abortado apenas comenzado el segundo per\u00edodo. Es que el pibe\u00a0<strong>Esquivel<\/strong>, que lleg\u00f3 desde\u00a0<strong>Lan\u00fas<\/strong>, levant\u00f3 la cabeza y lo vio adelantado al arquero\u00a0<strong>Mendon\u00e7a<\/strong>\u00a0para meter un sablazo que se col\u00f3 en un \u00e1ngulo. Iban 25 segundos y el 3-0 resultaba lapidario.<\/p>\n\n\n\n<figure class=\"wp-block-image size-full is-resized\"><a href=\"https:\/\/i0.wp.com\/elterritorialweb.com.ar\/web\/wp-content\/uploads\/2022\/03\/FOAlPIkXMAIaAJQ.jpeg\"><img data-recalc-dims=\"1\" decoding=\"async\" data-src=\"https:\/\/i0.wp.com\/elterritorialweb.com.ar\/web\/wp-content\/uploads\/2022\/03\/FOAlPIkXMAIaAJQ.jpeg?resize=399%2C266\" alt=\"\" class=\"wp-image-36917 lazyload\" width=\"399\" height=\"266\" data-srcset=\"https:\/\/i0.wp.com\/elterritorialweb.com.ar\/web\/wp-content\/uploads\/2022\/03\/FOAlPIkXMAIaAJQ.jpeg?w=680 680w, https:\/\/i0.wp.com\/elterritorialweb.com.ar\/web\/wp-content\/uploads\/2022\/03\/FOAlPIkXMAIaAJQ.jpeg?resize=300%2C200 300w\" data-sizes=\"(max-width: 399px) 100vw, 399px\" src=\"data:image\/svg+xml;base64,PHN2ZyB3aWR0aD0iMSIgaGVpZ2h0PSIxIiB4bWxucz0iaHR0cDovL3d3dy53My5vcmcvMjAwMC9zdmciPjwvc3ZnPg==\" style=\"--smush-placeholder-width: 399px; --smush-placeholder-aspect-ratio: 399\/266;\" \/><\/a><\/figure>\n\n\n\n<p>Una nueva aparici\u00f3n del goleador&nbsp;<strong>Girotti&nbsp;<\/strong>(8m.) le permiti\u00f3 a&nbsp;<strong>Talleres&nbsp;<\/strong>sellar la goleada.<\/p>\n\n\n\n<p>Despu\u00e9s hubo tiempo para la expulsi\u00f3n del volante de&nbsp;<strong>Guemes, Nicol\u00e1s Ju\u00e1rez<\/strong>&nbsp;(19m.), y para el debut del chico&nbsp;<strong>Santiago Toloza,<\/strong>&nbsp;figura de la \u2018T\u2019 en la divisi\u00f3n Reserva. El encuentro estaba definido de antemano<\/p>\n","protected":false},"excerpt":{"rendered":"<p>El Gaucho la pas\u00f3 mal en Salta y cay\u00f3 ante la T por 4-0 en el marco de los 32avos de final de la Copa Argentina.<\/p>\n","protected":false},"author":2,"featured_media":36916,"comment_status":"open","ping_status":"open","sticky":false,"template":"","format":"standard","meta":{"om_disable_all_campaigns":false,"_monsterinsights_skip_tracking":false,"_monsterinsights_sitenote_active":false,"_monsterinsights_sitenote_note":"","_monsterinsights_sitenote_category":0,"_uf_show_specific_survey":0,"_uf_disable_surveys":false,"jetpack_post_was_ever_published":false,"_jetpack_newsletter_access":"","_jetpack_dont_email_post_to_subs":false,"_jetpack_newsletter_tier_id":0,"_jetpack_memberships_contains_paywalled_content":false,"_jetpack_memberships_contains_paid_content":false,"footnotes":"","jetpack_publicize_message":"","jetpack_publicize_feature_enabled":true,"jetpack_social_post_already_shared":false,"jetpack_social_options":{"image_generator_settings":{"template":"highway","default_image_id":0,"font":"","enabled":false},"version":2}},"categories":[6],"tags":[],"class_list":["post-36913","post","type-post","status-publish","format-standard","has-post-thumbnail","hentry","category-deportes"],"aioseo_notices":[],"views":9,"jetpack_publicize_connections":[],"jetpack_featured_media_url":"https:\/\/i0.wp.com\/elterritorialweb.com.ar\/web\/wp-content\/uploads\/2022\/03\/FOBEYbLXoAIxnMc.jpeg?fit=1280%2C853","jetpack_sharing_enabled":true,"_links":{"self":[{"href":"http:\/\/elterritorialweb.com.ar\/web\/wp-json\/wp\/v2\/posts\/36913","targetHints":{"allow":["GET"]}}],"collection":[{"href":"http:\/\/elterritorialweb.com.ar\/web\/wp-json\/wp\/v2\/posts"}],"about":[{"href":"http:\/\/elterritorialweb.com.ar\/web\/wp-json\/wp\/v2\/types\/post"}],"author":[{"embeddable":true,"href":"http:\/\/elterritorialweb.com.ar\/web\/wp-json\/wp\/v2\/users\/2"}],"replies":[{"embeddable":true,"href":"http:\/\/elterritorialweb.com.ar\/web\/wp-json\/wp\/v2\/comments?post=36913"}],"version-history":[{"count":1,"href":"http:\/\/elterritorialweb.com.ar\/web\/wp-json\/wp\/v2\/posts\/36913\/revisions"}],"predecessor-version":[{"id":36918,"href":"http:\/\/elterritorialweb.com.ar\/web\/wp-json\/wp\/v2\/posts\/36913\/revisions\/36918"}],"wp:featuredmedia":[{"embeddable":true,"href":"http:\/\/elterritorialweb.com.ar\/web\/wp-json\/wp\/v2\/media\/36916"}],"wp:attachment":[{"href":"http:\/\/elterritorialweb.com.ar\/web\/wp-json\/wp\/v2\/media?parent=36913"}],"wp:term":[{"taxonomy":"category","embeddable":true,"href":"http:\/\/elterritorialweb.com.ar\/web\/wp-json\/wp\/v2\/categories?post=36913"},{"taxonomy":"post_tag","embeddable":true,"href":"http:\/\/elterritorialweb.com.ar\/web\/wp-json\/wp\/v2\/tags?post=36913"}],"curies":[{"name":"wp","href":"https:\/\/api.w.org\/{rel}","templated":true}]}}