{"id":36932,"date":"2022-03-17T17:04:36","date_gmt":"2022-03-17T17:04:36","guid":{"rendered":"http:\/\/elterritorialweb.com.ar\/web\/?p=36932"},"modified":"2022-03-17T17:04:36","modified_gmt":"2022-03-17T17:04:36","slug":"las-mujeres-se-hicieron-chequeos-cardiovascular-en-el-forum","status":"publish","type":"post","link":"http:\/\/elterritorialweb.com.ar\/web\/las-mujeres-se-hicieron-chequeos-cardiovascular-en-el-forum\/","title":{"rendered":"LAS MUJERES SE HICIERON CHEQUEOS CARDIOVASCULAR EN EL FORUM"},"content":{"rendered":"\n<p>Sobre la explanada del Centro de Convenciones (FORUM), se realiz\u00f3 la actividad, en el marco del \u201cMes de la mujer\u201d, referida a la campa\u00f1a provincial \u201cPrevenci\u00f3n de la Salud Cardiovascular en las mujeres\u201d, bajo el lema \u00abTestea tu coraz\u00f3n\u00bb, organizado por la Sociedad de Cardiolog\u00eda de Santiago del Estero, el Ministerio de Salud de la provincia, la Direcci\u00f3n de Atenci\u00f3n Primaria de la Salud (APS) y la Municipalidad de la Capital.<br>Participaron el presidente de Sociedad de Cardiolog\u00eda de Santiago del Estero, Dr. Mauro Ruise, autoridades comunales, en representaci\u00f3n de la Direcci\u00f3n de APS, Lic. Carmen Santill\u00e1n y las UPAs N\u00b0 2, UPA N\u00b0 5, UPA N\u00b0 7, UPA N\u00b0 13, UPA N\u00b0 25 junto al equipo de Plazas Saludables. De la Sociedad de Cardiolog\u00eda, del \u00e1rea Coraz\u00f3n y Mujer, Dra. Agustina Pereda, Dra. \u00c1ngela Sogga Alfano, Dra. Celeste S\u00e1nchez Ominetti, Dra. Carina Ortopan; y los Dres Miguel Asad y Javier Jensen. Adem\u00e1s acompa\u00f1aron de la sociedad de Oncolog\u00eda el Dr. Ezequiel Espamer y de la Sociedad de Oftalmolog\u00eda el Dr Enzo Ruiz, el Colegio de Enfermer\u00eda, Lic. Marina Cura y el \u00abPrograma Primeros A\u00f1os\u00bb de la Secretaria Nacional de Ni\u00f1ez Adolescencia y Familia.<br>Cabe destacar que la finalidad de esta campa\u00f1a es concientizar a las mujeres santiague\u00f1as sobre la importancia de proteger su salud cardiovascular, teniendo en cuenta que la primera causa de muerte en las mujeres son las enfermedades cardiovasculares (infarto, acv, muerte s\u00fabita, etc.<br>Durante la tarde, los equipos de salud realizaron chequeos de salud como control de la tensi\u00f3n arterial e \u00edndice de masa corporal, charlas sobre prevenci\u00f3n de enfermedades cardiovasculares a cargo de los y las cardi\u00f3logas y promoci\u00f3n de los beneficios de la actividad f\u00edsica. Las plazas saludables coordinaron la actividad f\u00edsica y baile.<\/p>\n","protected":false},"excerpt":{"rendered":"<p>Bajo el lema \u00abTestea tu coraz\u00f3n\u00bb, organizado por la Sociedad de Cardiolog\u00eda de Santiago del Estero, el Ministerio de Salud de la provincia, la Direcci\u00f3n de Atenci\u00f3n Primaria de la Salud (APS) y la Municipalidad de la Capital.<\/p>\n","protected":false},"author":2,"featured_media":36933,"comment_status":"open","ping_status":"open","sticky":false,"template":"","format":"standard","meta":{"om_disable_all_campaigns":false,"_monsterinsights_skip_tracking":false,"_monsterinsights_sitenote_active":false,"_monsterinsights_sitenote_note":"","_monsterinsights_sitenote_category":0,"_uf_show_specific_survey":0,"_uf_disable_surveys":false,"jetpack_post_was_ever_published":false,"_jetpack_newsletter_access":"","_jetpack_dont_email_post_to_subs":false,"_jetpack_newsletter_tier_id":0,"_jetpack_memberships_contains_paywalled_content":false,"_jetpack_memberships_contains_paid_content":false,"footnotes":"","jetpack_publicize_message":"","jetpack_publicize_feature_enabled":true,"jetpack_social_post_already_shared":false,"jetpack_social_options":{"image_generator_settings":{"template":"highway","default_image_id":0,"font":"","enabled":false},"version":2}},"categories":[3],"tags":[],"class_list":["post-36932","post","type-post","status-publish","format-standard","has-post-thumbnail","hentry","category-salud"],"aioseo_notices":[],"views":12,"jetpack_publicize_connections":[],"jetpack_featured_media_url":"https:\/\/i0.wp.com\/elterritorialweb.com.ar\/web\/wp-content\/uploads\/2022\/03\/corazon-.jpg?fit=2248%2C1500","jetpack_sharing_enabled":true,"_links":{"self":[{"href":"http:\/\/elterritorialweb.com.ar\/web\/wp-json\/wp\/v2\/posts\/36932","targetHints":{"allow":["GET"]}}],"collection":[{"href":"http:\/\/elterritorialweb.com.ar\/web\/wp-json\/wp\/v2\/posts"}],"about":[{"href":"http:\/\/elterritorialweb.com.ar\/web\/wp-json\/wp\/v2\/types\/post"}],"author":[{"embeddable":true,"href":"http:\/\/elterritorialweb.com.ar\/web\/wp-json\/wp\/v2\/users\/2"}],"replies":[{"embeddable":true,"href":"http:\/\/elterritorialweb.com.ar\/web\/wp-json\/wp\/v2\/comments?post=36932"}],"version-history":[{"count":1,"href":"http:\/\/elterritorialweb.com.ar\/web\/wp-json\/wp\/v2\/posts\/36932\/revisions"}],"predecessor-version":[{"id":36934,"href":"http:\/\/elterritorialweb.com.ar\/web\/wp-json\/wp\/v2\/posts\/36932\/revisions\/36934"}],"wp:featuredmedia":[{"embeddable":true,"href":"http:\/\/elterritorialweb.com.ar\/web\/wp-json\/wp\/v2\/media\/36933"}],"wp:attachment":[{"href":"http:\/\/elterritorialweb.com.ar\/web\/wp-json\/wp\/v2\/media?parent=36932"}],"wp:term":[{"taxonomy":"category","embeddable":true,"href":"http:\/\/elterritorialweb.com.ar\/web\/wp-json\/wp\/v2\/categories?post=36932"},{"taxonomy":"post_tag","embeddable":true,"href":"http:\/\/elterritorialweb.com.ar\/web\/wp-json\/wp\/v2\/tags?post=36932"}],"curies":[{"name":"wp","href":"https:\/\/api.w.org\/{rel}","templated":true}]}}