{"id":36935,"date":"2022-03-17T19:55:22","date_gmt":"2022-03-17T19:55:22","guid":{"rendered":"http:\/\/elterritorialweb.com.ar\/web\/?p=36935"},"modified":"2022-03-17T20:03:37","modified_gmt":"2022-03-17T20:03:37","slug":"zamora-hemos-demostrado-que-el-norte-grande-puede-trabajar-junto","status":"publish","type":"post","link":"http:\/\/elterritorialweb.com.ar\/web\/zamora-hemos-demostrado-que-el-norte-grande-puede-trabajar-junto\/","title":{"rendered":"ZAMORA: \u00abHEMOS DEMOSTRADO QUE EL  NORTE GRANDE PUEDE TRABAJAR JUNTO\u00bb"},"content":{"rendered":"\n<p>El mandatario provincial se refiri\u00f3 a la marat\u00f3nica semana de reuniones de trabajo realizadas por la comitiva del Norte Grande en su estad\u00eda en Dubai.<\/p>\n\n\n\n<p>Cabe destacar que el Dr. Gerardo Zamora encabezo la comitiva como Presidente pro tempore del Consejo Regional del Norte Grande Argentino.<\/p>\n\n\n\n<p>Mediante un v\u00eddeo difundido en Twitter el gobernador habl\u00f3 sobre las reuniones de trabajo por la comitiva argentina en su estad\u00eda en Dubai.<\/p>\n\n\n\n<figure class=\"wp-block-embed is-type-rich is-provider-twitter wp-block-embed-twitter\"><div class=\"wp-block-embed__wrapper\">\n<blockquote class=\"twitter-tweet\" data-width=\"550\" data-dnt=\"true\"><p lang=\"es\" dir=\"ltr\">Conclusiones del Gob. de Santiago del Estero Gerardo Zamora, Pte. pro tempore del <a href=\"https:\/\/twitter.com\/hashtag\/ConsejoRegionalDelNorteGrande?src=hash&amp;ref_src=twsrc%5Etfw\">#ConsejoRegionalDelNorteGrande<\/a> de Argentina, luego de la semana de reuniones y actividades con fondos de inversi\u00f3n, C\u00e1maras de comercio y empresas de puertos y zonas francas de Dubai y Abu Dhabi <a href=\"https:\/\/t.co\/a4F5oynduV\">pic.twitter.com\/a4F5oynduV<\/a><\/p>&mdash; Norte Grande AR (@nortegrande_ar) <a href=\"https:\/\/twitter.com\/nortegrande_ar\/status\/1504467511093329921?ref_src=twsrc%5Etfw\">March 17, 2022<\/a><\/blockquote><script async src=\"https:\/\/platform.twitter.com\/widgets.js\" charset=\"utf-8\"><\/script>\n<\/div><\/figure>\n\n\n\n<p><em>\u00abEstamos concluyendo con una importante misi\u00f3n que tiene que ver con un gran desaf\u00edo del Norte Grande Argentino, nuestra estad\u00eda en Emiratos \u00c1rabes est\u00e1 culminando\u00bb<\/em>, comenz\u00f3 diciendo Zamora <\/p>\n\n\n\n<p>Continuo diciendo que est\u00e9 viaje ha dejado cosas positivas, <em>\u00abprimero una Inumerables cantidad de reuniones de trabajo, con grupo de inversi\u00f3n, con empresas, con zonas francas, reuniones entre los 30 empresarios o empresas que hemos tra\u00eddo de nuestra regi\u00f3n, con empresarios locales y por supuesto la posibilidad de saber que hay un mercado importante, en este pa\u00eds y en los pa\u00edses a trav\u00e9s de las zonas francas y de toda su plataforma exportadora y que sus empresarios, pueden ser compradores de nuestros productos del Norte Grande<\/em>\u00ab, a\u00f1adi\u00f3 el mandatario provincial<\/p>\n\n\n\n<p>Zamora tambi\u00e9n reconoci\u00f3<em> \u00abhemos demostrado que el Norte Grande puede trabajar junto, que m\u00e1s all\u00e1 de la diversidad de nuestros productos podemos aprovechar todas las inergias y avanzar\u00bb.<\/em><\/p>\n\n\n\n<p>El presidente pro tempore del Norte Grande se refiri\u00f3<em> \u00aba la posibilidad de armar una agencia de desarrollo, inversiones y exportaciones, inclusive empezar a tener filiales, aprovechando el consejo federal de inversiones y nuestras embajadas\u00bb.<\/em><\/p>\n\n\n\n<p>Para finalizar Zamora dijo:<em> \u00abHemos demostrado que un tercio de territorio, d\u00edez millones de habitantes, una gran producci\u00f3n y potencial para desarrollar much\u00edsimo m\u00e1s productos exportables, pueden ser posible a trav\u00e9s de nuestra regi\u00f3n\u00bb.<\/em><\/p>\n\n\n\n<p><\/p>\n","protected":false},"excerpt":{"rendered":"<p>Luego de la semana de reuniones y actividades con fondos de inversi\u00f3n, C\u00e1maras de comercio y empresas de puertos y zonas francas de Dubai y Abu Dhabi. <\/p>\n","protected":false},"author":2,"featured_media":36936,"comment_status":"open","ping_status":"open","sticky":false,"template":"","format":"standard","meta":{"om_disable_all_campaigns":false,"_monsterinsights_skip_tracking":false,"_monsterinsights_sitenote_active":false,"_monsterinsights_sitenote_note":"","_monsterinsights_sitenote_category":0,"_uf_show_specific_survey":0,"_uf_disable_surveys":false,"jetpack_post_was_ever_published":false,"_jetpack_newsletter_access":"","_jetpack_dont_email_post_to_subs":false,"_jetpack_newsletter_tier_id":0,"_jetpack_memberships_contains_paywalled_content":false,"_jetpack_memberships_contains_paid_content":false,"footnotes":"","jetpack_publicize_message":"","jetpack_publicize_feature_enabled":true,"jetpack_social_post_already_shared":false,"jetpack_social_options":{"image_generator_settings":{"template":"highway","default_image_id":0,"font":"","enabled":false},"version":2}},"categories":[18],"tags":[],"class_list":["post-36935","post","type-post","status-publish","format-standard","has-post-thumbnail","hentry","category-politica"],"aioseo_notices":[],"views":8,"jetpack_publicize_connections":[],"jetpack_featured_media_url":"https:\/\/i0.wp.com\/elterritorialweb.com.ar\/web\/wp-content\/uploads\/2022\/03\/Screenshot_20220317-1613192.png?fit=1138%2C613","jetpack_sharing_enabled":true,"_links":{"self":[{"href":"http:\/\/elterritorialweb.com.ar\/web\/wp-json\/wp\/v2\/posts\/36935","targetHints":{"allow":["GET"]}}],"collection":[{"href":"http:\/\/elterritorialweb.com.ar\/web\/wp-json\/wp\/v2\/posts"}],"about":[{"href":"http:\/\/elterritorialweb.com.ar\/web\/wp-json\/wp\/v2\/types\/post"}],"author":[{"embeddable":true,"href":"http:\/\/elterritorialweb.com.ar\/web\/wp-json\/wp\/v2\/users\/2"}],"replies":[{"embeddable":true,"href":"http:\/\/elterritorialweb.com.ar\/web\/wp-json\/wp\/v2\/comments?post=36935"}],"version-history":[{"count":3,"href":"http:\/\/elterritorialweb.com.ar\/web\/wp-json\/wp\/v2\/posts\/36935\/revisions"}],"predecessor-version":[{"id":36940,"href":"http:\/\/elterritorialweb.com.ar\/web\/wp-json\/wp\/v2\/posts\/36935\/revisions\/36940"}],"wp:featuredmedia":[{"embeddable":true,"href":"http:\/\/elterritorialweb.com.ar\/web\/wp-json\/wp\/v2\/media\/36936"}],"wp:attachment":[{"href":"http:\/\/elterritorialweb.com.ar\/web\/wp-json\/wp\/v2\/media?parent=36935"}],"wp:term":[{"taxonomy":"category","embeddable":true,"href":"http:\/\/elterritorialweb.com.ar\/web\/wp-json\/wp\/v2\/categories?post=36935"},{"taxonomy":"post_tag","embeddable":true,"href":"http:\/\/elterritorialweb.com.ar\/web\/wp-json\/wp\/v2\/tags?post=36935"}],"curies":[{"name":"wp","href":"https:\/\/api.w.org\/{rel}","templated":true}]}}