{"id":36941,"date":"2022-03-17T20:46:17","date_gmt":"2022-03-17T20:46:17","guid":{"rendered":"http:\/\/elterritorialweb.com.ar\/web\/?p=36941"},"modified":"2022-03-17T20:46:18","modified_gmt":"2022-03-17T20:46:18","slug":"programa-conociendo-mi-provincia","status":"publish","type":"post","link":"http:\/\/elterritorialweb.com.ar\/web\/programa-conociendo-mi-provincia\/","title":{"rendered":"PROGRAMA CONOCIENDO MI PROVINCIA"},"content":{"rendered":"\n<p>El jefe de Gabinete de Ministros de la provincia, El\u00edas Su\u00e1rez, en representaci\u00f3n del Gobernador Dr. Gerardo Zamora, recibi\u00f3 este jueves en Casa de Gobierno a 33 estudiantes del quinto a\u00f1o del Colegio Secundario de Weisburd, en el departamento Moreno.<\/p>\n\n\n\n<figure class=\"wp-block-image size-full\"><a href=\"https:\/\/i0.wp.com\/elterritorialweb.com.ar\/web\/wp-content\/uploads\/2022\/03\/FB_IMG_1647548273699.jpg\"><img data-recalc-dims=\"1\" decoding=\"async\" width=\"640\" height=\"406\" data-src=\"https:\/\/i0.wp.com\/elterritorialweb.com.ar\/web\/wp-content\/uploads\/2022\/03\/FB_IMG_1647548273699.jpg?resize=640%2C406\" alt=\"\" class=\"wp-image-36942 lazyload\" data-srcset=\"https:\/\/i0.wp.com\/elterritorialweb.com.ar\/web\/wp-content\/uploads\/2022\/03\/FB_IMG_1647548273699.jpg?w=720 720w, https:\/\/i0.wp.com\/elterritorialweb.com.ar\/web\/wp-content\/uploads\/2022\/03\/FB_IMG_1647548273699.jpg?resize=300%2C190 300w\" data-sizes=\"(max-width: 640px) 100vw, 640px\" src=\"data:image\/svg+xml;base64,PHN2ZyB3aWR0aD0iMSIgaGVpZ2h0PSIxIiB4bWxucz0iaHR0cDovL3d3dy53My5vcmcvMjAwMC9zdmciPjwvc3ZnPg==\" style=\"--smush-placeholder-width: 640px; --smush-placeholder-aspect-ratio: 640\/406;\" \/><\/a><\/figure>\n\n\n\n<p>Se trata de la primera delegaci\u00f3n de este a\u00f1o 2022 que inicia su recorrido por distintos lugares de Santiago del Estero como parte del programa \u00abConociendo Mi Provincia\u00bb, que les permitir\u00e1 conocer sitios emblem\u00e1ticos de ciudad Capital, adem\u00e1s de centros tur\u00edsticos como Villa La Punta y Las Termas de R\u00edo Hondo.<\/p>\n\n\n\n<figure class=\"wp-block-image size-full\"><a href=\"https:\/\/i0.wp.com\/elterritorialweb.com.ar\/web\/wp-content\/uploads\/2022\/03\/FB_IMG_1647548278275.jpg\"><img data-recalc-dims=\"1\" decoding=\"async\" width=\"640\" height=\"436\" data-src=\"https:\/\/i0.wp.com\/elterritorialweb.com.ar\/web\/wp-content\/uploads\/2022\/03\/FB_IMG_1647548278275.jpg?resize=640%2C436\" alt=\"\" class=\"wp-image-36944 lazyload\" data-srcset=\"https:\/\/i0.wp.com\/elterritorialweb.com.ar\/web\/wp-content\/uploads\/2022\/03\/FB_IMG_1647548278275.jpg?w=720 720w, https:\/\/i0.wp.com\/elterritorialweb.com.ar\/web\/wp-content\/uploads\/2022\/03\/FB_IMG_1647548278275.jpg?resize=300%2C205 300w\" data-sizes=\"(max-width: 640px) 100vw, 640px\" src=\"data:image\/svg+xml;base64,PHN2ZyB3aWR0aD0iMSIgaGVpZ2h0PSIxIiB4bWxucz0iaHR0cDovL3d3dy53My5vcmcvMjAwMC9zdmciPjwvc3ZnPg==\" style=\"--smush-placeholder-width: 640px; --smush-placeholder-aspect-ratio: 640\/436;\" \/><\/a><\/figure>\n\n\n\n<p>El contingente, encabezado por el rector Alfredo Vega y seis docentes, fue recibido en el Sal\u00f3n de Acuerdos, donde hubo palabras de agradecimiento para el gobernador Gerardo Zamora por dar impulso a este y otros programas educativos, como el Metas Digitales, que prev\u00e9 para este a\u00f1o la entrega de m\u00e1s de 13 mil tablets a quienes cursan el \u00faltimo a\u00f1o del secundario.<\/p>\n","protected":false},"excerpt":{"rendered":"<p>Estudiantes del Secundario de Weisburd visitaron Casa de Gobierno<\/p>\n","protected":false},"author":2,"featured_media":36943,"comment_status":"open","ping_status":"open","sticky":false,"template":"","format":"standard","meta":{"om_disable_all_campaigns":false,"_monsterinsights_skip_tracking":false,"_monsterinsights_sitenote_active":false,"_monsterinsights_sitenote_note":"","_monsterinsights_sitenote_category":0,"_uf_show_specific_survey":0,"_uf_disable_surveys":false,"jetpack_post_was_ever_published":false,"_jetpack_newsletter_access":"","_jetpack_dont_email_post_to_subs":false,"_jetpack_newsletter_tier_id":0,"_jetpack_memberships_contains_paywalled_content":false,"_jetpack_memberships_contains_paid_content":false,"footnotes":"","jetpack_publicize_message":"","jetpack_publicize_feature_enabled":true,"jetpack_social_post_already_shared":false,"jetpack_social_options":{"image_generator_settings":{"template":"highway","default_image_id":0,"font":"","enabled":false},"version":2}},"categories":[21],"tags":[],"class_list":["post-36941","post","type-post","status-publish","format-standard","has-post-thumbnail","hentry","category-locales"],"aioseo_notices":[],"views":25,"jetpack_publicize_connections":[],"jetpack_featured_media_url":"https:\/\/i0.wp.com\/elterritorialweb.com.ar\/web\/wp-content\/uploads\/2022\/03\/FB_IMG_1647548271384.jpg?fit=720%2C432","jetpack_sharing_enabled":true,"_links":{"self":[{"href":"http:\/\/elterritorialweb.com.ar\/web\/wp-json\/wp\/v2\/posts\/36941","targetHints":{"allow":["GET"]}}],"collection":[{"href":"http:\/\/elterritorialweb.com.ar\/web\/wp-json\/wp\/v2\/posts"}],"about":[{"href":"http:\/\/elterritorialweb.com.ar\/web\/wp-json\/wp\/v2\/types\/post"}],"author":[{"embeddable":true,"href":"http:\/\/elterritorialweb.com.ar\/web\/wp-json\/wp\/v2\/users\/2"}],"replies":[{"embeddable":true,"href":"http:\/\/elterritorialweb.com.ar\/web\/wp-json\/wp\/v2\/comments?post=36941"}],"version-history":[{"count":1,"href":"http:\/\/elterritorialweb.com.ar\/web\/wp-json\/wp\/v2\/posts\/36941\/revisions"}],"predecessor-version":[{"id":36945,"href":"http:\/\/elterritorialweb.com.ar\/web\/wp-json\/wp\/v2\/posts\/36941\/revisions\/36945"}],"wp:featuredmedia":[{"embeddable":true,"href":"http:\/\/elterritorialweb.com.ar\/web\/wp-json\/wp\/v2\/media\/36943"}],"wp:attachment":[{"href":"http:\/\/elterritorialweb.com.ar\/web\/wp-json\/wp\/v2\/media?parent=36941"}],"wp:term":[{"taxonomy":"category","embeddable":true,"href":"http:\/\/elterritorialweb.com.ar\/web\/wp-json\/wp\/v2\/categories?post=36941"},{"taxonomy":"post_tag","embeddable":true,"href":"http:\/\/elterritorialweb.com.ar\/web\/wp-json\/wp\/v2\/tags?post=36941"}],"curies":[{"name":"wp","href":"https:\/\/api.w.org\/{rel}","templated":true}]}}