{"id":36946,"date":"2022-03-17T21:19:55","date_gmt":"2022-03-17T21:19:55","guid":{"rendered":"http:\/\/elterritorialweb.com.ar\/web\/?p=36946"},"modified":"2022-03-17T21:19:56","modified_gmt":"2022-03-17T21:19:56","slug":"cerruti-aseguro-que-la-principal-preocupacion-del-gobierno-es-la-inflacion","status":"publish","type":"post","link":"http:\/\/elterritorialweb.com.ar\/web\/cerruti-aseguro-que-la-principal-preocupacion-del-gobierno-es-la-inflacion\/","title":{"rendered":"CERRUTI ASEGUR\u00d3 QUE LA PRINCIPAL PREOCUPACI\u00d3N DEL GOBIERNO ES LA INFLACI\u00d3N"},"content":{"rendered":"\n<p>\u201cNos parece que es una instancia muy importante y no queremos dejar de recordar que es la primera vez que este debate hist\u00f3rico se da en el Congreso de la Naci\u00f3n como debe ser, porque una deuda que compromete en su pago a varias generaciones de argentinos tiene que pasar por el parlamento y debe ser un debate entre los legisladores de todas las fuerzas pol\u00edticas\u201d, destac\u00f3 la funcionaria en la conferencia de prensa semanal que brinda a los periodistas acreditados en la Casa Rosada.<\/p>\n\n\n\n<p>Al ser consultada por el problema de la suba de precios, la portavoz afirm\u00f3 que \u201cel presidente est\u00e1 trabajando con todo su equipo econ\u00f3mico para llevar adelante una serie de medidas que se van a conocer en los pr\u00f3ximos d\u00edas y que se suman a las que venimos tomando y que tienen que ver con esta preocupaci\u00f3n central del gobierno\u201d.<\/p>\n\n\n\n<p>\u201cEn una econom\u00eda de oligopolios, como es el caso de la Argentina, donde la formaci\u00f3n de precios est\u00e1 en manos de unos pocos, esto contribuye a que esos pocos, en situaciones de crisis internacional como la que estamos viviendo, puedan tomar decisiones unilaterales con respecto a los precios de sus mercader\u00edas, por eso el Gobierno est\u00e1 comprometido en llevar adelante pol\u00edticas y medidas que permitan garantizar los precios de los alimentos en la mesa de los argentinos\u201d, subray\u00f3.<\/p>\n\n\n\n<p>Se\u00f1al\u00f3 que \u201cla guerra entre Rusia y Ucrania y la crisis internacional, en una econom\u00eda como la de Argentina que ven\u00eda con una inflaci\u00f3n alta y que luego tuvo los 2 a\u00f1os de pandemia, incide mucho\u201d, y de la misma manera advirti\u00f3 que \u201cla resoluci\u00f3n de la deuda y del acuerdo con el FMI tambi\u00e9n incide en la lucha contra la inflaci\u00f3n\u201d.<\/p>\n\n\n\n<p>Por eso indic\u00f3 que, \u201csi hoy tenemos la aprobaci\u00f3n en el Senado y luego el acuerdo se concreta en la reuni\u00f3n del board del FMI, se va a empezar a clarificar el camino para las medidas que hay que tomar en adelante para seguir combatiendo este flagelo\u201d.<\/p>\n\n\n\n<p>Asegur\u00f3 que la principal preocupaci\u00f3n del Gobierno \u201csin ninguna duda es el precio, y sobre todo de los alimentos, que es lo que m\u00e1s incidi\u00f3 en el \u00faltimo \u00edndice de inflaci\u00f3n\u201d.<\/p>\n\n\n\n<p>Por otro lado, la portavoz record\u00f3 que hoy se cumplen 30 a\u00f1os del atentado a la Embajada de Israel en Buenos Aires, y en ese sentido expres\u00f3 el \u201crecuerdo afectuoso del Gobierno a todos los familiares de las v\u00edctimas, y el compromiso de seguir buscando memoria, verdad y justicia\u201d.<\/p>\n","protected":false},"excerpt":{"rendered":"<p>La portavoz de Presidencia, Gabriela Cerruti, agradeci\u00f3 esta ma\u00f1ana el \u201cesfuerzo de las diferentes fuerzas pol\u00edticas\u201d que permitieron avanzar con el proyecto de ley de refinanciaci\u00f3n de deuda con el FMI en la C\u00e1mara de Diputados, y expres\u00f3 la expectativa del Gobierno nacional de que \u201clo mismo ocurra hoy en el Senado, con el compromiso de todos los legisladores y legisladoras que han encontrado la manera de llegar a los acuerdos necesarios para avanzar en un tema que tiene que ser una pol\u00edtica de Estado\u201d.<\/p>\n","protected":false},"author":2,"featured_media":36947,"comment_status":"open","ping_status":"open","sticky":false,"template":"","format":"standard","meta":{"om_disable_all_campaigns":false,"_monsterinsights_skip_tracking":false,"_monsterinsights_sitenote_active":false,"_monsterinsights_sitenote_note":"","_monsterinsights_sitenote_category":0,"_uf_show_specific_survey":0,"_uf_disable_surveys":false,"jetpack_post_was_ever_published":false,"_jetpack_newsletter_access":"","_jetpack_dont_email_post_to_subs":false,"_jetpack_newsletter_tier_id":0,"_jetpack_memberships_contains_paywalled_content":false,"_jetpack_memberships_contains_paid_content":false,"footnotes":"","jetpack_publicize_message":"","jetpack_publicize_feature_enabled":true,"jetpack_social_post_already_shared":false,"jetpack_social_options":{"image_generator_settings":{"template":"highway","default_image_id":0,"font":"","enabled":false},"version":2}},"categories":[18],"tags":[],"class_list":["post-36946","post","type-post","status-publish","format-standard","has-post-thumbnail","hentry","category-politica"],"aioseo_notices":[],"views":12,"jetpack_publicize_connections":[],"jetpack_featured_media_url":"https:\/\/i0.wp.com\/elterritorialweb.com.ar\/web\/wp-content\/uploads\/2022\/03\/gabriela1.jpg?fit=1940%2C1293","jetpack_sharing_enabled":true,"_links":{"self":[{"href":"http:\/\/elterritorialweb.com.ar\/web\/wp-json\/wp\/v2\/posts\/36946","targetHints":{"allow":["GET"]}}],"collection":[{"href":"http:\/\/elterritorialweb.com.ar\/web\/wp-json\/wp\/v2\/posts"}],"about":[{"href":"http:\/\/elterritorialweb.com.ar\/web\/wp-json\/wp\/v2\/types\/post"}],"author":[{"embeddable":true,"href":"http:\/\/elterritorialweb.com.ar\/web\/wp-json\/wp\/v2\/users\/2"}],"replies":[{"embeddable":true,"href":"http:\/\/elterritorialweb.com.ar\/web\/wp-json\/wp\/v2\/comments?post=36946"}],"version-history":[{"count":1,"href":"http:\/\/elterritorialweb.com.ar\/web\/wp-json\/wp\/v2\/posts\/36946\/revisions"}],"predecessor-version":[{"id":36948,"href":"http:\/\/elterritorialweb.com.ar\/web\/wp-json\/wp\/v2\/posts\/36946\/revisions\/36948"}],"wp:featuredmedia":[{"embeddable":true,"href":"http:\/\/elterritorialweb.com.ar\/web\/wp-json\/wp\/v2\/media\/36947"}],"wp:attachment":[{"href":"http:\/\/elterritorialweb.com.ar\/web\/wp-json\/wp\/v2\/media?parent=36946"}],"wp:term":[{"taxonomy":"category","embeddable":true,"href":"http:\/\/elterritorialweb.com.ar\/web\/wp-json\/wp\/v2\/categories?post=36946"},{"taxonomy":"post_tag","embeddable":true,"href":"http:\/\/elterritorialweb.com.ar\/web\/wp-json\/wp\/v2\/tags?post=36946"}],"curies":[{"name":"wp","href":"https:\/\/api.w.org\/{rel}","templated":true}]}}