{"id":37263,"date":"2022-03-22T18:42:24","date_gmt":"2022-03-22T18:42:24","guid":{"rendered":"http:\/\/elterritorialweb.com.ar\/web\/?p=37263"},"modified":"2022-03-22T18:42:25","modified_gmt":"2022-03-22T18:42:25","slug":"fernandez-sobre-el-problema-del-cambio-climatico-llamo-a-tomar-desiciones-rapidas","status":"publish","type":"post","link":"http:\/\/elterritorialweb.com.ar\/web\/fernandez-sobre-el-problema-del-cambio-climatico-llamo-a-tomar-desiciones-rapidas\/","title":{"rendered":"FERN\u00c1NDEZ SOBRE EL PROBLEMA DEL CAMBIO CLIM\u00c1TICO LLAM\u00d3 A \u00abTOMAR DESICIONES R\u00c1PIDAS\u00bb"},"content":{"rendered":"\n<p>El mandatario dijo en el Museo del Bicentenario de Casa Rosada que \u201cse produce una enorme injusticia\u201d por la que la Argentina paga en impacto \u201ccomo si fu\u00e9ramos contaminadores, y en verdad somos esencialmente un pa\u00eds que oxigena el ambiente\u201d y \u201cemite menos del 1 por ciento de los gases que producen el efecto invernadero\u201d.<\/p>\n\n\n\n<p>\u201cHemos visto los incendios en el Sur producto del calor y la sequ\u00eda, y c\u00f3mo recientemente el 10 por ciento de la provincia de Corrientes y una parte de Misiones quedaron afectadas por un incendio generado por una triple combinaci\u00f3n: altas temperaturas, una sequ\u00eda como pocas veces se ha visto, y la bajante de los r\u00edos Paran\u00e1 y Uruguay, que hoy tienen su nivel m\u00e1s bajo de agua en su historia\u201d, se\u00f1al\u00f3 el presidente.<\/p>\n\n\n\n<p>\u201cAhora, los grandes causantes del problema, que son adem\u00e1s parte de ese mundo central rico, \u00bfqu\u00e9 hacen para ayudarnos a nosotros a hacer los cambios que tenemos que hacer?\u201d, reflexion\u00f3 acompa\u00f1ado por el jefe de Gabinete, Juan Manzur; el ministro de Ambiente y Desarrollo Sostenible, Juan Cabandi\u00e9, y la secretaria de Cambio Clim\u00e1tico, Desarrollo Sostenible e Innovaci\u00f3n, Cecilia Nicolini.<\/p>\n\n\n\n<figure class=\"wp-block-image size-large\"><a href=\"https:\/\/i0.wp.com\/elterritorialweb.com.ar\/web\/wp-content\/uploads\/2022\/03\/cc1.jpg\"><img data-recalc-dims=\"1\" decoding=\"async\" width=\"640\" height=\"426\" data-src=\"https:\/\/i0.wp.com\/elterritorialweb.com.ar\/web\/wp-content\/uploads\/2022\/03\/cc1.jpg?resize=640%2C426\" alt=\"\" class=\"wp-image-37265 lazyload\" data-srcset=\"https:\/\/i0.wp.com\/elterritorialweb.com.ar\/web\/wp-content\/uploads\/2022\/03\/cc1.jpg?resize=1024%2C682 1024w, https:\/\/i0.wp.com\/elterritorialweb.com.ar\/web\/wp-content\/uploads\/2022\/03\/cc1.jpg?resize=300%2C200 300w, https:\/\/i0.wp.com\/elterritorialweb.com.ar\/web\/wp-content\/uploads\/2022\/03\/cc1.jpg?resize=768%2C512 768w, https:\/\/i0.wp.com\/elterritorialweb.com.ar\/web\/wp-content\/uploads\/2022\/03\/cc1.jpg?resize=1536%2C1024 1536w, https:\/\/i0.wp.com\/elterritorialweb.com.ar\/web\/wp-content\/uploads\/2022\/03\/cc1.jpg?w=1940 1940w, https:\/\/i0.wp.com\/elterritorialweb.com.ar\/web\/wp-content\/uploads\/2022\/03\/cc1.jpg?w=1280 1280w\" data-sizes=\"(max-width: 640px) 100vw, 640px\" src=\"data:image\/svg+xml;base64,PHN2ZyB3aWR0aD0iMSIgaGVpZ2h0PSIxIiB4bWxucz0iaHR0cDovL3d3dy53My5vcmcvMjAwMC9zdmciPjwvc3ZnPg==\" style=\"--smush-placeholder-width: 640px; --smush-placeholder-aspect-ratio: 640\/426;\" \/><\/a><\/figure>\n\n\n\n<p>Fern\u00e1ndez dijo que \u201ces una pelea que tenemos que dar los pa\u00edses latinoamericanos, que en su inmensa mayor\u00eda aportan mucho ox\u00edgeno al mundo\u201d, en la que es necesario \u201cexigir que haya un financiamiento blando para que podamos hacer el cambio\u201d en la matriz energ\u00e9tica \u201cal menor costo posible\u201d.<\/p>\n\n\n\n<p>El Presidente record\u00f3 que la Argentina propuso realizar un canje de deuda por acci\u00f3n ambiental ante los organismos multilaterales de cr\u00e9dito, el G20, en el Banco Mundial, y el BID, entre otros.<\/p>\n\n\n\n<p>\u201cEl problema ya lo tenemos, ya lo padecemos. Y por eso debemos tomar cartas en el asunto. Muchos gobernadores est\u00e1n haciendo lo correcto buscando energ\u00edas alternativas, y nosotros queremos ayudarlos en esa senda\u201d, dijo el jefe de Estado.<\/p>\n\n\n\n<p>Participaron de la actividad de manera presencial los gobernadores de Buenos Aires, Axel Kicillof; de Catamarca, Ra\u00fal Jalil; de Corrientes, Gustavo Vald\u00e9s; de Jujuy, Gerardo Morales; de La Pampa, Sergio Ziliotto; de Misiones, Oscar Herrera Ahuad; y de San Luis, Alberto Rodr\u00edguez Sa\u00e1; los vicegobernadores de Santa Cruz, Eugenio Quiroga, y de Tucum\u00e1n, Sergio Mansilla.<\/p>\n\n\n\n<p>En tanto, siguieron la actividad de manera virtual los mandatarios de Mendoza, Rodolfo Su\u00e1rez; de Santa Fe, Omar Perotti, y de Santiago del Estero, Gerardo Zamora, y el vicegobernador de Formosa, Eber Wilson Solis.<\/p>\n\n\n\n<p>El jefe de Estado explic\u00f3 que \u201ctenemos que aprovechar el gas de Vaca Muerta para que sea la energ\u00eda de transici\u00f3n que nos permita no quemar tanto combustible f\u00f3sil e ir hacia las energ\u00edas renovables\u201d.<\/p>\n\n\n\n<figure class=\"wp-block-image size-large\"><a href=\"https:\/\/i0.wp.com\/elterritorialweb.com.ar\/web\/wp-content\/uploads\/2022\/03\/cc3.jpg\"><img data-recalc-dims=\"1\" decoding=\"async\" width=\"640\" height=\"427\" data-src=\"https:\/\/i0.wp.com\/elterritorialweb.com.ar\/web\/wp-content\/uploads\/2022\/03\/cc3.jpg?resize=640%2C427\" alt=\"\" class=\"wp-image-37267 lazyload\" data-srcset=\"https:\/\/i0.wp.com\/elterritorialweb.com.ar\/web\/wp-content\/uploads\/2022\/03\/cc3.jpg?resize=1024%2C683 1024w, https:\/\/i0.wp.com\/elterritorialweb.com.ar\/web\/wp-content\/uploads\/2022\/03\/cc3.jpg?resize=300%2C200 300w, https:\/\/i0.wp.com\/elterritorialweb.com.ar\/web\/wp-content\/uploads\/2022\/03\/cc3.jpg?resize=768%2C512 768w, https:\/\/i0.wp.com\/elterritorialweb.com.ar\/web\/wp-content\/uploads\/2022\/03\/cc3.jpg?resize=1536%2C1025 1536w, https:\/\/i0.wp.com\/elterritorialweb.com.ar\/web\/wp-content\/uploads\/2022\/03\/cc3.jpg?w=1940 1940w, https:\/\/i0.wp.com\/elterritorialweb.com.ar\/web\/wp-content\/uploads\/2022\/03\/cc3.jpg?w=1280 1280w\" data-sizes=\"(max-width: 640px) 100vw, 640px\" src=\"data:image\/svg+xml;base64,PHN2ZyB3aWR0aD0iMSIgaGVpZ2h0PSIxIiB4bWxucz0iaHR0cDovL3d3dy53My5vcmcvMjAwMC9zdmciPjwvc3ZnPg==\" style=\"--smush-placeholder-width: 640px; --smush-placeholder-aspect-ratio: 640\/427;\" \/><\/a><\/figure>\n\n\n\n<p>Adem\u00e1s, se\u00f1al\u00f3 \u201cla alternativa del litio en el norte argentino\u201d y la posibilidad de \u201cacumular la energ\u00eda solar en bater\u00edas para que eso sirva para iluminar pueblos\u201d.<\/p>\n\n\n\n<p>\u201cDebemos hacerlo porque la situaci\u00f3n es mucho m\u00e1s que preocupante, y la tragedia est\u00e1 a un paso\u201d, insisti\u00f3 el Presidente.<\/p>\n\n\n\n<p>Previamente, el jefe de Gabinete, Juan Manzur, indic\u00f3 que \u201ccuando uno habla de estas problem\u00e1ticas tenemos que entender que la mayor\u00eda de las veces golpea a los sectores sociales vulnerables, a la gente m\u00e1s pobre y esto es el gran esfuerzo que nosotros tenemos que hacer como gobierno\u201d.<\/p>\n\n\n\n<p>Por su parte, el ministro Cabandi\u00e9 asegur\u00f3 que \u201clos problemas ambientales que se suscitan hoy en d\u00eda tienen que ser atendidos con much\u00edsima responsabilidad porque la agenda ambiental es parte de la agenda productiva y econ\u00f3mica, no es solamente una agenda ambiental o clim\u00e1tica\u201d.<\/p>\n\n\n\n<p>En tanto, la secretaria Nicolini valor\u00f3 la presencia del Jefe de Estado en el encuentro de hoy y detall\u00f3 que los dos proyectos fundamentales que se trabajar\u00e1n desde la cartera nacional \u201cson el Plan Nacional de Adaptaci\u00f3n y Mitigaci\u00f3n al Cambio Clim\u00e1tico y la Estrategia de Desarrollo Resiliente con bajas emisiones o tambi\u00e9n conocida como la Estrategia de la Carbononeutralidad para el 2050\u201d.<\/p>\n\n\n\n<p>Participaron de la reuni\u00f3n la portavoz de la Presidencia, Gabriela Cerruti; el secretario de Asuntos Estrat\u00e9gicos, Gustavo Beliz; la ministra Elizabeth G\u00f3mez Alcorta (Mujeres, G\u00e9neros y Diversidad); y los ministros Santiago Cafiero (Relaciones Exteriores, Comercio Internacional y Culto); Eduardo de Pedro (Interior); Juli\u00e1n Dom\u00ednguez (Agricultura, Ganader\u00eda y Pesca); Claudio Moroni, (Trabajo, Empleo y Seguridad Social); Trist\u00e1n Bauer (Cultura); Jorge Taiana (Defensa); Mart\u00edn Soria (Justicia y Derechos Humanos); Juan Zabaleta (Desarrollo Social); An\u00edbal Fern\u00e1ndez (Seguridad) y Mat\u00edas Lammens (Turismo y Deportes).<\/p>\n\n\n\n<figure class=\"wp-block-image size-large\"><a href=\"https:\/\/i0.wp.com\/elterritorialweb.com.ar\/web\/wp-content\/uploads\/2022\/03\/cc4.jpg\"><img data-recalc-dims=\"1\" decoding=\"async\" width=\"640\" height=\"426\" data-src=\"https:\/\/i0.wp.com\/elterritorialweb.com.ar\/web\/wp-content\/uploads\/2022\/03\/cc4.jpg?resize=640%2C426\" alt=\"\" class=\"wp-image-37266 lazyload\" data-srcset=\"https:\/\/i0.wp.com\/elterritorialweb.com.ar\/web\/wp-content\/uploads\/2022\/03\/cc4.jpg?resize=1024%2C682 1024w, https:\/\/i0.wp.com\/elterritorialweb.com.ar\/web\/wp-content\/uploads\/2022\/03\/cc4.jpg?resize=300%2C200 300w, https:\/\/i0.wp.com\/elterritorialweb.com.ar\/web\/wp-content\/uploads\/2022\/03\/cc4.jpg?resize=768%2C512 768w, https:\/\/i0.wp.com\/elterritorialweb.com.ar\/web\/wp-content\/uploads\/2022\/03\/cc4.jpg?resize=1536%2C1024 1536w, https:\/\/i0.wp.com\/elterritorialweb.com.ar\/web\/wp-content\/uploads\/2022\/03\/cc4.jpg?w=1940 1940w, https:\/\/i0.wp.com\/elterritorialweb.com.ar\/web\/wp-content\/uploads\/2022\/03\/cc4.jpg?w=1280 1280w\" data-sizes=\"(max-width: 640px) 100vw, 640px\" src=\"data:image\/svg+xml;base64,PHN2ZyB3aWR0aD0iMSIgaGVpZ2h0PSIxIiB4bWxucz0iaHR0cDovL3d3dy53My5vcmcvMjAwMC9zdmciPjwvc3ZnPg==\" style=\"--smush-placeholder-width: 640px; --smush-placeholder-aspect-ratio: 640\/426;\" \/><\/a><\/figure>\n\n\n\n<p>Tambi\u00e9n asistieron el vicejefe de Gabinete de la Naci\u00f3n, Jorge Neme; los secretarios de Pol\u00edtica Econ\u00f3mica, Fernando Morra, y de Energ\u00eda, Dar\u00edo Mart\u00ednez; la jefa de Gabinete del Ministerio de Salud, Sonia Tarragona; la secretaria de Miner\u00eda, Mar\u00eda Fernanda \u00c1vila y el titular de la Unidad de Gabinete de Asesores de Desarrollo Productivo, Alejandro Sehtman.<\/p>\n","protected":false},"excerpt":{"rendered":"<p>El presidente Alberto Fern\u00e1ndez asegur\u00f3 al encabezar la primera reuni\u00f3n del Gabinete Nacional de Cambio Clim\u00e1tico que se trata de \u201cun problema que ya ha llegado, que ya nos lastima y que por lo tanto exige tomar decisiones r\u00e1pidas\u201d<\/p>\n","protected":false},"author":2,"featured_media":37264,"comment_status":"open","ping_status":"open","sticky":false,"template":"","format":"standard","meta":{"om_disable_all_campaigns":false,"_monsterinsights_skip_tracking":false,"_monsterinsights_sitenote_active":false,"_monsterinsights_sitenote_note":"","_monsterinsights_sitenote_category":0,"_uf_show_specific_survey":0,"_uf_disable_surveys":false,"jetpack_post_was_ever_published":false,"_jetpack_newsletter_access":"","_jetpack_dont_email_post_to_subs":false,"_jetpack_newsletter_tier_id":0,"_jetpack_memberships_contains_paywalled_content":false,"_jetpack_memberships_contains_paid_content":false,"footnotes":"","jetpack_publicize_message":"","jetpack_publicize_feature_enabled":true,"jetpack_social_post_already_shared":false,"jetpack_social_options":{"image_generator_settings":{"template":"highway","default_image_id":0,"font":"","enabled":false},"version":2}},"categories":[18],"tags":[],"class_list":["post-37263","post","type-post","status-publish","format-standard","has-post-thumbnail","hentry","category-politica"],"aioseo_notices":[],"views":6,"jetpack_publicize_connections":[],"jetpack_featured_media_url":"https:\/\/i0.wp.com\/elterritorialweb.com.ar\/web\/wp-content\/uploads\/2022\/03\/cc2.jpg?fit=1940%2C1293","jetpack_sharing_enabled":true,"_links":{"self":[{"href":"http:\/\/elterritorialweb.com.ar\/web\/wp-json\/wp\/v2\/posts\/37263","targetHints":{"allow":["GET"]}}],"collection":[{"href":"http:\/\/elterritorialweb.com.ar\/web\/wp-json\/wp\/v2\/posts"}],"about":[{"href":"http:\/\/elterritorialweb.com.ar\/web\/wp-json\/wp\/v2\/types\/post"}],"author":[{"embeddable":true,"href":"http:\/\/elterritorialweb.com.ar\/web\/wp-json\/wp\/v2\/users\/2"}],"replies":[{"embeddable":true,"href":"http:\/\/elterritorialweb.com.ar\/web\/wp-json\/wp\/v2\/comments?post=37263"}],"version-history":[{"count":1,"href":"http:\/\/elterritorialweb.com.ar\/web\/wp-json\/wp\/v2\/posts\/37263\/revisions"}],"predecessor-version":[{"id":37268,"href":"http:\/\/elterritorialweb.com.ar\/web\/wp-json\/wp\/v2\/posts\/37263\/revisions\/37268"}],"wp:featuredmedia":[{"embeddable":true,"href":"http:\/\/elterritorialweb.com.ar\/web\/wp-json\/wp\/v2\/media\/37264"}],"wp:attachment":[{"href":"http:\/\/elterritorialweb.com.ar\/web\/wp-json\/wp\/v2\/media?parent=37263"}],"wp:term":[{"taxonomy":"category","embeddable":true,"href":"http:\/\/elterritorialweb.com.ar\/web\/wp-json\/wp\/v2\/categories?post=37263"},{"taxonomy":"post_tag","embeddable":true,"href":"http:\/\/elterritorialweb.com.ar\/web\/wp-json\/wp\/v2\/tags?post=37263"}],"curies":[{"name":"wp","href":"https:\/\/api.w.org\/{rel}","templated":true}]}}