{"id":37270,"date":"2022-03-22T23:26:08","date_gmt":"2022-03-22T23:26:08","guid":{"rendered":"http:\/\/elterritorialweb.com.ar\/web\/?p=37270"},"modified":"2022-03-22T23:28:02","modified_gmt":"2022-03-22T23:28:02","slug":"brasil-exitosa-presentacion-de-vuelos-directos-de-curitiba-a-buenos-aires","status":"publish","type":"post","link":"http:\/\/elterritorialweb.com.ar\/web\/brasil-exitosa-presentacion-de-vuelos-directos-de-curitiba-a-buenos-aires\/","title":{"rendered":"BRASIL: EXITOSA PRESENTACI\u00d3N DE VUELOS DIRECTOS DE CURITIBA A BUENOS AIRES"},"content":{"rendered":"\n<p>La presentaci\u00f3n oficial que se realiz\u00f3 en Curitiba durante la ma\u00f1ana de este martes, estuvo liderada por el Secretario Ejecutivo del INPROTUR,&nbsp;<strong>Ricardo Sosa<\/strong>; el Director Comercial de Aerol\u00edneas Argentinas,&nbsp;<strong>Fabi\u00e1n Lombardo<\/strong>; el C\u00f3nsul Argentino en Curitiba,&nbsp;<strong>Eduardo Leone<\/strong>, y el Gerente Comercial de Aerol\u00edneas Argentinas en Brasil,&nbsp;<strong>Iv\u00e1n Blanco Cadahia<\/strong>. Adem\u00e1s la delegaci\u00f3n argentina estuvo compuesta por los operadores&nbsp;<strong>AMV Travel Argentina, Conextur, Moebius, Terra Travel Service y Viva Terra, el restaurante Puerto Cristal y los destinos Ushuaia y Ministerio de Turismo de Misiones<\/strong>.&nbsp;<br>&nbsp;<br><em>\u201cHace un mes estuvimos en Curibita presentando uno de los grandes eventos deportivos mundiales en Argentina, y ahora vinimos con m\u00e1s noticias positivas: los nuevos vuelos directos de Aerolineas Argentinas desde abril. Curitiba es muy importante en materia aerocomercial, ya que antes de la pandemia era la tercera ciudad de Brasil con mayor flujo de turistas que visitaban nuestro pa\u00eds. Por eso ratificamos nuestra visi\u00f3n estrat\u00e9gica sobre Brasil, ya que desde la reapertura de las fronteras ingresaron m\u00e1s de 200 mil turistas brasile\u00f1os y estos vuelos siguen sumando opciones para viajar hacia Argentina\u201d<\/em>, asegur\u00f3 el Secretario Ejecutivo del INPROTUR,&nbsp;<strong>Ricardo&nbsp;Sosa<\/strong>.&nbsp;<br>&nbsp;<br><strong>El vuelo entre Curitiba y Buenos Aires tendr\u00e1 desde el 4 de abril 4 frecuencias semanales<\/strong>&nbsp;con salidas desde la ciudad brasile\u00f1a al Aeroparque Jorge Newbery de la capital argentina los&nbsp;<strong>domingos y los jueves a las 9 de la ma\u00f1ana<\/strong>&nbsp;(de Buenos Aires saldr\u00e1 a las 05.30) y&nbsp;<strong>los lunes y viernes a las 18.35<\/strong>&nbsp;(de Buenos Aires saldr\u00e1 a las 15,15). Ser\u00e1 operado por un avi\u00f3n B 737-700 para 128 pasajeros.<\/p>\n\n\n\n<p>En la presentaci\u00f3n, el Director Comercial de Aerol\u00edneas Argentinas,\u00a0<strong>Fabi\u00e1n Lombardo<\/strong>, brind\u00f3 detalles de la conectividad de la aerol\u00ednea con Curitiba, traz\u00f3 un panorama de la conectividad con Brasil, adelant\u00f3 que\u00a0<em>\u201ccon estos nuevos vuelos a partir de abril se estar\u00e1 recuperando casi el 50% de las frecuencias de la prepandemia con ese pa\u00eds y desde julio, con los vuelos a Bariloche, Salta y el incremento de frecuencias con San Pablo, estaremos recuperando m\u00e1s del 70% de frecuencias de la Prepandemia\u201d<\/em>.\u00a0<\/p>\n\n\n\n<figure class=\"wp-block-image size-full\"><a href=\"https:\/\/i0.wp.com\/elterritorialweb.com.ar\/web\/wp-content\/uploads\/2022\/03\/unnamed-1-13-768x311-1.jpg\"><img data-recalc-dims=\"1\" decoding=\"async\" width=\"640\" height=\"259\" data-src=\"https:\/\/i0.wp.com\/elterritorialweb.com.ar\/web\/wp-content\/uploads\/2022\/03\/unnamed-1-13-768x311-1.jpg?resize=640%2C259\" alt=\"\" class=\"wp-image-37274 lazyload\" data-srcset=\"https:\/\/i0.wp.com\/elterritorialweb.com.ar\/web\/wp-content\/uploads\/2022\/03\/unnamed-1-13-768x311-1.jpg?w=768 768w, https:\/\/i0.wp.com\/elterritorialweb.com.ar\/web\/wp-content\/uploads\/2022\/03\/unnamed-1-13-768x311-1.jpg?resize=300%2C121 300w\" data-sizes=\"(max-width: 640px) 100vw, 640px\" src=\"data:image\/svg+xml;base64,PHN2ZyB3aWR0aD0iMSIgaGVpZ2h0PSIxIiB4bWxucz0iaHR0cDovL3d3dy53My5vcmcvMjAwMC9zdmciPjwvc3ZnPg==\" style=\"--smush-placeholder-width: 640px; --smush-placeholder-aspect-ratio: 640\/259;\" \/><\/a><\/figure>\n\n\n\n<p>Posteriormente se realiz\u00f3 una capacitaci\u00f3n de las 6 regiones del pa\u00eds y finaliz\u00f3 la jornada con una ronda de negocios entre los operadores argentinos presentes en el evento y los empresarios brasile\u00f1os que asistieron a obtener informaci\u00f3n y general acuerdos comerciales.\u00a0<br>\u00a0<br>Es importante mencionar que s\u00f3lo en el estado de Paran\u00e1 viven alrededor de 11 millones de personas y en Curitiba m\u00e1s de dos. Y si se suman los estados de Santa Catarina y R\u00edo Grande do Sul, el n\u00famero asciende a\u00a0<strong>30 millones de habitantes<\/strong>\u00a0en los tres estados del sur de Brasil. Por esta raz\u00f3n, recuperar estas conexiones significa un importante avance para captar un populoso territorio dentro del gran mercado general de Brasil.\u00a0<\/p>\n","protected":false},"excerpt":{"rendered":"<p>Ante m\u00e1s de 60 operadores y agentes de viajes brasile\u00f1os, el INPROTUR, junto a Aerol\u00edneas Argentinas y una delegaci\u00f3n de empresarios y destinos, present\u00f3 exitosamente los nuevos vuelos directos entre Curitiba y Buenos Aires que se iniciar\u00e1n a partir del 4 de abril. Adem\u00e1s se realiz\u00f3 una capacitaci\u00f3n sobre el pa\u00eds y un encuentro comercial entre empresarios argentinos y de Brasil. <\/p>\n","protected":false},"author":2,"featured_media":37273,"comment_status":"open","ping_status":"open","sticky":false,"template":"","format":"standard","meta":{"om_disable_all_campaigns":false,"_monsterinsights_skip_tracking":false,"_monsterinsights_sitenote_active":false,"_monsterinsights_sitenote_note":"","_monsterinsights_sitenote_category":0,"_uf_show_specific_survey":0,"_uf_disable_surveys":false,"jetpack_post_was_ever_published":false,"_jetpack_newsletter_access":"","_jetpack_dont_email_post_to_subs":false,"_jetpack_newsletter_tier_id":0,"_jetpack_memberships_contains_paywalled_content":false,"_jetpack_memberships_contains_paid_content":false,"footnotes":"","jetpack_publicize_message":"","jetpack_publicize_feature_enabled":true,"jetpack_social_post_already_shared":false,"jetpack_social_options":{"image_generator_settings":{"template":"highway","default_image_id":0,"font":"","enabled":false},"version":2}},"categories":[29],"tags":[],"class_list":["post-37270","post","type-post","status-publish","format-standard","has-post-thumbnail","hentry","category-turismo"],"aioseo_notices":[],"views":5,"jetpack_publicize_connections":[],"jetpack_featured_media_url":"https:\/\/i0.wp.com\/elterritorialweb.com.ar\/web\/wp-content\/uploads\/2022\/03\/unnamed-31.jpg?fit=959%2C427","jetpack_sharing_enabled":true,"_links":{"self":[{"href":"http:\/\/elterritorialweb.com.ar\/web\/wp-json\/wp\/v2\/posts\/37270","targetHints":{"allow":["GET"]}}],"collection":[{"href":"http:\/\/elterritorialweb.com.ar\/web\/wp-json\/wp\/v2\/posts"}],"about":[{"href":"http:\/\/elterritorialweb.com.ar\/web\/wp-json\/wp\/v2\/types\/post"}],"author":[{"embeddable":true,"href":"http:\/\/elterritorialweb.com.ar\/web\/wp-json\/wp\/v2\/users\/2"}],"replies":[{"embeddable":true,"href":"http:\/\/elterritorialweb.com.ar\/web\/wp-json\/wp\/v2\/comments?post=37270"}],"version-history":[{"count":2,"href":"http:\/\/elterritorialweb.com.ar\/web\/wp-json\/wp\/v2\/posts\/37270\/revisions"}],"predecessor-version":[{"id":37277,"href":"http:\/\/elterritorialweb.com.ar\/web\/wp-json\/wp\/v2\/posts\/37270\/revisions\/37277"}],"wp:featuredmedia":[{"embeddable":true,"href":"http:\/\/elterritorialweb.com.ar\/web\/wp-json\/wp\/v2\/media\/37273"}],"wp:attachment":[{"href":"http:\/\/elterritorialweb.com.ar\/web\/wp-json\/wp\/v2\/media?parent=37270"}],"wp:term":[{"taxonomy":"category","embeddable":true,"href":"http:\/\/elterritorialweb.com.ar\/web\/wp-json\/wp\/v2\/categories?post=37270"},{"taxonomy":"post_tag","embeddable":true,"href":"http:\/\/elterritorialweb.com.ar\/web\/wp-json\/wp\/v2\/tags?post=37270"}],"curies":[{"name":"wp","href":"https:\/\/api.w.org\/{rel}","templated":true}]}}