{"id":37281,"date":"2022-03-23T01:55:17","date_gmt":"2022-03-23T01:55:17","guid":{"rendered":"http:\/\/elterritorialweb.com.ar\/web\/?p=37281"},"modified":"2022-03-23T01:55:17","modified_gmt":"2022-03-23T01:55:17","slug":"en-el-dia-del-agua-zamora-hizo-un-fuerte-llamado-a-cuidar-el-vital-recurso","status":"publish","type":"post","link":"http:\/\/elterritorialweb.com.ar\/web\/en-el-dia-del-agua-zamora-hizo-un-fuerte-llamado-a-cuidar-el-vital-recurso\/","title":{"rendered":"EN EL DIA DEL AGUA, ZAMORA HIZO UN FUERTE LLAMADO A CUIDAR EL VITAL RECURSO"},"content":{"rendered":"\n<p>La ceremonia se desarroll\u00f3 en el F\u00f3rum, con la presencia del vicegobernador Carlos Silva Neder; miembros de la Asociaci\u00f3n Federal de Entes Reguladores de Agua y Saneamiento (Aferas) encabezado por su presidente, el Ing. Oscar Pinto. Tambi\u00e9n estuvo el titular del Ersac de Santiago del Estero, CPN Juan Domingo Roitman, ministros e intendentes, entre otros funcionarios.<\/p>\n\n\n\n<figure class=\"wp-block-image size-full\"><a href=\"https:\/\/i0.wp.com\/elterritorialweb.com.ar\/web\/wp-content\/uploads\/2022\/03\/zamora-dia-del-agua-1.jpg\"><img data-recalc-dims=\"1\" decoding=\"async\" width=\"640\" height=\"427\" data-src=\"https:\/\/i0.wp.com\/elterritorialweb.com.ar\/web\/wp-content\/uploads\/2022\/03\/zamora-dia-del-agua-1.jpg?resize=640%2C427\" alt=\"\" class=\"wp-image-37283 lazyload\" data-srcset=\"https:\/\/i0.wp.com\/elterritorialweb.com.ar\/web\/wp-content\/uploads\/2022\/03\/zamora-dia-del-agua-1.jpg?w=960 960w, https:\/\/i0.wp.com\/elterritorialweb.com.ar\/web\/wp-content\/uploads\/2022\/03\/zamora-dia-del-agua-1.jpg?resize=300%2C200 300w, https:\/\/i0.wp.com\/elterritorialweb.com.ar\/web\/wp-content\/uploads\/2022\/03\/zamora-dia-del-agua-1.jpg?resize=768%2C513 768w\" data-sizes=\"(max-width: 640px) 100vw, 640px\" src=\"data:image\/svg+xml;base64,PHN2ZyB3aWR0aD0iMSIgaGVpZ2h0PSIxIiB4bWxucz0iaHR0cDovL3d3dy53My5vcmcvMjAwMC9zdmciPjwvc3ZnPg==\" style=\"--smush-placeholder-width: 640px; --smush-placeholder-aspect-ratio: 640\/427;\" \/><\/a><\/figure>\n\n\n\n<p>En su discurso, el mandatario provincial consider\u00f3 que este deb\u00eda debe ser un momento para la reflexi\u00f3n y para ratificar el rol del Estado, \u201cque debe garantizar el uso responsable del agua como bien p\u00fablico\u201d y generar pol\u00edticas a futuro que permitan el manejo adecuado pensando en las futuras generaciones. \u201cEl agua debe ser la prioridad m\u00e1s importante que debemos tener los estados, pero tambi\u00e9n toda la sociedad\u201d, expres\u00f3. <\/p>\n\n\n\n<figure class=\"wp-block-image size-full\"><a href=\"https:\/\/i0.wp.com\/elterritorialweb.com.ar\/web\/wp-content\/uploads\/2022\/03\/zamora-dia-del-agua-2.jpg\"><img data-recalc-dims=\"1\" decoding=\"async\" width=\"640\" height=\"427\" data-src=\"https:\/\/i0.wp.com\/elterritorialweb.com.ar\/web\/wp-content\/uploads\/2022\/03\/zamora-dia-del-agua-2.jpg?resize=640%2C427\" alt=\"\" class=\"wp-image-37284 lazyload\" data-srcset=\"https:\/\/i0.wp.com\/elterritorialweb.com.ar\/web\/wp-content\/uploads\/2022\/03\/zamora-dia-del-agua-2.jpg?w=960 960w, https:\/\/i0.wp.com\/elterritorialweb.com.ar\/web\/wp-content\/uploads\/2022\/03\/zamora-dia-del-agua-2.jpg?resize=300%2C200 300w, https:\/\/i0.wp.com\/elterritorialweb.com.ar\/web\/wp-content\/uploads\/2022\/03\/zamora-dia-del-agua-2.jpg?resize=768%2C513 768w\" data-sizes=\"(max-width: 640px) 100vw, 640px\" src=\"data:image\/svg+xml;base64,PHN2ZyB3aWR0aD0iMSIgaGVpZ2h0PSIxIiB4bWxucz0iaHR0cDovL3d3dy53My5vcmcvMjAwMC9zdmciPjwvc3ZnPg==\" style=\"--smush-placeholder-width: 640px; --smush-placeholder-aspect-ratio: 640\/427;\" \/><\/a><\/figure>\n\n\n\n<p>Zamora hizo un repaso del plan de obras que lleva adelante desde su primer gobierno, entre las que destac\u00f3 la construcci\u00f3n del Dique Figueroa; las obras en el Canal de Dios y otras que est\u00e1n en proceso, como el Canal de la Patria. Adem\u00e1s de una red de acueductos y plantas potabilizadoras distribuidas en gran parte de la geograf\u00eda santiague\u00f1a para llevar este recurso hasta las poblaciones m\u00e1s apartadas.<\/p>\n\n\n\n<figure class=\"wp-block-image size-full\"><a href=\"https:\/\/i0.wp.com\/elterritorialweb.com.ar\/web\/wp-content\/uploads\/2022\/03\/zamora-dia-del-agua-3.jpg\"><img data-recalc-dims=\"1\" decoding=\"async\" width=\"640\" height=\"427\" data-src=\"https:\/\/i0.wp.com\/elterritorialweb.com.ar\/web\/wp-content\/uploads\/2022\/03\/zamora-dia-del-agua-3.jpg?resize=640%2C427\" alt=\"\" class=\"wp-image-37285 lazyload\" data-srcset=\"https:\/\/i0.wp.com\/elterritorialweb.com.ar\/web\/wp-content\/uploads\/2022\/03\/zamora-dia-del-agua-3.jpg?w=960 960w, https:\/\/i0.wp.com\/elterritorialweb.com.ar\/web\/wp-content\/uploads\/2022\/03\/zamora-dia-del-agua-3.jpg?resize=300%2C200 300w, https:\/\/i0.wp.com\/elterritorialweb.com.ar\/web\/wp-content\/uploads\/2022\/03\/zamora-dia-del-agua-3.jpg?resize=768%2C513 768w\" data-sizes=\"(max-width: 640px) 100vw, 640px\" src=\"data:image\/svg+xml;base64,PHN2ZyB3aWR0aD0iMSIgaGVpZ2h0PSIxIiB4bWxucz0iaHR0cDovL3d3dy53My5vcmcvMjAwMC9zdmciPjwvc3ZnPg==\" style=\"--smush-placeholder-width: 640px; --smush-placeholder-aspect-ratio: 640\/427;\" \/><\/a><\/figure>\n\n\n\n<p>En ese marco adelant\u00f3 que se encuentra avanzado un anteproyecto para mejorar la provisi\u00f3n de agua potable para los habitantes de ciudad Capital.<\/p>\n\n\n\n<p>A su turno, el presidente de Aferas resalt\u00f3 el lugar destacado que el Gobierno de Santiago del Estero le da al manejo del agua como elemento indispensable para la vida y el desarrollo de todas las comunidades.<\/p>\n\n\n\n<figure class=\"wp-block-image size-full\"><a href=\"https:\/\/i0.wp.com\/elterritorialweb.com.ar\/web\/wp-content\/uploads\/2022\/03\/zamora-dia-del-agua-4.jpg\"><img data-recalc-dims=\"1\" decoding=\"async\" width=\"640\" height=\"427\" data-src=\"https:\/\/i0.wp.com\/elterritorialweb.com.ar\/web\/wp-content\/uploads\/2022\/03\/zamora-dia-del-agua-4.jpg?resize=640%2C427\" alt=\"\" class=\"wp-image-37286 lazyload\" data-srcset=\"https:\/\/i0.wp.com\/elterritorialweb.com.ar\/web\/wp-content\/uploads\/2022\/03\/zamora-dia-del-agua-4.jpg?w=960 960w, https:\/\/i0.wp.com\/elterritorialweb.com.ar\/web\/wp-content\/uploads\/2022\/03\/zamora-dia-del-agua-4.jpg?resize=300%2C200 300w, https:\/\/i0.wp.com\/elterritorialweb.com.ar\/web\/wp-content\/uploads\/2022\/03\/zamora-dia-del-agua-4.jpg?resize=768%2C513 768w\" data-sizes=\"(max-width: 640px) 100vw, 640px\" src=\"data:image\/svg+xml;base64,PHN2ZyB3aWR0aD0iMSIgaGVpZ2h0PSIxIiB4bWxucz0iaHR0cDovL3d3dy53My5vcmcvMjAwMC9zdmciPjwvc3ZnPg==\" style=\"--smush-placeholder-width: 640px; --smush-placeholder-aspect-ratio: 640\/427;\" \/><\/a><\/figure>\n\n\n\n<p>Tambi\u00e9n comparti\u00f3 el mensaje del gobernador sobre la necesidad de cuidar el medioambiente, las consecuencias del cambio clim\u00e1tico y reforzar la idea de darle un uso responsable al agua, especialmente en las nuevas generaciones.<\/p>\n","protected":false},"excerpt":{"rendered":"<p>El gobernador Gerardo Zamora encabez\u00f3 este martes por la ma\u00f1ana el acto central por el D\u00eda Mundial del Agua, donde ratific\u00f3 la decisi\u00f3n pol\u00edtica del Gobierno de Santiago del Estero que pone a este recurso como una de sus prioridades. Tambi\u00e9n llam\u00f3 a la sociedad toda a hacer un uso responsable.<\/p>\n","protected":false},"author":2,"featured_media":37282,"comment_status":"open","ping_status":"open","sticky":false,"template":"","format":"standard","meta":{"om_disable_all_campaigns":false,"_monsterinsights_skip_tracking":false,"_monsterinsights_sitenote_active":false,"_monsterinsights_sitenote_note":"","_monsterinsights_sitenote_category":0,"_uf_show_specific_survey":0,"_uf_disable_surveys":false,"jetpack_post_was_ever_published":false,"_jetpack_newsletter_access":"","_jetpack_dont_email_post_to_subs":false,"_jetpack_newsletter_tier_id":0,"_jetpack_memberships_contains_paywalled_content":false,"_jetpack_memberships_contains_paid_content":false,"footnotes":"","jetpack_publicize_message":"","jetpack_publicize_feature_enabled":true,"jetpack_social_post_already_shared":false,"jetpack_social_options":{"image_generator_settings":{"template":"highway","default_image_id":0,"font":"","enabled":false},"version":2}},"categories":[21],"tags":[],"class_list":["post-37281","post","type-post","status-publish","format-standard","has-post-thumbnail","hentry","category-locales"],"aioseo_notices":[],"views":7,"jetpack_publicize_connections":[],"jetpack_featured_media_url":"https:\/\/i0.wp.com\/elterritorialweb.com.ar\/web\/wp-content\/uploads\/2022\/03\/zamora-dia-del-agua.jpg?fit=960%2C641","jetpack_sharing_enabled":true,"_links":{"self":[{"href":"http:\/\/elterritorialweb.com.ar\/web\/wp-json\/wp\/v2\/posts\/37281","targetHints":{"allow":["GET"]}}],"collection":[{"href":"http:\/\/elterritorialweb.com.ar\/web\/wp-json\/wp\/v2\/posts"}],"about":[{"href":"http:\/\/elterritorialweb.com.ar\/web\/wp-json\/wp\/v2\/types\/post"}],"author":[{"embeddable":true,"href":"http:\/\/elterritorialweb.com.ar\/web\/wp-json\/wp\/v2\/users\/2"}],"replies":[{"embeddable":true,"href":"http:\/\/elterritorialweb.com.ar\/web\/wp-json\/wp\/v2\/comments?post=37281"}],"version-history":[{"count":1,"href":"http:\/\/elterritorialweb.com.ar\/web\/wp-json\/wp\/v2\/posts\/37281\/revisions"}],"predecessor-version":[{"id":37287,"href":"http:\/\/elterritorialweb.com.ar\/web\/wp-json\/wp\/v2\/posts\/37281\/revisions\/37287"}],"wp:featuredmedia":[{"embeddable":true,"href":"http:\/\/elterritorialweb.com.ar\/web\/wp-json\/wp\/v2\/media\/37282"}],"wp:attachment":[{"href":"http:\/\/elterritorialweb.com.ar\/web\/wp-json\/wp\/v2\/media?parent=37281"}],"wp:term":[{"taxonomy":"category","embeddable":true,"href":"http:\/\/elterritorialweb.com.ar\/web\/wp-json\/wp\/v2\/categories?post=37281"},{"taxonomy":"post_tag","embeddable":true,"href":"http:\/\/elterritorialweb.com.ar\/web\/wp-json\/wp\/v2\/tags?post=37281"}],"curies":[{"name":"wp","href":"https:\/\/api.w.org\/{rel}","templated":true}]}}