{"id":37297,"date":"2022-03-23T02:21:13","date_gmt":"2022-03-23T02:21:13","guid":{"rendered":"http:\/\/elterritorialweb.com.ar\/web\/?p=37297"},"modified":"2022-03-23T02:21:14","modified_gmt":"2022-03-23T02:21:14","slug":"guy-gerber-icono-de-la-musica-electronica-se-presentara-en-el-moto-gp","status":"publish","type":"post","link":"http:\/\/elterritorialweb.com.ar\/web\/guy-gerber-icono-de-la-musica-electronica-se-presentara-en-el-moto-gp\/","title":{"rendered":"GUY GERBER, ICONO DE LA MUSICA ELECTR\u00d3NICA SE PRESENTAR\u00c1 EN EL MOTO GP"},"content":{"rendered":"\n<p>El show estar\u00e1 abierto a todo el p\u00fablico en forma libre y gratuita. El acceso ser\u00e1 por puerta 8 y habr\u00e1 colectivos de transporte urbano sin cargo desde el centro de Termas. En el atardecer del s\u00e1bado 2 de abril, al finalizar el segundo d\u00eda de actividad del MotoGP en Termas de R\u00edo Hondo, una fiesta de nivel internacional concentrar\u00e1 la atenci\u00f3n en el predio del MotoGP FanZone con los artistas Guy Gerber y Apache en escena. Ser\u00e1 una oportunidad \u00fanica de disfrutar a dos grandes exponentes de la m\u00fasica electr\u00f3nica actual, en vivo y en forma completamente gratuita.<\/p>\n\n\n\n<p>Por un lado, Guy Gerber har\u00e1 vibrar a todos con un set de 90 minutos a puro techno y house. Este artista y productor musical del dance, ofrecer\u00e1 un show que deslumbrar\u00e1 mientras el sol se esconde en el atardecer santiague\u00f1o, manteniendo en alto la adrenalina que genera el MotoGP.<\/p>\n\n\n\n<p>Pero no estar\u00e1 solo. En la previa, el franc\u00e9s Apache, uno de los DJ en ascenso dentro de la escena mundial, abrir\u00e1 este ciclo de m\u00fasica electr\u00f3nica con sets en el que se fusionan sus ra\u00edces africanas con las percusiones bale\u00e1ricas, al jazz latino y el house de Berlin y Detroit. El acceso ser\u00e1 libre y gratuito, con o sin entrada para ver la competencia del Gran Premio Michelin de la Rep\u00fablica Argentina. Para ingresar, el p\u00fablico deber\u00e1 acceder el s\u00e1bado 2 de abril por la Puerta 8 del Circuito Internacional de Termas de R\u00edo Hondo, donde se encuentra montado el MotoGP FanZone.<\/p>\n\n\n\n<figure class=\"wp-block-image size-large\"><a href=\"https:\/\/i0.wp.com\/elterritorialweb.com.ar\/web\/wp-content\/uploads\/2022\/03\/MUSICA-ELECTRONICA-EN-MOTOGP-1.jpg\"><img data-recalc-dims=\"1\" decoding=\"async\" width=\"640\" height=\"426\" data-src=\"https:\/\/i0.wp.com\/elterritorialweb.com.ar\/web\/wp-content\/uploads\/2022\/03\/MUSICA-ELECTRONICA-EN-MOTOGP-1.jpg?resize=640%2C426\" alt=\"\" class=\"wp-image-37299 lazyload\" data-srcset=\"https:\/\/i0.wp.com\/elterritorialweb.com.ar\/web\/wp-content\/uploads\/2022\/03\/MUSICA-ELECTRONICA-EN-MOTOGP-1.jpg?resize=1024%2C682 1024w, https:\/\/i0.wp.com\/elterritorialweb.com.ar\/web\/wp-content\/uploads\/2022\/03\/MUSICA-ELECTRONICA-EN-MOTOGP-1.jpg?resize=300%2C200 300w, https:\/\/i0.wp.com\/elterritorialweb.com.ar\/web\/wp-content\/uploads\/2022\/03\/MUSICA-ELECTRONICA-EN-MOTOGP-1.jpg?resize=768%2C512 768w, https:\/\/i0.wp.com\/elterritorialweb.com.ar\/web\/wp-content\/uploads\/2022\/03\/MUSICA-ELECTRONICA-EN-MOTOGP-1.jpg?w=1280 1280w\" data-sizes=\"(max-width: 640px) 100vw, 640px\" src=\"data:image\/svg+xml;base64,PHN2ZyB3aWR0aD0iMSIgaGVpZ2h0PSIxIiB4bWxucz0iaHR0cDovL3d3dy53My5vcmcvMjAwMC9zdmciPjwvc3ZnPg==\" style=\"--smush-placeholder-width: 640px; --smush-placeholder-aspect-ratio: 640\/426;\" \/><\/a><\/figure>\n\n\n\n<p><strong>Oferta gastron\u00f3mica<\/strong><\/p>\n\n\n\n<p>Durante la fiesta habr\u00e1 una gran cantidad de opciones para comer y beber en el sector gastron\u00f3mico dispuesto en el MotoGP FanZone, con precios accesibles para todos los gustos y productos de Monster Energy como protagonista principal.<\/p>\n\n\n\n<p>Aqu\u00ed se destaca un exclusivo Beer Garden que montar\u00e1 Cerveza Norte, donde los asistentes podr\u00e1n probar todas las opciones que ofrece una de las mejores cervezas de la Argentina. \u00c9ste ser\u00e1 el \u00fanico punto del circuito donde se podr\u00e1 consumir la exclusiva cerveza tirada de Cervecer\u00eda Norte.<\/p>\n\n\n\n<p><strong>CRONOGRAMA FANZONE FEST<\/strong> <\/p>\n\n\n\n<p>S\u00c1BADO 2 DE ABRIL<\/p>\n\n\n\n<p>17:45 Apache<\/p>\n\n\n\n<p>18:30 Guy Gerber<\/p>\n\n\n\n<p>20:00 Sorteo moto<\/p>\n\n\n\n<p><strong>Para conocer m\u00e1s sobre los artistas:@guygerber en instagram@apache_ofs en instagram<\/strong><\/p>\n","protected":false},"excerpt":{"rendered":"<p>El \u00edcono mundial de la m\u00fasica electr\u00f3nica, Guy Gerber, ser\u00e1 el protagonista de la fiesta del MotoGP que se realizar\u00e1 en el Circuito Internacional de Termas de R\u00edo Hondo el s\u00e1bado por la tarde.<\/p>\n","protected":false},"author":2,"featured_media":37298,"comment_status":"open","ping_status":"open","sticky":false,"template":"","format":"standard","meta":{"om_disable_all_campaigns":false,"_monsterinsights_skip_tracking":false,"_monsterinsights_sitenote_active":false,"_monsterinsights_sitenote_note":"","_monsterinsights_sitenote_category":0,"_uf_show_specific_survey":0,"_uf_disable_surveys":false,"jetpack_post_was_ever_published":false,"_jetpack_newsletter_access":"","_jetpack_dont_email_post_to_subs":false,"_jetpack_newsletter_tier_id":0,"_jetpack_memberships_contains_paywalled_content":false,"_jetpack_memberships_contains_paid_content":false,"footnotes":"","jetpack_publicize_message":"","jetpack_publicize_feature_enabled":true,"jetpack_social_post_already_shared":false,"jetpack_social_options":{"image_generator_settings":{"template":"highway","default_image_id":0,"font":"","enabled":false},"version":2}},"categories":[20],"tags":[],"class_list":["post-37297","post","type-post","status-publish","format-standard","has-post-thumbnail","hentry","category-especysociales"],"aioseo_notices":[],"views":11,"jetpack_publicize_connections":[],"jetpack_featured_media_url":"https:\/\/i0.wp.com\/elterritorialweb.com.ar\/web\/wp-content\/uploads\/2022\/03\/MUSICA-ELECTRONICA-EN-MOTOGP.jpg?fit=1008%2C667","jetpack_sharing_enabled":true,"_links":{"self":[{"href":"http:\/\/elterritorialweb.com.ar\/web\/wp-json\/wp\/v2\/posts\/37297","targetHints":{"allow":["GET"]}}],"collection":[{"href":"http:\/\/elterritorialweb.com.ar\/web\/wp-json\/wp\/v2\/posts"}],"about":[{"href":"http:\/\/elterritorialweb.com.ar\/web\/wp-json\/wp\/v2\/types\/post"}],"author":[{"embeddable":true,"href":"http:\/\/elterritorialweb.com.ar\/web\/wp-json\/wp\/v2\/users\/2"}],"replies":[{"embeddable":true,"href":"http:\/\/elterritorialweb.com.ar\/web\/wp-json\/wp\/v2\/comments?post=37297"}],"version-history":[{"count":1,"href":"http:\/\/elterritorialweb.com.ar\/web\/wp-json\/wp\/v2\/posts\/37297\/revisions"}],"predecessor-version":[{"id":37300,"href":"http:\/\/elterritorialweb.com.ar\/web\/wp-json\/wp\/v2\/posts\/37297\/revisions\/37300"}],"wp:featuredmedia":[{"embeddable":true,"href":"http:\/\/elterritorialweb.com.ar\/web\/wp-json\/wp\/v2\/media\/37298"}],"wp:attachment":[{"href":"http:\/\/elterritorialweb.com.ar\/web\/wp-json\/wp\/v2\/media?parent=37297"}],"wp:term":[{"taxonomy":"category","embeddable":true,"href":"http:\/\/elterritorialweb.com.ar\/web\/wp-json\/wp\/v2\/categories?post=37297"},{"taxonomy":"post_tag","embeddable":true,"href":"http:\/\/elterritorialweb.com.ar\/web\/wp-json\/wp\/v2\/tags?post=37297"}],"curies":[{"name":"wp","href":"https:\/\/api.w.org\/{rel}","templated":true}]}}