{"id":37394,"date":"2022-03-24T03:34:34","date_gmt":"2022-03-24T03:34:34","guid":{"rendered":"http:\/\/elterritorialweb.com.ar\/web\/?p=37394"},"modified":"2022-03-24T03:34:34","modified_gmt":"2022-03-24T03:34:34","slug":"la-municipalidad-dio-a-conocer-las-actividades-gratuitas-para-el-fin-de-semana","status":"publish","type":"post","link":"http:\/\/elterritorialweb.com.ar\/web\/la-municipalidad-dio-a-conocer-las-actividades-gratuitas-para-el-fin-de-semana\/","title":{"rendered":"LA MUNICIPALIDAD DI\u00d3 A CONOCER LAS ACTIVIDADES GRATUITAS PARA EL F\u00cdN DE SEMANA"},"content":{"rendered":"\n<p>Este viernes 25, desde las 19, se llevar\u00e1 a cabo una Feria Artesanal de Mujeres, integrada por referentes de \u00abColectiva Roja\u00bb y representantes de la Asociaci\u00f3n de Artesanos \u00abCiudad de Santiago\u00bb, en la explanada de la oficina de Turismo del Parque Sur, sobre avenida Belgrano. El encuentro tambi\u00e9n contar\u00e1 con la actuaci\u00f3n de \u00abAle Carabajal Cuarteto\u00bb, conjunto integrado por Alejandro Carabajal en voz y guitarra, Gonzalo Vel\u00e1zquez en guitarra, Mariano Sarquiz en bajo y Nico Petros Brand\u00e1n en percusi\u00f3n. Adem\u00e1s, se presentar\u00e1 la DJ Magda Darchuk.<\/p>\n\n\n\n<p>Asimismo, el domingo 27, desde las 18 en la Casa de la Historia y la Cultura del Bicentenario, se realizar\u00e1 la Feria Artesanal que contar\u00e1 con las actuaciones del grupo de danza urbana \u00abNG Ritmos\u00bb y de \u00abSalitral\u00bb, banda integrada por \u201cMasa\u00bb Maldonado, \u201cTopo\u201d Paz, Daniel Ruiz y \u201cTacko\u201d Juarez, que cuenta con m\u00e1s de 18 a\u00f1os de existencia y mantiene vigente el estilo caracter\u00edstico de los grupos vocales folcl\u00f3ricos tradicionales de nuestra provincia.<\/p>\n","protected":false},"excerpt":{"rendered":"<p>La Municipalidad de la Capital, a trav\u00e9s de la Subsecretar\u00eda de Cultura y Turismo, program\u00f3 una serie de actividades libres y gratuitas para este fin de semana, dando continuidad a la organizaci\u00f3n de diversas propuestas culturales y art\u00edsticas destinadas a los vecinos y turistas de la ciudad.<\/p>\n","protected":false},"author":2,"featured_media":37395,"comment_status":"open","ping_status":"open","sticky":false,"template":"","format":"standard","meta":{"om_disable_all_campaigns":false,"_monsterinsights_skip_tracking":false,"_monsterinsights_sitenote_active":false,"_monsterinsights_sitenote_note":"","_monsterinsights_sitenote_category":0,"_uf_show_specific_survey":0,"_uf_disable_surveys":false,"jetpack_post_was_ever_published":false,"_jetpack_newsletter_access":"","_jetpack_dont_email_post_to_subs":false,"_jetpack_newsletter_tier_id":0,"_jetpack_memberships_contains_paywalled_content":false,"_jetpack_memberships_contains_paid_content":false,"footnotes":"","jetpack_publicize_message":"","jetpack_publicize_feature_enabled":true,"jetpack_social_post_already_shared":false,"jetpack_social_options":{"image_generator_settings":{"template":"highway","default_image_id":0,"font":"","enabled":false},"version":2}},"categories":[21],"tags":[],"class_list":["post-37394","post","type-post","status-publish","format-standard","has-post-thumbnail","hentry","category-locales"],"aioseo_notices":[],"views":6,"jetpack_publicize_connections":[],"jetpack_featured_media_url":"https:\/\/i0.wp.com\/elterritorialweb.com.ar\/web\/wp-content\/uploads\/2022\/03\/OFICINA-DE-TURISMO-PARQUE-SUR.jpg?fit=1010%2C567","jetpack_sharing_enabled":true,"_links":{"self":[{"href":"http:\/\/elterritorialweb.com.ar\/web\/wp-json\/wp\/v2\/posts\/37394","targetHints":{"allow":["GET"]}}],"collection":[{"href":"http:\/\/elterritorialweb.com.ar\/web\/wp-json\/wp\/v2\/posts"}],"about":[{"href":"http:\/\/elterritorialweb.com.ar\/web\/wp-json\/wp\/v2\/types\/post"}],"author":[{"embeddable":true,"href":"http:\/\/elterritorialweb.com.ar\/web\/wp-json\/wp\/v2\/users\/2"}],"replies":[{"embeddable":true,"href":"http:\/\/elterritorialweb.com.ar\/web\/wp-json\/wp\/v2\/comments?post=37394"}],"version-history":[{"count":1,"href":"http:\/\/elterritorialweb.com.ar\/web\/wp-json\/wp\/v2\/posts\/37394\/revisions"}],"predecessor-version":[{"id":37396,"href":"http:\/\/elterritorialweb.com.ar\/web\/wp-json\/wp\/v2\/posts\/37394\/revisions\/37396"}],"wp:featuredmedia":[{"embeddable":true,"href":"http:\/\/elterritorialweb.com.ar\/web\/wp-json\/wp\/v2\/media\/37395"}],"wp:attachment":[{"href":"http:\/\/elterritorialweb.com.ar\/web\/wp-json\/wp\/v2\/media?parent=37394"}],"wp:term":[{"taxonomy":"category","embeddable":true,"href":"http:\/\/elterritorialweb.com.ar\/web\/wp-json\/wp\/v2\/categories?post=37394"},{"taxonomy":"post_tag","embeddable":true,"href":"http:\/\/elterritorialweb.com.ar\/web\/wp-json\/wp\/v2\/tags?post=37394"}],"curies":[{"name":"wp","href":"https:\/\/api.w.org\/{rel}","templated":true}]}}