{"id":37405,"date":"2022-03-24T16:56:22","date_gmt":"2022-03-24T16:56:22","guid":{"rendered":"http:\/\/elterritorialweb.com.ar\/web\/?p=37405"},"modified":"2022-03-24T16:56:23","modified_gmt":"2022-03-24T16:56:23","slug":"fernandez-aseguro-que-le-da-verguenza-el-negacionismo-sobre-la-ultima-dictadura-militar","status":"publish","type":"post","link":"http:\/\/elterritorialweb.com.ar\/web\/fernandez-aseguro-que-le-da-verguenza-el-negacionismo-sobre-la-ultima-dictadura-militar\/","title":{"rendered":"FERN\u00c1NDEZ ASEGUR\u00d3 QUE LE \u00abDA VERG\u00dcENZA EL NEGACIONISMO\u00bb SOBRE LA \u00daLTIMA DICTADURA MILITAR"},"content":{"rendered":"\n<p>El Presidente&nbsp;<strong>Alberto Fern\u00e1ndez<\/strong>&nbsp;afirm\u00f3 este jueves que el 24 de marzo de 1976 la Argentina \u201ccomenz\u00f3 a vivir una tragedia con un nivel de crueldad inimaginable\u201d con un r\u00e9gimen militar que actu\u00f3 \u201ccon impudicia\u201d.<\/p>\n\n\n\n<p>La \u00faltima\u00a0<strong>dictadura c\u00edvico militar \u201cfue impiadosa con los opositores porque le temieron al pensamiento que conduc\u00eda a construir una sociedad m\u00e1s justa\u201d<\/strong>, a\u00f1adi\u00f3 el mandatario\u00a0al encabezar un acto en homenaje a los cient\u00edficos y trabajadores desaparecidos del Conicet durante la \u00faltima dictadura c\u00edvico militar, en la jornada en la que se conmemora el D\u00eda de la Memoria, la Verdad y la Justicia.<\/p>\n\n\n\n<figure class=\"wp-block-image size-large\"><a href=\"https:\/\/i0.wp.com\/elterritorialweb.com.ar\/web\/wp-content\/uploads\/2022\/03\/Screenshot_20220324-1308572.png\"><img data-recalc-dims=\"1\" decoding=\"async\" width=\"640\" height=\"328\" data-src=\"https:\/\/i0.wp.com\/elterritorialweb.com.ar\/web\/wp-content\/uploads\/2022\/03\/Screenshot_20220324-1308572.png?resize=640%2C328\" alt=\"\" class=\"wp-image-37407 lazyload\" data-srcset=\"https:\/\/i0.wp.com\/elterritorialweb.com.ar\/web\/wp-content\/uploads\/2022\/03\/Screenshot_20220324-1308572.png?resize=1024%2C525 1024w, https:\/\/i0.wp.com\/elterritorialweb.com.ar\/web\/wp-content\/uploads\/2022\/03\/Screenshot_20220324-1308572.png?resize=300%2C154 300w, https:\/\/i0.wp.com\/elterritorialweb.com.ar\/web\/wp-content\/uploads\/2022\/03\/Screenshot_20220324-1308572.png?resize=768%2C394 768w, https:\/\/i0.wp.com\/elterritorialweb.com.ar\/web\/wp-content\/uploads\/2022\/03\/Screenshot_20220324-1308572.png?w=1289 1289w\" data-sizes=\"(max-width: 640px) 100vw, 640px\" src=\"data:image\/svg+xml;base64,PHN2ZyB3aWR0aD0iMSIgaGVpZ2h0PSIxIiB4bWxucz0iaHR0cDovL3d3dy53My5vcmcvMjAwMC9zdmciPjwvc3ZnPg==\" style=\"--smush-placeholder-width: 640px; --smush-placeholder-aspect-ratio: 640\/328;\" \/><\/a><\/figure>\n\n\n\n<p><strong>que expresan algunos sobre los cr\u00edmenes cometidos por la \u00faltima c\u00edvico dictadura<\/strong>, y asegur\u00f3 que&nbsp;<strong>en el campo popular \u201cno hay diferencias\u201d a la hora de condenar el terrorismo de Estado<\/strong>.<\/p>\n\n\n\n<p>\u00abLa b\u00fasqueda de Justicia es un imperativo moral\u00bb, afirm\u00f3 el Presidente en la jornada en la que se conmemora el 46 aniversario del \u00faltimo golpe de Estado que sufri\u00f3 el pa\u00eds. Y le&nbsp;<strong>agradeci\u00f3 a las Madres de Plaza de Mayo \u00abpor la lucha que dieron contra la impunidad\u00bb<\/strong>.<\/p>\n\n\n\n<p>Acompa\u00f1ado por el ministro de Ciencia, Tecnolog\u00eda e Innovaci\u00f3n, Daniel Filmus, el secretario de Derechos Humanos, Horacio Pietragalla, y la presidenta de Conicet, Ana Mar\u00eda Franchi, el Presidente realiza un&nbsp;<strong>reconocimiento a aquellos miembros del organismo que fueron cesanteados, exonerados o dados de baja, y debieron exiliarse del pa\u00eds; y adem\u00e1s se entregar\u00e1n los legajos reparados de ocho miembros del Conicet que fueron detenidos desaparecidos durante la \u00faltima dictadura militar<\/strong>.<\/p>\n\n\n\n<p>El acto se realiza en el auditorio del Centro Cultural de la Ciencia (C3), ubicado en la calle Godoy Cruz 2280 del barrio porte\u00f1o de Palermo.<\/p>\n\n\n\n<p>La ceremonia cuenta adem\u00e1s con la presencia de la presidenta de Familiares de Desaparecidos y Detenidos por Razones Pol\u00edticas, \u00c1ngela \u00abLita\u00bb Paol\u00edn de Boitano; la integrante de Madres de Plaza de Mayo L\u00ednea Fundadora, Taty Almeida; y la intervenci\u00f3n de referentes del organismo.<\/p>\n\n\n\n<figure class=\"wp-block-image size-large\"><a href=\"https:\/\/i0.wp.com\/elterritorialweb.com.ar\/web\/wp-content\/uploads\/2022\/03\/Screenshot_20220324-1320152.png\"><img data-recalc-dims=\"1\" decoding=\"async\" width=\"640\" height=\"257\" data-src=\"https:\/\/i0.wp.com\/elterritorialweb.com.ar\/web\/wp-content\/uploads\/2022\/03\/Screenshot_20220324-1320152.png?resize=640%2C257\" alt=\"\" class=\"wp-image-37408 lazyload\" data-srcset=\"https:\/\/i0.wp.com\/elterritorialweb.com.ar\/web\/wp-content\/uploads\/2022\/03\/Screenshot_20220324-1320152.png?resize=1024%2C411 1024w, https:\/\/i0.wp.com\/elterritorialweb.com.ar\/web\/wp-content\/uploads\/2022\/03\/Screenshot_20220324-1320152.png?resize=300%2C120 300w, https:\/\/i0.wp.com\/elterritorialweb.com.ar\/web\/wp-content\/uploads\/2022\/03\/Screenshot_20220324-1320152.png?resize=768%2C308 768w, https:\/\/i0.wp.com\/elterritorialweb.com.ar\/web\/wp-content\/uploads\/2022\/03\/Screenshot_20220324-1320152.png?w=1258 1258w\" data-sizes=\"(max-width: 640px) 100vw, 640px\" src=\"data:image\/svg+xml;base64,PHN2ZyB3aWR0aD0iMSIgaGVpZ2h0PSIxIiB4bWxucz0iaHR0cDovL3d3dy53My5vcmcvMjAwMC9zdmciPjwvc3ZnPg==\" style=\"--smush-placeholder-width: 640px; --smush-placeholder-aspect-ratio: 640\/257;\" \/><\/a><\/figure>\n\n\n\n<h3 class=\"wp-block-heading\">Sobre la ceremonia<\/h3>\n\n\n\n<p>Durante la ceremonia, se realizar\u00e1 la reparaci\u00f3n de legajos de ochos trabajadores detenidos desaparecidos durante la dictadura, que se desempe\u00f1aban en el Consejo Nacional de Investigaciones Cient\u00edficas y T\u00e9cnicas (Conicet) al momento de su desaparici\u00f3n:&nbsp;<strong>Alicia Graciela Cardoso, Dante Guede, Roberto Luis L\u00f3pez Avramo, Liliana \u00c9lida Galletti, Mario Oreste Galuppo, Federico Gerardo L\u00fcdden Lehmann, Manuel Ram\u00f3n Saavedra, y Mart\u00edn Toursarkissian.<\/strong><\/p>\n\n\n\n<p>Tambi\u00e9n se difundir\u00e1 la&nbsp;<strong>publicaci\u00f3n de un informe t\u00e9cnico del Conicet sobre las v\u00edctimas del terrorismo de Estado pertenecientes a ese organismo y se colocar\u00e1 una placa recordatoria de los investigadores desaparecidos.<\/strong><\/p>\n\n\n\n<p>Adem\u00e1s, junto al Ministerio de Ciencia, el Conicet presentar\u00e1 un cortometraje que difunde el trabajo de Abuelas de Plaza de Mayo para hallar el denominado \u00edndice de abuelidad, es decir la f\u00f3rmula estad\u00edstica que, a partir de material gen\u00e9tico, establece con una precisi\u00f3n indubitada la probabilidad de parentesco entre una abuela y su nieto o nieta; y la creaci\u00f3n del Banco Nacional de Datos Gen\u00e9ticos, seg\u00fan adelant\u00f3 Filmus.<\/p>\n\n\n\n<figure class=\"wp-block-image size-full\"><a href=\"https:\/\/i0.wp.com\/elterritorialweb.com.ar\/web\/wp-content\/uploads\/2022\/03\/Screenshot_20220324-1320372.png\"><img data-recalc-dims=\"1\" decoding=\"async\" width=\"640\" height=\"439\" data-src=\"https:\/\/i0.wp.com\/elterritorialweb.com.ar\/web\/wp-content\/uploads\/2022\/03\/Screenshot_20220324-1320372.png?resize=640%2C439\" alt=\"\" class=\"wp-image-37409 lazyload\" data-srcset=\"https:\/\/i0.wp.com\/elterritorialweb.com.ar\/web\/wp-content\/uploads\/2022\/03\/Screenshot_20220324-1320372.png?w=1004 1004w, https:\/\/i0.wp.com\/elterritorialweb.com.ar\/web\/wp-content\/uploads\/2022\/03\/Screenshot_20220324-1320372.png?resize=300%2C206 300w, https:\/\/i0.wp.com\/elterritorialweb.com.ar\/web\/wp-content\/uploads\/2022\/03\/Screenshot_20220324-1320372.png?resize=768%2C527 768w\" data-sizes=\"(max-width: 640px) 100vw, 640px\" src=\"data:image\/svg+xml;base64,PHN2ZyB3aWR0aD0iMSIgaGVpZ2h0PSIxIiB4bWxucz0iaHR0cDovL3d3dy53My5vcmcvMjAwMC9zdmciPjwvc3ZnPg==\" style=\"--smush-placeholder-width: 640px; --smush-placeholder-aspect-ratio: 640\/439;\" \/><\/a><\/figure>\n\n\n\n<h3 class=\"wp-block-heading\">Homenaje a las Abuelas<\/h3>\n\n\n\n<p>D\u00edas atr\u00e1s,&nbsp;<strong>el Ministerio de Ciencia y el Conicet homenajearon a la titular de Abuelas de Plaza de Mayo, Estela de Carlotto, y le entregaron una placa conmemorativa.<\/strong><\/p>\n\n\n\n<p>Durante ese homenaje,&nbsp;<strong>Filmus&nbsp;<\/strong>afirm\u00f3 que \u00abla ciencia es imprescindible en un pa\u00eds que quiere avanzar, que se quiere desarrollar, que quiere tener un tipo de crecimiento especial, que brinda igualdad de posibilidades para todas y todos\u00bb y adelant\u00f3 sobre la placa que se colocar\u00e1 este mi\u00e9rcoles:&nbsp;<strong>\u00abPoder tener esa placa va a ser un acto de reparaci\u00f3n, un acto de justicia\u00bb.<\/strong><\/p>\n\n\n\n<p>En tanto, en el acto de este mi\u00e9rcoles, y \u00abcon el compromiso en la defensa y protecci\u00f3n de los derechos humanos\u00bb, se entregar\u00e1n los legajos reparados y reconstruidos a los familiares y allegados de ocho miembros de la comunidad del organismo que fueron detenidos, desaparecidos o asesinados como v\u00edctimas del terrorismo de Estado.<\/p>\n\n\n\n<p>La reparaci\u00f3n de los legajos fue una medida establecida por el decreto 1199\/2012, que dispone la inscripci\u00f3n de la condici\u00f3n de detenido-desaparecido en los legajos de los trabajadores que revistaban como agentes de la Administraci\u00f3n P\u00fablica Nacional.<\/p>\n\n\n\n<p>Centenas de trabajadores y trabajadoras se vieron obligados a renunciar debido a la persecuci\u00f3n ideol\u00f3gica, al secuestro o desaparici\u00f3n durante la \u00faltima dictadura, a lo que se le sum\u00f3 la elaboraci\u00f3n de legajos paralelos instrumentados por las m\u00e1ximas autoridades que en ese momento conduc\u00edan las diferentes instituciones.<\/p>\n\n\n\n<figure class=\"wp-block-image size-large\"><a href=\"https:\/\/i0.wp.com\/elterritorialweb.com.ar\/web\/wp-content\/uploads\/2022\/03\/Screenshot_20220324-1321022.png\"><img data-recalc-dims=\"1\" decoding=\"async\" width=\"640\" height=\"333\" data-src=\"https:\/\/i0.wp.com\/elterritorialweb.com.ar\/web\/wp-content\/uploads\/2022\/03\/Screenshot_20220324-1321022.png?resize=640%2C333\" alt=\"\" class=\"wp-image-37410 lazyload\" data-srcset=\"https:\/\/i0.wp.com\/elterritorialweb.com.ar\/web\/wp-content\/uploads\/2022\/03\/Screenshot_20220324-1321022.png?resize=1024%2C532 1024w, https:\/\/i0.wp.com\/elterritorialweb.com.ar\/web\/wp-content\/uploads\/2022\/03\/Screenshot_20220324-1321022.png?resize=300%2C156 300w, https:\/\/i0.wp.com\/elterritorialweb.com.ar\/web\/wp-content\/uploads\/2022\/03\/Screenshot_20220324-1321022.png?resize=768%2C399 768w, https:\/\/i0.wp.com\/elterritorialweb.com.ar\/web\/wp-content\/uploads\/2022\/03\/Screenshot_20220324-1321022.png?w=1265 1265w\" data-sizes=\"(max-width: 640px) 100vw, 640px\" src=\"data:image\/svg+xml;base64,PHN2ZyB3aWR0aD0iMSIgaGVpZ2h0PSIxIiB4bWxucz0iaHR0cDovL3d3dy53My5vcmcvMjAwMC9zdmciPjwvc3ZnPg==\" style=\"--smush-placeholder-width: 640px; --smush-placeholder-aspect-ratio: 640\/333;\" \/><\/a><\/figure>\n\n\n\n<h3 class=\"wp-block-heading\">Desde el INTI<\/h3>\n\n\n\n<p>Este martes, en tanto, en el Instituto Nacional de Tecnolog\u00eda Industrial (INTI) se realiz\u00f3 la&nbsp;<strong>entrega del legajo reparado a los familiares de Mar\u00eda del Carmen Artero de Jurkiewicz donde consta que la verdadera causa de interrupci\u00f3n de la relaci\u00f3n laboral en 1978 fue la desaparici\u00f3n forzada.<\/strong><\/p>\n\n\n\n<p>\u00abLa reparaci\u00f3n hist\u00f3rica del legajo de mi madre es un acto de justicia que corre un velo de mentira y es devolverle la identidad no s\u00f3lo para ella sino para todos los trabajadores de INTI\u00bb, enfatiz\u00f3 emocionado Pablo Jurkiewicz, hijo de Mar\u00eda del Carmen Artero de Jurkiewicz, que era secretaria en el INTI Qu\u00edmica, militante montonera y compa\u00f1era del padre Carlos Mugica.<\/p>\n\n\n\n<p>El evento estuvo encabezado por el presidente del instituto, Ruben Geneyro, con la participaci\u00f3n de autoridades nacionales, familiares, amigas, amigos y compa\u00f1eros.<\/p>\n\n\n\n<p>El 11 de octubre de 1978 Mar\u00eda del Carmen fue detenida por un grupo de tareas y llevada al \u00abOlimpo\u00bb, centro de tortura donde tambi\u00e9n estuvieron detenidos Alfredo Giorgi y Mario Villani, tambi\u00e9n del INTI. Al momento de su secuestro ten\u00eda 43 a\u00f1os y fue trasladada junto a su hija Cristina, que en ese momento ten\u00eda 18 a\u00f1os, y su nieto de 2 meses.<\/p>\n","protected":false},"excerpt":{"rendered":"<p>\u00abMe da verguenza\u00bb, asegur\u00f3 Alberto Fern\u00e1ndez, al encabezar el acto por el D\u00eda Nacional de la Memoria, en el que se entregaron los legajos reparados de ocho miembros de la comunidad cient\u00edfica detenidos desaparecidos a sus familiares y allegados.<\/p>\n","protected":false},"author":2,"featured_media":37406,"comment_status":"open","ping_status":"open","sticky":false,"template":"","format":"standard","meta":{"om_disable_all_campaigns":false,"_monsterinsights_skip_tracking":false,"_monsterinsights_sitenote_active":false,"_monsterinsights_sitenote_note":"","_monsterinsights_sitenote_category":0,"_uf_show_specific_survey":0,"_uf_disable_surveys":false,"jetpack_post_was_ever_published":false,"_jetpack_newsletter_access":"","_jetpack_dont_email_post_to_subs":false,"_jetpack_newsletter_tier_id":0,"_jetpack_memberships_contains_paywalled_content":false,"_jetpack_memberships_contains_paid_content":false,"footnotes":"","jetpack_publicize_message":"","jetpack_publicize_feature_enabled":true,"jetpack_social_post_already_shared":false,"jetpack_social_options":{"image_generator_settings":{"template":"highway","default_image_id":0,"font":"","enabled":false},"version":2}},"categories":[7],"tags":[],"class_list":["post-37405","post","type-post","status-publish","format-standard","has-post-thumbnail","hentry","category-nacionales"],"aioseo_notices":[],"views":5,"jetpack_publicize_connections":[],"jetpack_featured_media_url":"https:\/\/i0.wp.com\/elterritorialweb.com.ar\/web\/wp-content\/uploads\/2022\/03\/Screenshot_20220324-1309262.png?fit=1309%2C648","jetpack_sharing_enabled":true,"_links":{"self":[{"href":"http:\/\/elterritorialweb.com.ar\/web\/wp-json\/wp\/v2\/posts\/37405","targetHints":{"allow":["GET"]}}],"collection":[{"href":"http:\/\/elterritorialweb.com.ar\/web\/wp-json\/wp\/v2\/posts"}],"about":[{"href":"http:\/\/elterritorialweb.com.ar\/web\/wp-json\/wp\/v2\/types\/post"}],"author":[{"embeddable":true,"href":"http:\/\/elterritorialweb.com.ar\/web\/wp-json\/wp\/v2\/users\/2"}],"replies":[{"embeddable":true,"href":"http:\/\/elterritorialweb.com.ar\/web\/wp-json\/wp\/v2\/comments?post=37405"}],"version-history":[{"count":1,"href":"http:\/\/elterritorialweb.com.ar\/web\/wp-json\/wp\/v2\/posts\/37405\/revisions"}],"predecessor-version":[{"id":37411,"href":"http:\/\/elterritorialweb.com.ar\/web\/wp-json\/wp\/v2\/posts\/37405\/revisions\/37411"}],"wp:featuredmedia":[{"embeddable":true,"href":"http:\/\/elterritorialweb.com.ar\/web\/wp-json\/wp\/v2\/media\/37406"}],"wp:attachment":[{"href":"http:\/\/elterritorialweb.com.ar\/web\/wp-json\/wp\/v2\/media?parent=37405"}],"wp:term":[{"taxonomy":"category","embeddable":true,"href":"http:\/\/elterritorialweb.com.ar\/web\/wp-json\/wp\/v2\/categories?post=37405"},{"taxonomy":"post_tag","embeddable":true,"href":"http:\/\/elterritorialweb.com.ar\/web\/wp-json\/wp\/v2\/tags?post=37405"}],"curies":[{"name":"wp","href":"https:\/\/api.w.org\/{rel}","templated":true}]}}