{"id":37432,"date":"2022-03-24T19:25:31","date_gmt":"2022-03-24T19:25:31","guid":{"rendered":"http:\/\/elterritorialweb.com.ar\/web\/?p=37432"},"modified":"2022-03-24T19:25:32","modified_gmt":"2022-03-24T19:25:32","slug":"se-dictan-cursos-de-introduccion-al-trabajo-en-clodomira","status":"publish","type":"post","link":"http:\/\/elterritorialweb.com.ar\/web\/se-dictan-cursos-de-introduccion-al-trabajo-en-clodomira\/","title":{"rendered":"SE DICTAN CURSOS DE INTRODUCCI\u00d3N AL TRABAJO EN CLODOMIRA"},"content":{"rendered":"\n<p>Desde la comuna, que conduce el intendente Prof. Daniel Ruiz, informaron que se est\u00e1 dictando el CIT (Curso de Introducci\u00f3n al Trabajo) en el marco del Programa J\u00f3venes con M\u00e1s y Mejor Trabajo, que tiene como objetivo capacitar a los beneficiarios de la ciudad y as\u00ed mejorar su inserci\u00f3n laboral.<\/p>\n\n\n\n<figure class=\"wp-block-image size-large\"><a href=\"https:\/\/i0.wp.com\/elterritorialweb.com.ar\/web\/wp-content\/uploads\/2022\/03\/curso-en-clodomira-1.jpg\"><img data-recalc-dims=\"1\" decoding=\"async\" width=\"640\" height=\"480\" data-src=\"https:\/\/i0.wp.com\/elterritorialweb.com.ar\/web\/wp-content\/uploads\/2022\/03\/curso-en-clodomira-1.jpg?resize=640%2C480\" alt=\"\" class=\"wp-image-37434 lazyload\" data-srcset=\"https:\/\/i0.wp.com\/elterritorialweb.com.ar\/web\/wp-content\/uploads\/2022\/03\/curso-en-clodomira-1.jpg?resize=1024%2C768 1024w, https:\/\/i0.wp.com\/elterritorialweb.com.ar\/web\/wp-content\/uploads\/2022\/03\/curso-en-clodomira-1.jpg?resize=300%2C225 300w, https:\/\/i0.wp.com\/elterritorialweb.com.ar\/web\/wp-content\/uploads\/2022\/03\/curso-en-clodomira-1.jpg?resize=768%2C576 768w, https:\/\/i0.wp.com\/elterritorialweb.com.ar\/web\/wp-content\/uploads\/2022\/03\/curso-en-clodomira-1.jpg?resize=1536%2C1152 1536w, https:\/\/i0.wp.com\/elterritorialweb.com.ar\/web\/wp-content\/uploads\/2022\/03\/curso-en-clodomira-1.jpg?w=1600 1600w, https:\/\/i0.wp.com\/elterritorialweb.com.ar\/web\/wp-content\/uploads\/2022\/03\/curso-en-clodomira-1.jpg?w=1280 1280w\" data-sizes=\"(max-width: 640px) 100vw, 640px\" src=\"data:image\/svg+xml;base64,PHN2ZyB3aWR0aD0iMSIgaGVpZ2h0PSIxIiB4bWxucz0iaHR0cDovL3d3dy53My5vcmcvMjAwMC9zdmciPjwvc3ZnPg==\" style=\"--smush-placeholder-width: 640px; --smush-placeholder-aspect-ratio: 640\/480;\" \/><\/a><\/figure>\n\n\n\n<p>\u201cEs un programa que depende del Ministerio de Trabajo de la Naci\u00f3n, y que se implementa a trav\u00e9s de la Oficina de Empleo de la Municipalidad. Nuestra gesti\u00f3n asumi\u00f3 el compromiso de una capacitaci\u00f3n y oferta educativa constante a trav\u00e9s del trabajo conjunto con diferentes instituciones y coordinando proyectos tanto con estamentos provinciales como nacionales. En ese sentido seguiremos trabajando\u201d, subray\u00f3 el jefe comunal de la Capital de la Alfalfa.<\/p>\n\n\n\n<figure class=\"wp-block-image size-large\"><a href=\"https:\/\/i0.wp.com\/elterritorialweb.com.ar\/web\/wp-content\/uploads\/2022\/03\/curso-en-clodomira-2.jpg\"><img data-recalc-dims=\"1\" decoding=\"async\" width=\"640\" height=\"421\" data-src=\"https:\/\/i0.wp.com\/elterritorialweb.com.ar\/web\/wp-content\/uploads\/2022\/03\/curso-en-clodomira-2.jpg?resize=640%2C421\" alt=\"\" class=\"wp-image-37435 lazyload\" data-srcset=\"https:\/\/i0.wp.com\/elterritorialweb.com.ar\/web\/wp-content\/uploads\/2022\/03\/curso-en-clodomira-2.jpg?resize=1024%2C674 1024w, https:\/\/i0.wp.com\/elterritorialweb.com.ar\/web\/wp-content\/uploads\/2022\/03\/curso-en-clodomira-2.jpg?resize=300%2C198 300w, https:\/\/i0.wp.com\/elterritorialweb.com.ar\/web\/wp-content\/uploads\/2022\/03\/curso-en-clodomira-2.jpg?resize=768%2C506 768w, https:\/\/i0.wp.com\/elterritorialweb.com.ar\/web\/wp-content\/uploads\/2022\/03\/curso-en-clodomira-2.jpg?w=1280 1280w\" data-sizes=\"(max-width: 640px) 100vw, 640px\" src=\"data:image\/svg+xml;base64,PHN2ZyB3aWR0aD0iMSIgaGVpZ2h0PSIxIiB4bWxucz0iaHR0cDovL3d3dy53My5vcmcvMjAwMC9zdmciPjwvc3ZnPg==\" style=\"--smush-placeholder-width: 640px; --smush-placeholder-aspect-ratio: 640\/421;\" \/><\/a><\/figure>\n","protected":false},"excerpt":{"rendered":"<p>Con el objetivo de capacitar a los beneficiarios clodomirenses, para una mejor inserci\u00f3n laboral. <\/p>\n","protected":false},"author":2,"featured_media":37433,"comment_status":"open","ping_status":"open","sticky":false,"template":"","format":"standard","meta":{"om_disable_all_campaigns":false,"_monsterinsights_skip_tracking":false,"_monsterinsights_sitenote_active":false,"_monsterinsights_sitenote_note":"","_monsterinsights_sitenote_category":0,"_uf_show_specific_survey":0,"_uf_disable_surveys":false,"jetpack_post_was_ever_published":false,"_jetpack_newsletter_access":"","_jetpack_dont_email_post_to_subs":false,"_jetpack_newsletter_tier_id":0,"_jetpack_memberships_contains_paywalled_content":false,"_jetpack_memberships_contains_paid_content":false,"footnotes":"","jetpack_publicize_message":"","jetpack_publicize_feature_enabled":true,"jetpack_social_post_already_shared":false,"jetpack_social_options":{"image_generator_settings":{"template":"highway","default_image_id":0,"font":"","enabled":false},"version":2}},"categories":[21],"tags":[],"class_list":["post-37432","post","type-post","status-publish","format-standard","has-post-thumbnail","hentry","category-locales"],"aioseo_notices":[],"views":12,"jetpack_publicize_connections":[],"jetpack_featured_media_url":"https:\/\/i0.wp.com\/elterritorialweb.com.ar\/web\/wp-content\/uploads\/2022\/03\/curso-en-clodomira.jpg?fit=1280%2C835","jetpack_sharing_enabled":true,"_links":{"self":[{"href":"http:\/\/elterritorialweb.com.ar\/web\/wp-json\/wp\/v2\/posts\/37432","targetHints":{"allow":["GET"]}}],"collection":[{"href":"http:\/\/elterritorialweb.com.ar\/web\/wp-json\/wp\/v2\/posts"}],"about":[{"href":"http:\/\/elterritorialweb.com.ar\/web\/wp-json\/wp\/v2\/types\/post"}],"author":[{"embeddable":true,"href":"http:\/\/elterritorialweb.com.ar\/web\/wp-json\/wp\/v2\/users\/2"}],"replies":[{"embeddable":true,"href":"http:\/\/elterritorialweb.com.ar\/web\/wp-json\/wp\/v2\/comments?post=37432"}],"version-history":[{"count":1,"href":"http:\/\/elterritorialweb.com.ar\/web\/wp-json\/wp\/v2\/posts\/37432\/revisions"}],"predecessor-version":[{"id":37436,"href":"http:\/\/elterritorialweb.com.ar\/web\/wp-json\/wp\/v2\/posts\/37432\/revisions\/37436"}],"wp:featuredmedia":[{"embeddable":true,"href":"http:\/\/elterritorialweb.com.ar\/web\/wp-json\/wp\/v2\/media\/37433"}],"wp:attachment":[{"href":"http:\/\/elterritorialweb.com.ar\/web\/wp-json\/wp\/v2\/media?parent=37432"}],"wp:term":[{"taxonomy":"category","embeddable":true,"href":"http:\/\/elterritorialweb.com.ar\/web\/wp-json\/wp\/v2\/categories?post=37432"},{"taxonomy":"post_tag","embeddable":true,"href":"http:\/\/elterritorialweb.com.ar\/web\/wp-json\/wp\/v2\/tags?post=37432"}],"curies":[{"name":"wp","href":"https:\/\/api.w.org\/{rel}","templated":true}]}}