{"id":37438,"date":"2022-03-24T19:47:42","date_gmt":"2022-03-24T19:47:42","guid":{"rendered":"http:\/\/elterritorialweb.com.ar\/web\/?p=37438"},"modified":"2022-03-24T19:47:43","modified_gmt":"2022-03-24T19:47:43","slug":"el-intendente-nediani-participo-de-un-emotivo-acto-por-la-memoria-la-verdad-y-la-justicia-en-la-banda","status":"publish","type":"post","link":"http:\/\/elterritorialweb.com.ar\/web\/el-intendente-nediani-participo-de-un-emotivo-acto-por-la-memoria-la-verdad-y-la-justicia-en-la-banda\/","title":{"rendered":"EL INTENDENTE NEDIANI PARTICIP\u00d3 DE UN EMOTIVO ACTO POR LA MEMORIA, LA VERDAD Y LA JUSTICIA EN LA BANDA"},"content":{"rendered":"\n<p>Durante la ceremonia, el intendente Nediani junto a la Subsecretaria de Educaci\u00f3n y Cultura, Stella Maris Mirolo colocaron una ofrenda floral en el Monumento de los Desaparecidos; que de acuerdo a los registros, en Santiago del Estero hay m\u00e1s de 100 personas desaparecidas durante la dictadura militar.<br>Asimismo, los Diputados Provinciales Mariana Morales y Cristi\u00e1n Chazarreta hicieron entrega a la directora de Derechos Humanos, Alejandra Dom\u00ednguez la Declaraci\u00f3n de Inter\u00e9s Provincial a los actos realizados por esta fat\u00eddica fecha. De igual manera, las autoridades municipales hicieron entrega de certificados de agradecimiento a Dom\u00ednguez por la labor que realiza en dicha \u00e1rea como as\u00ed tambi\u00e9n a la misma Direcci\u00f3n.<\/p>\n\n\n\n<figure class=\"wp-block-image size-large\"><a href=\"https:\/\/i0.wp.com\/elterritorialweb.com.ar\/web\/wp-content\/uploads\/2022\/03\/IMG-20220324-WA0003.jpg\"><img data-recalc-dims=\"1\" decoding=\"async\" width=\"640\" height=\"388\" data-src=\"https:\/\/i0.wp.com\/elterritorialweb.com.ar\/web\/wp-content\/uploads\/2022\/03\/IMG-20220324-WA0003.jpg?resize=640%2C388\" alt=\"\" class=\"wp-image-37440 lazyload\" data-srcset=\"https:\/\/i0.wp.com\/elterritorialweb.com.ar\/web\/wp-content\/uploads\/2022\/03\/IMG-20220324-WA0003.jpg?resize=1024%2C621 1024w, https:\/\/i0.wp.com\/elterritorialweb.com.ar\/web\/wp-content\/uploads\/2022\/03\/IMG-20220324-WA0003.jpg?resize=300%2C182 300w, https:\/\/i0.wp.com\/elterritorialweb.com.ar\/web\/wp-content\/uploads\/2022\/03\/IMG-20220324-WA0003.jpg?resize=768%2C466 768w, https:\/\/i0.wp.com\/elterritorialweb.com.ar\/web\/wp-content\/uploads\/2022\/03\/IMG-20220324-WA0003.jpg?w=1280 1280w\" data-sizes=\"(max-width: 640px) 100vw, 640px\" src=\"data:image\/svg+xml;base64,PHN2ZyB3aWR0aD0iMSIgaGVpZ2h0PSIxIiB4bWxucz0iaHR0cDovL3d3dy53My5vcmcvMjAwMC9zdmciPjwvc3ZnPg==\" style=\"--smush-placeholder-width: 640px; --smush-placeholder-aspect-ratio: 640\/388;\" \/><\/a><\/figure>\n\n\n\n<p>El broche de oro que estremeci\u00f3 a los presentes fue la intervenci\u00f3n art\u00edstica que desarroll\u00f3 la Academia Municipal de Folclore Juan Saavedra, a cargo de los profesores Cristi\u00e1n Meli\u00e1n y Paola Romero.<br>En la entrevista, el intendente Nediani manifest\u00f3: \u201cMuy emotivo, quiero felicitar el trabajo que viene realizando al Direcci\u00f3n de Derechos Humanos de la Municipalidad de La Banda, a cargo de la profesora Alejandra Dom\u00ednguez junto al Representante Legal del \u00e1rea, Pedro Ramirez; es un trabajo implecable, desde los discursos que dieron los compa\u00f1eros que tuvieron la palabra hasta la Academia de Juan Saavedra\u201d.<br>\u201cA 46 a\u00f1os de este hecho que hemos vivido en nuestro pa\u00eds, un hecho oscuro y lamentable; recuerdo que en esa fecha estaba a poco de cumplir 15 a\u00f1os y toda mi adolescencia y juventud lo viv\u00ed en un gobierno de facto, prohibiendo nuestra libertad que con tanto sacrificio nos cost\u00f3 a los argentinos y al pueblo sudamericano a trav\u00e9s de San Mart\u00edn. Muchos hermanos desaparecidos y lo m\u00e1s lamentable es que uno muere por convicciones, uno muere por tener ideas y defenderlas pero lo peor de todo es que desaparecieron, no saber de tu identidad, no conocer es lamentable, es un sufrimiento superior\u201d.<\/p>\n\n\n\n<figure class=\"wp-block-image size-large\"><a href=\"https:\/\/i0.wp.com\/elterritorialweb.com.ar\/web\/wp-content\/uploads\/2022\/03\/IMG-20220324-WA0005.jpg\"><img data-recalc-dims=\"1\" decoding=\"async\" width=\"640\" height=\"467\" data-src=\"https:\/\/i0.wp.com\/elterritorialweb.com.ar\/web\/wp-content\/uploads\/2022\/03\/IMG-20220324-WA0005.jpg?resize=640%2C467\" alt=\"\" class=\"wp-image-37441 lazyload\" data-srcset=\"https:\/\/i0.wp.com\/elterritorialweb.com.ar\/web\/wp-content\/uploads\/2022\/03\/IMG-20220324-WA0005.jpg?resize=1024%2C747 1024w, https:\/\/i0.wp.com\/elterritorialweb.com.ar\/web\/wp-content\/uploads\/2022\/03\/IMG-20220324-WA0005.jpg?resize=300%2C219 300w, https:\/\/i0.wp.com\/elterritorialweb.com.ar\/web\/wp-content\/uploads\/2022\/03\/IMG-20220324-WA0005.jpg?resize=768%2C560 768w, https:\/\/i0.wp.com\/elterritorialweb.com.ar\/web\/wp-content\/uploads\/2022\/03\/IMG-20220324-WA0005.jpg?w=1280 1280w\" data-sizes=\"(max-width: 640px) 100vw, 640px\" src=\"data:image\/svg+xml;base64,PHN2ZyB3aWR0aD0iMSIgaGVpZ2h0PSIxIiB4bWxucz0iaHR0cDovL3d3dy53My5vcmcvMjAwMC9zdmciPjwvc3ZnPg==\" style=\"--smush-placeholder-width: 640px; --smush-placeholder-aspect-ratio: 640\/467;\" \/><\/a><\/figure>\n\n\n\n<p>\u201cHoy es un d\u00eda de reflexi\u00f3n, un d\u00eda para que todos nos pongamos a pensar y a pesar de de que la democracia tiene sus imperfecciones, es el mejor sistema donde podemos vivir en la Argentina; por eso hay que reflexionar, para que este tipo de hechos nunca m\u00e1s vuelvan a suceder, ni tener el atropello de los Derechos Humanos, la p\u00e9rdida de identidad, femicidios, ni silenciar ni acallando a los gobernantes que no cuidan a su pueblo y no cumplen con el mandato para el cual el pueblo los ha elegido. Por eso es importante que trabajemos unidos, como lo dec\u00eda Pedro Ram\u00edrez, tenemos que estar todos unidos para que ninguna de estas c\u00e9lulas que quieren introducir y romper a la sociedad, debemos cuidar siempre el hecho de vivir en democracia y en libertad\u201d, concluy\u00f3 Nediani.<\/p>\n","protected":false},"excerpt":{"rendered":"<p>Cada 24 de marzo se conmemora el D\u00eda Nacional de la Memoria, la Verdad y la Justicia en nuestro pa\u00eds, por lo que la Direcci\u00f3n de Derechos Humanos, dependiente de la Secretar\u00eda de Gobierno de la Municipalidad de La Banda, organiz\u00f3 un emotivo acto en la intersecci\u00f3n de Av. Besares y Avellaneda en el que estuvieron presentes autoridades, instituciones medias e intermedias y p\u00fablico en general, presidido por el intendente Roger Nediani.<\/p>\n","protected":false},"author":2,"featured_media":37439,"comment_status":"open","ping_status":"open","sticky":false,"template":"","format":"standard","meta":{"om_disable_all_campaigns":false,"_monsterinsights_skip_tracking":false,"_monsterinsights_sitenote_active":false,"_monsterinsights_sitenote_note":"","_monsterinsights_sitenote_category":0,"_uf_show_specific_survey":0,"_uf_disable_surveys":false,"jetpack_post_was_ever_published":false,"_jetpack_newsletter_access":"","_jetpack_dont_email_post_to_subs":false,"_jetpack_newsletter_tier_id":0,"_jetpack_memberships_contains_paywalled_content":false,"_jetpack_memberships_contains_paid_content":false,"footnotes":"","jetpack_publicize_message":"","jetpack_publicize_feature_enabled":true,"jetpack_social_post_already_shared":false,"jetpack_social_options":{"image_generator_settings":{"template":"highway","default_image_id":0,"font":"","enabled":false},"version":2}},"categories":[21],"tags":[],"class_list":["post-37438","post","type-post","status-publish","format-standard","has-post-thumbnail","hentry","category-locales"],"aioseo_notices":[],"views":10,"jetpack_publicize_connections":[],"jetpack_featured_media_url":"https:\/\/i0.wp.com\/elterritorialweb.com.ar\/web\/wp-content\/uploads\/2022\/03\/IMG-20220324-WA0004.jpg?fit=1280%2C842","jetpack_sharing_enabled":true,"_links":{"self":[{"href":"http:\/\/elterritorialweb.com.ar\/web\/wp-json\/wp\/v2\/posts\/37438","targetHints":{"allow":["GET"]}}],"collection":[{"href":"http:\/\/elterritorialweb.com.ar\/web\/wp-json\/wp\/v2\/posts"}],"about":[{"href":"http:\/\/elterritorialweb.com.ar\/web\/wp-json\/wp\/v2\/types\/post"}],"author":[{"embeddable":true,"href":"http:\/\/elterritorialweb.com.ar\/web\/wp-json\/wp\/v2\/users\/2"}],"replies":[{"embeddable":true,"href":"http:\/\/elterritorialweb.com.ar\/web\/wp-json\/wp\/v2\/comments?post=37438"}],"version-history":[{"count":1,"href":"http:\/\/elterritorialweb.com.ar\/web\/wp-json\/wp\/v2\/posts\/37438\/revisions"}],"predecessor-version":[{"id":37442,"href":"http:\/\/elterritorialweb.com.ar\/web\/wp-json\/wp\/v2\/posts\/37438\/revisions\/37442"}],"wp:featuredmedia":[{"embeddable":true,"href":"http:\/\/elterritorialweb.com.ar\/web\/wp-json\/wp\/v2\/media\/37439"}],"wp:attachment":[{"href":"http:\/\/elterritorialweb.com.ar\/web\/wp-json\/wp\/v2\/media?parent=37438"}],"wp:term":[{"taxonomy":"category","embeddable":true,"href":"http:\/\/elterritorialweb.com.ar\/web\/wp-json\/wp\/v2\/categories?post=37438"},{"taxonomy":"post_tag","embeddable":true,"href":"http:\/\/elterritorialweb.com.ar\/web\/wp-json\/wp\/v2\/tags?post=37438"}],"curies":[{"name":"wp","href":"https:\/\/api.w.org\/{rel}","templated":true}]}}