{"id":37445,"date":"2022-03-24T22:48:24","date_gmt":"2022-03-24T22:48:24","guid":{"rendered":"http:\/\/elterritorialweb.com.ar\/web\/?p=37445"},"modified":"2022-03-24T22:48:24","modified_gmt":"2022-03-24T22:48:24","slug":"italia-quedo-afuera-del-mundial-de-qatar-2022","status":"publish","type":"post","link":"http:\/\/elterritorialweb.com.ar\/web\/italia-quedo-afuera-del-mundial-de-qatar-2022\/","title":{"rendered":"ITALIA QUED\u00d3 AFUERA DEL MUNDIAL DE QATAR 2022"},"content":{"rendered":"\n<p>Una noticia de impacto mundial se dio este jueves.\u00a0<strong>Italia\u00a0<\/strong>qued\u00f3 afuera de <strong>Qatar 2022<\/strong> tras perder 1 a 0 con\u00a0<strong>Macedonia del Norte\u00a0<\/strong>en el repechaje de las Eliminatorias europeas. Es la\u00a0<strong>segunda Copa del Mundo consecutiva\u00a0<\/strong>que se pierden los italianos, ya que tampoco jugaron en Rusia 2018. Incre\u00edble para el campe\u00f3n de Europa.<\/p>\n\n\n\n<figure class=\"wp-block-image size-full is-resized\"><a href=\"https:\/\/i0.wp.com\/elterritorialweb.com.ar\/web\/wp-content\/uploads\/2022\/03\/ITALIA-AFUERA-1.jpg\"><img data-recalc-dims=\"1\" decoding=\"async\" data-src=\"https:\/\/i0.wp.com\/elterritorialweb.com.ar\/web\/wp-content\/uploads\/2022\/03\/ITALIA-AFUERA-1.jpg?resize=640%2C360\" alt=\"\" class=\"wp-image-37447 lazyload\" width=\"640\" height=\"360\" data-srcset=\"https:\/\/i0.wp.com\/elterritorialweb.com.ar\/web\/wp-content\/uploads\/2022\/03\/ITALIA-AFUERA-1.jpg?w=428 428w, https:\/\/i0.wp.com\/elterritorialweb.com.ar\/web\/wp-content\/uploads\/2022\/03\/ITALIA-AFUERA-1.jpg?resize=300%2C169 300w\" data-sizes=\"(max-width: 640px) 100vw, 640px\" src=\"data:image\/svg+xml;base64,PHN2ZyB3aWR0aD0iMSIgaGVpZ2h0PSIxIiB4bWxucz0iaHR0cDovL3d3dy53My5vcmcvMjAwMC9zdmciPjwvc3ZnPg==\" style=\"--smush-placeholder-width: 640px; --smush-placeholder-aspect-ratio: 640\/360;\" \/><\/a><\/figure>\n\n\n\n<p>Italia, actual campe\u00f3n continental (venci\u00f3 a Inglaterra en la final de la Eurocopa), tampoco se hab\u00eda clasificado para el Mundial pasado, Rusia 2018, aquella vez eliminado por Suecia.<\/p>\n\n\n\n<figure class=\"wp-block-image size-full\"><a href=\"https:\/\/i0.wp.com\/elterritorialweb.com.ar\/web\/wp-content\/uploads\/2022\/03\/ITALIA-AFUERA-2.jpeg\"><img data-recalc-dims=\"1\" decoding=\"async\" width=\"640\" height=\"320\" data-src=\"https:\/\/i0.wp.com\/elterritorialweb.com.ar\/web\/wp-content\/uploads\/2022\/03\/ITALIA-AFUERA-2.jpeg?resize=640%2C320\" alt=\"\" class=\"wp-image-37448 lazyload\" data-srcset=\"https:\/\/i0.wp.com\/elterritorialweb.com.ar\/web\/wp-content\/uploads\/2022\/03\/ITALIA-AFUERA-2.jpeg?w=950 950w, https:\/\/i0.wp.com\/elterritorialweb.com.ar\/web\/wp-content\/uploads\/2022\/03\/ITALIA-AFUERA-2.jpeg?resize=300%2C150 300w, https:\/\/i0.wp.com\/elterritorialweb.com.ar\/web\/wp-content\/uploads\/2022\/03\/ITALIA-AFUERA-2.jpeg?resize=768%2C384 768w\" data-sizes=\"(max-width: 640px) 100vw, 640px\" src=\"data:image\/svg+xml;base64,PHN2ZyB3aWR0aD0iMSIgaGVpZ2h0PSIxIiB4bWxucz0iaHR0cDovL3d3dy53My5vcmcvMjAwMC9zdmciPjwvc3ZnPg==\" style=\"--smush-placeholder-width: 640px; --smush-placeholder-aspect-ratio: 640\/320;\" \/><\/a><\/figure>\n\n\n\n<p>El \u00fanico gol del partido, jugado en el estadio Renzo Barbera de la ciudad de Palermo, fue anotado por<strong>\u00a0Aleksandar Trajkovski a los 47 minutos del segundo tiempo<\/strong>.<\/p>\n\n\n\n<p><\/p>\n\n\n\n<figure class=\"wp-block-image size-full is-resized\"><a href=\"https:\/\/i0.wp.com\/elterritorialweb.com.ar\/web\/wp-content\/uploads\/2022\/03\/ITALIA-AFUERA-3.jpg\"><img data-recalc-dims=\"1\" decoding=\"async\" data-src=\"https:\/\/i0.wp.com\/elterritorialweb.com.ar\/web\/wp-content\/uploads\/2022\/03\/ITALIA-AFUERA-3.jpg?resize=640%2C360\" alt=\"\" class=\"wp-image-37449 lazyload\" width=\"640\" height=\"360\" data-srcset=\"https:\/\/i0.wp.com\/elterritorialweb.com.ar\/web\/wp-content\/uploads\/2022\/03\/ITALIA-AFUERA-3.jpg?w=640 640w, https:\/\/i0.wp.com\/elterritorialweb.com.ar\/web\/wp-content\/uploads\/2022\/03\/ITALIA-AFUERA-3.jpg?resize=300%2C169 300w\" data-sizes=\"(max-width: 640px) 100vw, 640px\" src=\"data:image\/svg+xml;base64,PHN2ZyB3aWR0aD0iMSIgaGVpZ2h0PSIxIiB4bWxucz0iaHR0cDovL3d3dy53My5vcmcvMjAwMC9zdmciPjwvc3ZnPg==\" style=\"--smush-placeholder-width: 640px; --smush-placeholder-aspect-ratio: 640\/360;\" \/><\/a><\/figure>\n\n\n\n<p>Hasta ese momento del cotejo Italia hab\u00eda sido dominador, pero fall\u00f3 a la hora de la definici\u00f3n en el arco adversario. Macedonia\u00a0<strong>se jugar\u00e1 la clasificaci\u00f3n al Mundial contra Portugal,<\/strong>\u00a0que super\u00f3 de local a Turqu\u00eda por 3 a 1.<\/p>\n\n\n\n<figure class=\"wp-block-image size-full is-resized\"><a href=\"https:\/\/i0.wp.com\/elterritorialweb.com.ar\/web\/wp-content\/uploads\/2022\/03\/ITALIA-AFUERA-4.jpg\"><img data-recalc-dims=\"1\" decoding=\"async\" data-src=\"https:\/\/i0.wp.com\/elterritorialweb.com.ar\/web\/wp-content\/uploads\/2022\/03\/ITALIA-AFUERA-4.jpg?resize=640%2C427\" alt=\"\" class=\"wp-image-37450 lazyload\" width=\"640\" height=\"427\" data-srcset=\"https:\/\/i0.wp.com\/elterritorialweb.com.ar\/web\/wp-content\/uploads\/2022\/03\/ITALIA-AFUERA-4.jpg?w=768 768w, https:\/\/i0.wp.com\/elterritorialweb.com.ar\/web\/wp-content\/uploads\/2022\/03\/ITALIA-AFUERA-4.jpg?resize=300%2C200 300w\" data-sizes=\"(max-width: 640px) 100vw, 640px\" src=\"data:image\/svg+xml;base64,PHN2ZyB3aWR0aD0iMSIgaGVpZ2h0PSIxIiB4bWxucz0iaHR0cDovL3d3dy53My5vcmcvMjAwMC9zdmciPjwvc3ZnPg==\" style=\"--smush-placeholder-width: 640px; --smush-placeholder-aspect-ratio: 640\/427;\" \/><\/a><\/figure>\n\n\n\n<p>Otavio, Diego Jota y Matheus anotaron para los portugueses (Cristiano Ronaldo fue titular) y para Turqu\u00eda descont\u00f3 Burak Yilmaz, que desperdici\u00f3 un penal.<\/p>\n","protected":false},"excerpt":{"rendered":"<p>El campe\u00f3n de Europa cay\u00f3 como local 1 a 0 en el repechaje y se perder\u00e1 el m\u00e1ximo evento del f\u00fatbol por segunda vez consecutiva. Una noticia que sacude al deporte.<\/p>\n","protected":false},"author":2,"featured_media":37446,"comment_status":"open","ping_status":"open","sticky":false,"template":"","format":"standard","meta":{"om_disable_all_campaigns":false,"_monsterinsights_skip_tracking":false,"_monsterinsights_sitenote_active":false,"_monsterinsights_sitenote_note":"","_monsterinsights_sitenote_category":0,"_uf_show_specific_survey":0,"_uf_disable_surveys":false,"jetpack_post_was_ever_published":false,"_jetpack_newsletter_access":"","_jetpack_dont_email_post_to_subs":false,"_jetpack_newsletter_tier_id":0,"_jetpack_memberships_contains_paywalled_content":false,"_jetpack_memberships_contains_paid_content":false,"footnotes":"","jetpack_publicize_message":"","jetpack_publicize_feature_enabled":true,"jetpack_social_post_already_shared":false,"jetpack_social_options":{"image_generator_settings":{"template":"highway","default_image_id":0,"font":"","enabled":false},"version":2}},"categories":[6],"tags":[],"class_list":["post-37445","post","type-post","status-publish","format-standard","has-post-thumbnail","hentry","category-deportes"],"aioseo_notices":[],"views":10,"jetpack_publicize_connections":[],"jetpack_featured_media_url":"https:\/\/i0.wp.com\/elterritorialweb.com.ar\/web\/wp-content\/uploads\/2022\/03\/ITALIA-AFUERA.jpg?fit=1200%2C750","jetpack_sharing_enabled":true,"_links":{"self":[{"href":"http:\/\/elterritorialweb.com.ar\/web\/wp-json\/wp\/v2\/posts\/37445","targetHints":{"allow":["GET"]}}],"collection":[{"href":"http:\/\/elterritorialweb.com.ar\/web\/wp-json\/wp\/v2\/posts"}],"about":[{"href":"http:\/\/elterritorialweb.com.ar\/web\/wp-json\/wp\/v2\/types\/post"}],"author":[{"embeddable":true,"href":"http:\/\/elterritorialweb.com.ar\/web\/wp-json\/wp\/v2\/users\/2"}],"replies":[{"embeddable":true,"href":"http:\/\/elterritorialweb.com.ar\/web\/wp-json\/wp\/v2\/comments?post=37445"}],"version-history":[{"count":1,"href":"http:\/\/elterritorialweb.com.ar\/web\/wp-json\/wp\/v2\/posts\/37445\/revisions"}],"predecessor-version":[{"id":37451,"href":"http:\/\/elterritorialweb.com.ar\/web\/wp-json\/wp\/v2\/posts\/37445\/revisions\/37451"}],"wp:featuredmedia":[{"embeddable":true,"href":"http:\/\/elterritorialweb.com.ar\/web\/wp-json\/wp\/v2\/media\/37446"}],"wp:attachment":[{"href":"http:\/\/elterritorialweb.com.ar\/web\/wp-json\/wp\/v2\/media?parent=37445"}],"wp:term":[{"taxonomy":"category","embeddable":true,"href":"http:\/\/elterritorialweb.com.ar\/web\/wp-json\/wp\/v2\/categories?post=37445"},{"taxonomy":"post_tag","embeddable":true,"href":"http:\/\/elterritorialweb.com.ar\/web\/wp-json\/wp\/v2\/tags?post=37445"}],"curies":[{"name":"wp","href":"https:\/\/api.w.org\/{rel}","templated":true}]}}