{"id":37911,"date":"2022-04-01T18:27:06","date_gmt":"2022-04-01T18:27:06","guid":{"rendered":"http:\/\/elterritorialweb.com.ar\/web\/?p=37911"},"modified":"2022-04-01T18:27:07","modified_gmt":"2022-04-01T18:27:07","slug":"yo-hablo-de-autismo-en-la-ciudad-de-clodomira","status":"publish","type":"post","link":"http:\/\/elterritorialweb.com.ar\/web\/yo-hablo-de-autismo-en-la-ciudad-de-clodomira\/","title":{"rendered":"\u00abYO HABLO DE AUTISMO\u00bb EN LA CIUDAD DE CLODOMIRA"},"content":{"rendered":"\n<p>En la jornada de este viernes, el intendente de Clodomira, el profesor Daniel Ru\u00edz, se reuni\u00f3 con un grupo de madres, que llevan adelante una gran iniciativa: \u00abYo hablo de Autismo\u00bb, donde plantearon al jefe comunal, de llevar pol\u00edticas de concientizaci\u00f3n, capacitaci\u00f3n y acompa\u00f1amiento a la sociedad, sobre este trastorno.<\/p>\n\n\n\n<figure class=\"wp-block-image size-large\"><a href=\"https:\/\/i0.wp.com\/elterritorialweb.com.ar\/web\/wp-content\/uploads\/2022\/04\/clodomira-autismo-1.jpg\"><img data-recalc-dims=\"1\" decoding=\"async\" width=\"640\" height=\"288\" data-src=\"https:\/\/i0.wp.com\/elterritorialweb.com.ar\/web\/wp-content\/uploads\/2022\/04\/clodomira-autismo-1.jpg?resize=640%2C288\" alt=\"\" class=\"wp-image-37913 lazyload\" data-srcset=\"https:\/\/i0.wp.com\/elterritorialweb.com.ar\/web\/wp-content\/uploads\/2022\/04\/clodomira-autismo-1.jpg?resize=1024%2C461 1024w, https:\/\/i0.wp.com\/elterritorialweb.com.ar\/web\/wp-content\/uploads\/2022\/04\/clodomira-autismo-1.jpg?resize=300%2C135 300w, https:\/\/i0.wp.com\/elterritorialweb.com.ar\/web\/wp-content\/uploads\/2022\/04\/clodomira-autismo-1.jpg?resize=768%2C346 768w, https:\/\/i0.wp.com\/elterritorialweb.com.ar\/web\/wp-content\/uploads\/2022\/04\/clodomira-autismo-1.jpg?resize=1536%2C692 1536w, https:\/\/i0.wp.com\/elterritorialweb.com.ar\/web\/wp-content\/uploads\/2022\/04\/clodomira-autismo-1.jpg?w=2048 2048w, https:\/\/i0.wp.com\/elterritorialweb.com.ar\/web\/wp-content\/uploads\/2022\/04\/clodomira-autismo-1.jpg?w=1280 1280w, https:\/\/i0.wp.com\/elterritorialweb.com.ar\/web\/wp-content\/uploads\/2022\/04\/clodomira-autismo-1.jpg?w=1920 1920w\" data-sizes=\"(max-width: 640px) 100vw, 640px\" src=\"data:image\/svg+xml;base64,PHN2ZyB3aWR0aD0iMSIgaGVpZ2h0PSIxIiB4bWxucz0iaHR0cDovL3d3dy53My5vcmcvMjAwMC9zdmciPjwvc3ZnPg==\" style=\"--smush-placeholder-width: 640px; --smush-placeholder-aspect-ratio: 640\/288;\" \/><\/a><\/figure>\n\n\n\n<p> Por su parte, el intendente Ru\u00edz, se comprometi\u00f3 en acompa\u00f1ar estas pol\u00edticas y resalto la lucha diaria de estas madres por sus hijos en contra de esta problem\u00e1tica que afecta la integridad neurol\u00f3gica de las personas.  <\/p>\n\n\n\n<figure class=\"wp-block-image size-large\"><a href=\"https:\/\/i0.wp.com\/elterritorialweb.com.ar\/web\/wp-content\/uploads\/2022\/04\/clodomira-autismo-3.jpg\"><img data-recalc-dims=\"1\" decoding=\"async\" width=\"640\" height=\"795\" data-src=\"https:\/\/i0.wp.com\/elterritorialweb.com.ar\/web\/wp-content\/uploads\/2022\/04\/clodomira-autismo-3.jpg?resize=640%2C795\" alt=\"\" class=\"wp-image-37915 lazyload\" data-srcset=\"https:\/\/i0.wp.com\/elterritorialweb.com.ar\/web\/wp-content\/uploads\/2022\/04\/clodomira-autismo-3.jpg?resize=824%2C1024 824w, https:\/\/i0.wp.com\/elterritorialweb.com.ar\/web\/wp-content\/uploads\/2022\/04\/clodomira-autismo-3.jpg?resize=241%2C300 241w, https:\/\/i0.wp.com\/elterritorialweb.com.ar\/web\/wp-content\/uploads\/2022\/04\/clodomira-autismo-3.jpg?resize=768%2C955 768w, https:\/\/i0.wp.com\/elterritorialweb.com.ar\/web\/wp-content\/uploads\/2022\/04\/clodomira-autismo-3.jpg?resize=1235%2C1536 1235w, https:\/\/i0.wp.com\/elterritorialweb.com.ar\/web\/wp-content\/uploads\/2022\/04\/clodomira-autismo-3.jpg?resize=1024%2C1273 1024w, https:\/\/i0.wp.com\/elterritorialweb.com.ar\/web\/wp-content\/uploads\/2022\/04\/clodomira-autismo-3.jpg?w=1344 1344w\" data-sizes=\"(max-width: 640px) 100vw, 640px\" src=\"data:image\/svg+xml;base64,PHN2ZyB3aWR0aD0iMSIgaGVpZ2h0PSIxIiB4bWxucz0iaHR0cDovL3d3dy53My5vcmcvMjAwMC9zdmciPjwvc3ZnPg==\" style=\"--smush-placeholder-width: 640px; --smush-placeholder-aspect-ratio: 640\/795;\" \/><\/a><\/figure>\n\n\n\n<blockquote class=\"wp-block-quote is-layout-flow wp-block-quote-is-layout-flow\"><p><em>El TEA es un trastorno de origen neurobiol\u00f3gico que afecta a la configuraci\u00f3n del sistema nervioso y al funcionamiento cerebral, dando lugar a dificultades en dos \u00e1reas principalmente: la comunicaci\u00f3n e interacci\u00f3n social y la flexibilidad del pensamiento y de la conducta.<\/em><\/p><\/blockquote>\n","protected":false},"excerpt":{"rendered":"<p>Un grupo de madres que llevan adelante esta iniciativa, se reunieron con el Intendente Daniel Ru\u00edz.<\/p>\n","protected":false},"author":2,"featured_media":37912,"comment_status":"open","ping_status":"open","sticky":false,"template":"","format":"standard","meta":{"om_disable_all_campaigns":false,"_monsterinsights_skip_tracking":false,"_monsterinsights_sitenote_active":false,"_monsterinsights_sitenote_note":"","_monsterinsights_sitenote_category":0,"_uf_show_specific_survey":0,"_uf_disable_surveys":false,"jetpack_post_was_ever_published":false,"_jetpack_newsletter_access":"","_jetpack_dont_email_post_to_subs":false,"_jetpack_newsletter_tier_id":0,"_jetpack_memberships_contains_paywalled_content":false,"_jetpack_memberships_contains_paid_content":false,"footnotes":"","jetpack_publicize_message":"","jetpack_publicize_feature_enabled":true,"jetpack_social_post_already_shared":false,"jetpack_social_options":{"image_generator_settings":{"template":"highway","default_image_id":0,"font":"","enabled":false},"version":2}},"categories":[21],"tags":[],"class_list":["post-37911","post","type-post","status-publish","format-standard","has-post-thumbnail","hentry","category-locales"],"aioseo_notices":[],"views":11,"jetpack_publicize_connections":[],"jetpack_featured_media_url":"https:\/\/i0.wp.com\/elterritorialweb.com.ar\/web\/wp-content\/uploads\/2022\/04\/clodomira-autismo.jpg?fit=2048%2C922","jetpack_sharing_enabled":true,"_links":{"self":[{"href":"http:\/\/elterritorialweb.com.ar\/web\/wp-json\/wp\/v2\/posts\/37911","targetHints":{"allow":["GET"]}}],"collection":[{"href":"http:\/\/elterritorialweb.com.ar\/web\/wp-json\/wp\/v2\/posts"}],"about":[{"href":"http:\/\/elterritorialweb.com.ar\/web\/wp-json\/wp\/v2\/types\/post"}],"author":[{"embeddable":true,"href":"http:\/\/elterritorialweb.com.ar\/web\/wp-json\/wp\/v2\/users\/2"}],"replies":[{"embeddable":true,"href":"http:\/\/elterritorialweb.com.ar\/web\/wp-json\/wp\/v2\/comments?post=37911"}],"version-history":[{"count":1,"href":"http:\/\/elterritorialweb.com.ar\/web\/wp-json\/wp\/v2\/posts\/37911\/revisions"}],"predecessor-version":[{"id":37916,"href":"http:\/\/elterritorialweb.com.ar\/web\/wp-json\/wp\/v2\/posts\/37911\/revisions\/37916"}],"wp:featuredmedia":[{"embeddable":true,"href":"http:\/\/elterritorialweb.com.ar\/web\/wp-json\/wp\/v2\/media\/37912"}],"wp:attachment":[{"href":"http:\/\/elterritorialweb.com.ar\/web\/wp-json\/wp\/v2\/media?parent=37911"}],"wp:term":[{"taxonomy":"category","embeddable":true,"href":"http:\/\/elterritorialweb.com.ar\/web\/wp-json\/wp\/v2\/categories?post=37911"},{"taxonomy":"post_tag","embeddable":true,"href":"http:\/\/elterritorialweb.com.ar\/web\/wp-json\/wp\/v2\/tags?post=37911"}],"curies":[{"name":"wp","href":"https:\/\/api.w.org\/{rel}","templated":true}]}}