{"id":37917,"date":"2022-04-01T19:09:12","date_gmt":"2022-04-01T19:09:12","guid":{"rendered":"http:\/\/elterritorialweb.com.ar\/web\/?p=37917"},"modified":"2022-04-01T19:19:00","modified_gmt":"2022-04-01T19:19:00","slug":"sorteo-mundial-argentina-jugara-con-arabia-saudita-mexico-y-polonia-en-el-grupo-c","status":"publish","type":"post","link":"http:\/\/elterritorialweb.com.ar\/web\/sorteo-mundial-argentina-jugara-con-arabia-saudita-mexico-y-polonia-en-el-grupo-c\/","title":{"rendered":"SORTEO MUNDIAL: ARGENTINA JUGAR\u00c1 CON ARABIA SAUDITA, M\u00c9XICO Y POLONIA, EN EL GRUPO C"},"content":{"rendered":"\n<p>El seleccionado argentino, vigente campe\u00f3n de la Copa Am\u00e9rica, compartir\u00e1 con Arabia Saudita, M\u00e9xico y Polonia el Grupo C del Mundial Qatar 2022, dispuso hoy el sorteo realizado en el Centro de Exhibiciones y Congresos de Doha, capital del pa\u00eds \u00e1rabe.<\/p>\n\n\n\n<p>El equipo de Lionel Scaloni, que ostenta el invicto m\u00e1s largo del f\u00fatbol actual (31 partidos), debutar\u00e1 con Arabia Saudita, el martes 22 de noviembre a las 16:00 en el Estadio Ic\u00f3nico de Lusail, sede de la final del 18 de diciembre.<\/p>\n\n\n\n<figure class=\"wp-block-image size-large\"><a href=\"https:\/\/i0.wp.com\/elterritorialweb.com.ar\/web\/wp-content\/uploads\/2022\/04\/SORTEO-MUNDIAL-3-scaled.jpg\"><img data-recalc-dims=\"1\" decoding=\"async\" width=\"640\" height=\"427\" data-src=\"https:\/\/i0.wp.com\/elterritorialweb.com.ar\/web\/wp-content\/uploads\/2022\/04\/SORTEO-MUNDIAL-3.jpg?resize=640%2C427\" alt=\"\" class=\"wp-image-37921 lazyload\" data-srcset=\"https:\/\/i0.wp.com\/elterritorialweb.com.ar\/web\/wp-content\/uploads\/2022\/04\/SORTEO-MUNDIAL-3-scaled.jpg?resize=1024%2C683 1024w, https:\/\/i0.wp.com\/elterritorialweb.com.ar\/web\/wp-content\/uploads\/2022\/04\/SORTEO-MUNDIAL-3-scaled.jpg?resize=300%2C200 300w, https:\/\/i0.wp.com\/elterritorialweb.com.ar\/web\/wp-content\/uploads\/2022\/04\/SORTEO-MUNDIAL-3-scaled.jpg?resize=768%2C512 768w, https:\/\/i0.wp.com\/elterritorialweb.com.ar\/web\/wp-content\/uploads\/2022\/04\/SORTEO-MUNDIAL-3-scaled.jpg?resize=1536%2C1024 1536w, https:\/\/i0.wp.com\/elterritorialweb.com.ar\/web\/wp-content\/uploads\/2022\/04\/SORTEO-MUNDIAL-3-scaled.jpg?resize=2048%2C1366 2048w, https:\/\/i0.wp.com\/elterritorialweb.com.ar\/web\/wp-content\/uploads\/2022\/04\/SORTEO-MUNDIAL-3-scaled.jpg?w=1280 1280w, https:\/\/i0.wp.com\/elterritorialweb.com.ar\/web\/wp-content\/uploads\/2022\/04\/SORTEO-MUNDIAL-3-scaled.jpg?w=1920 1920w\" data-sizes=\"(max-width: 640px) 100vw, 640px\" src=\"data:image\/svg+xml;base64,PHN2ZyB3aWR0aD0iMSIgaGVpZ2h0PSIxIiB4bWxucz0iaHR0cDovL3d3dy53My5vcmcvMjAwMC9zdmciPjwvc3ZnPg==\" style=\"--smush-placeholder-width: 640px; --smush-placeholder-aspect-ratio: 640\/427;\" \/><\/a><\/figure>\n\n\n\n<p>En el segundo partido, el s\u00e1bado 26 a las 10:00 en el Estadio Education City, Doha, llegar\u00e1 un viejo conocido en las Copas del Mundo: M\u00e9xico, que es dirigido por el rosarino Gerardo \u00abTata\u00bb Martino.<\/p>\n\n\n\n<p>Finalmente, Polonia, liderado por el goleador Robert Lewandowski, ganador del \u00faltimo premio FIFA The Best al mejor futbolista del mundo, ser\u00e1 el \u00faltimo adversario el mi\u00e9rcoles 30 a las 16:00, nuevamente en Lusail.<\/p>\n\n\n\n<p>Argentina, clasificado en el segundo puesto de las Eliminatorias Sudamericanas de la Conmebol, afrontar\u00e1 su 19na. Copa del Mundo de la FIFA, en busca del tercer t\u00edtulo de la historia tras los conseguidos como local en 1978 y en M\u00e9xico 1096.<\/p>\n\n\n\n<figure class=\"wp-block-image size-full\"><a href=\"https:\/\/i0.wp.com\/elterritorialweb.com.ar\/web\/wp-content\/uploads\/2022\/04\/sorteo-mundial.jpg\"><img data-recalc-dims=\"1\" decoding=\"async\" width=\"640\" height=\"360\" data-src=\"https:\/\/i0.wp.com\/elterritorialweb.com.ar\/web\/wp-content\/uploads\/2022\/04\/sorteo-mundial.jpg?resize=640%2C360\" alt=\"\" class=\"wp-image-37924 lazyload\" data-srcset=\"https:\/\/i0.wp.com\/elterritorialweb.com.ar\/web\/wp-content\/uploads\/2022\/04\/sorteo-mundial.jpg?w=900 900w, https:\/\/i0.wp.com\/elterritorialweb.com.ar\/web\/wp-content\/uploads\/2022\/04\/sorteo-mundial.jpg?resize=300%2C169 300w, https:\/\/i0.wp.com\/elterritorialweb.com.ar\/web\/wp-content\/uploads\/2022\/04\/sorteo-mundial.jpg?resize=768%2C432 768w\" data-sizes=\"(max-width: 640px) 100vw, 640px\" src=\"data:image\/svg+xml;base64,PHN2ZyB3aWR0aD0iMSIgaGVpZ2h0PSIxIiB4bWxucz0iaHR0cDovL3d3dy53My5vcmcvMjAwMC9zdmciPjwvc3ZnPg==\" style=\"--smush-placeholder-width: 640px; --smush-placeholder-aspect-ratio: 640\/360;\" \/><\/a><\/figure>\n\n\n\n<p>Ubicada en el cuarto puesto hist\u00f3rico de los Mundiales, la \u00abAlbiceleste\u00bb fue tambi\u00e9n finalista en las ediciones Uruguay 1930, Italia 1990 y Brasil 2014, la primera perdida ante el seleccionado rioplatense y las dos \u00faltimas frente a Alemania.<\/p>\n\n\n\n<p>Qatar 2022, primer Mundial que organizar\u00e1 un pa\u00eds de Medio Oriente, ser\u00e1 la quinta Copa consecutiva para Lionel Messi, quien se convertir\u00e1 en el futbolista argentino de mayor presencia hist\u00f3rica si consigue al menos disputar los tres partidos de la fase de grupos.<\/p>\n\n\n\n<p>El astro rosarino, de 34 a\u00f1os, acumula 19 encuentros entre Alemania 2006, Sud\u00e1frica 2010, Brasil 2014 y Rusia 2018, s\u00f3lo por debajo de Diego Maradona (21) y Javier Mascherano (20).<\/p>\n\n\n\n<p><strong>EL FIXTURE DE LA<\/strong> <strong>COPA DEL MUNDO QATAR 2022<\/strong><\/p>\n\n\n\n<figure class=\"wp-block-image size-full\"><a href=\"https:\/\/i0.wp.com\/elterritorialweb.com.ar\/web\/wp-content\/uploads\/2022\/04\/sorteo-mundial-1.jpg\"><img data-recalc-dims=\"1\" decoding=\"async\" width=\"640\" height=\"333\" data-src=\"https:\/\/i0.wp.com\/elterritorialweb.com.ar\/web\/wp-content\/uploads\/2022\/04\/sorteo-mundial-1.jpg?resize=640%2C333\" alt=\"\" class=\"wp-image-37923 lazyload\" data-srcset=\"https:\/\/i0.wp.com\/elterritorialweb.com.ar\/web\/wp-content\/uploads\/2022\/04\/sorteo-mundial-1.jpg?w=951 951w, https:\/\/i0.wp.com\/elterritorialweb.com.ar\/web\/wp-content\/uploads\/2022\/04\/sorteo-mundial-1.jpg?resize=300%2C156 300w, https:\/\/i0.wp.com\/elterritorialweb.com.ar\/web\/wp-content\/uploads\/2022\/04\/sorteo-mundial-1.jpg?resize=768%2C400 768w\" data-sizes=\"(max-width: 640px) 100vw, 640px\" src=\"data:image\/svg+xml;base64,PHN2ZyB3aWR0aD0iMSIgaGVpZ2h0PSIxIiB4bWxucz0iaHR0cDovL3d3dy53My5vcmcvMjAwMC9zdmciPjwvc3ZnPg==\" style=\"--smush-placeholder-width: 640px; --smush-placeholder-aspect-ratio: 640\/333;\" \/><\/a><\/figure>\n\n\n\n<h3 class=\"wp-block-heading\">La ceremonia del sorteo mundialista<\/h3>\n\n\n\n<p>En un segmento de la ceremonia dedicado a los \u00edconos del f\u00fatbol,\u00a0la FIFA homenaje\u00f3 a Diego Maradona.<\/p>\n\n\n\n<p>Junto con el astro argentino, fallecido en 2020,\u00a0fueron recordados otros hist\u00f3ricos futbolistas como el italiano Paolo Rossi, el ingl\u00e9s Gordon Banks y el alem\u00e1n Gerd Muller.{<\/p>\n\n\n\n<p>En su discurso durante la ceremonia,\u00a0el presidente de la FIFA, el suizo Gianni Infantino, pidi\u00f3 que se \u00abpare la guerra\u00bb en Ucrania.\u00a0<\/p>\n\n\n\n<p>\u00abEn este momentos nos enfrentamos a turbulencias por las que sufre el mundo, un mundo agresivo, y necesitamos de celebraciones como estas que unen al mundo. Sabemos que millones de personas nos miran y el pedido de la FIFA es que paren la guerra, por favor dialoguen\u00bb, enfatiz\u00f3.<\/p>\n","protected":false},"excerpt":{"rendered":"<p>El seleccionado nacional debutar\u00e1 el 22 de noviembre ante los asi\u00e1ticos, mientras que luego har\u00e1 lo propio \u00abaztecas\u00bb y cerrar\u00e1 la fase de grupos el 30 de noviembre ante los europeos. Qatar y Ecuador disputar\u00e1n el juego inaugural el 21 de noviembre.<\/p>\n","protected":false},"author":2,"featured_media":37918,"comment_status":"open","ping_status":"open","sticky":false,"template":"","format":"standard","meta":{"om_disable_all_campaigns":false,"_monsterinsights_skip_tracking":false,"_monsterinsights_sitenote_active":false,"_monsterinsights_sitenote_note":"","_monsterinsights_sitenote_category":0,"_uf_show_specific_survey":0,"_uf_disable_surveys":false,"jetpack_post_was_ever_published":false,"_jetpack_newsletter_access":"","_jetpack_dont_email_post_to_subs":false,"_jetpack_newsletter_tier_id":0,"_jetpack_memberships_contains_paywalled_content":false,"_jetpack_memberships_contains_paid_content":false,"footnotes":"","jetpack_publicize_message":"","jetpack_publicize_feature_enabled":true,"jetpack_social_post_already_shared":false,"jetpack_social_options":{"image_generator_settings":{"template":"highway","default_image_id":0,"font":"","enabled":false},"version":2}},"categories":[6],"tags":[],"class_list":["post-37917","post","type-post","status-publish","format-standard","has-post-thumbnail","hentry","category-deportes"],"aioseo_notices":[],"views":12,"jetpack_publicize_connections":[],"jetpack_featured_media_url":"https:\/\/i0.wp.com\/elterritorialweb.com.ar\/web\/wp-content\/uploads\/2022\/04\/sorteo-mundial-portada-2.jpg?fit=1105%2C772","jetpack_sharing_enabled":true,"_links":{"self":[{"href":"http:\/\/elterritorialweb.com.ar\/web\/wp-json\/wp\/v2\/posts\/37917","targetHints":{"allow":["GET"]}}],"collection":[{"href":"http:\/\/elterritorialweb.com.ar\/web\/wp-json\/wp\/v2\/posts"}],"about":[{"href":"http:\/\/elterritorialweb.com.ar\/web\/wp-json\/wp\/v2\/types\/post"}],"author":[{"embeddable":true,"href":"http:\/\/elterritorialweb.com.ar\/web\/wp-json\/wp\/v2\/users\/2"}],"replies":[{"embeddable":true,"href":"http:\/\/elterritorialweb.com.ar\/web\/wp-json\/wp\/v2\/comments?post=37917"}],"version-history":[{"count":2,"href":"http:\/\/elterritorialweb.com.ar\/web\/wp-json\/wp\/v2\/posts\/37917\/revisions"}],"predecessor-version":[{"id":37925,"href":"http:\/\/elterritorialweb.com.ar\/web\/wp-json\/wp\/v2\/posts\/37917\/revisions\/37925"}],"wp:featuredmedia":[{"embeddable":true,"href":"http:\/\/elterritorialweb.com.ar\/web\/wp-json\/wp\/v2\/media\/37918"}],"wp:attachment":[{"href":"http:\/\/elterritorialweb.com.ar\/web\/wp-json\/wp\/v2\/media?parent=37917"}],"wp:term":[{"taxonomy":"category","embeddable":true,"href":"http:\/\/elterritorialweb.com.ar\/web\/wp-json\/wp\/v2\/categories?post=37917"},{"taxonomy":"post_tag","embeddable":true,"href":"http:\/\/elterritorialweb.com.ar\/web\/wp-json\/wp\/v2\/tags?post=37917"}],"curies":[{"name":"wp","href":"https:\/\/api.w.org\/{rel}","templated":true}]}}