{"id":37926,"date":"2022-04-01T19:42:35","date_gmt":"2022-04-01T19:42:35","guid":{"rendered":"http:\/\/elterritorialweb.com.ar\/web\/?p=37926"},"modified":"2022-04-01T19:42:35","modified_gmt":"2022-04-01T19:42:35","slug":"neder-desde-la-militancia-popular-vamos-a-defender-santiago-del-estero","status":"publish","type":"post","link":"http:\/\/elterritorialweb.com.ar\/web\/neder-desde-la-militancia-popular-vamos-a-defender-santiago-del-estero\/","title":{"rendered":"NEDER: \u00abDESDE LA MILITANCIA POPULAR, VAMOS A DEFENDER SANTIAGO DEL ESTERO\u00bb"},"content":{"rendered":"\n<p>Este viernes se llev\u00f3 a cabo el Congreso Provincial del Partido Justicialista Distrito Santiago del Estero, en las instalaciones del Polideportivo Gremio Luz y Fuerza, en La Banda, retornando a la modalidad presencial tras dos a\u00f1os de pandemia, con una concurrencia certificada por el veedor de la Justicia Electoral Federal, Ra\u00fal Cabanillas.<\/p>\n\n\n\n<p><strong>Desarrollo<\/strong><\/p>\n\n\n\n<p>Presidido por el actual ministro de Gobierno, Dr. Marcelo Barbur, durante la apertura realiz\u00f3 un emotivo minuto de silencio en memoria de los compa\u00f1eros fallecidos, y a continuaci\u00f3n se dio paso al reemplazo de congresales fallecidos. En tal sentido fueron incorporados Juan Pastor P\u00e9rez, Silvina Santana y Gloria Paz (Capital), Wiliam Che\u00edn (Avellaneda), Elsa Segura (Banda), Rub\u00e9n Talavera (Jim\u00e9nez), Rub\u00e9n Balbuena (Moreno), Miriam Rodr\u00edguez (Ojo de Agua), Celia Ledesma (Pellegrini) y Mabel Jim\u00e9nez (Robles).Posteriormente se aprob\u00f3 la Memoria y Balance de los ejercicios 2019, 2020 y 2021, al igual que la ratificaci\u00f3n de la delegaci\u00f3n de facultades para formar alianzas y\/o frentes electorales del Congreso Partidario para con el Consejo Provincial.<\/p>\n\n\n\n<figure class=\"wp-block-image size-large\"><a href=\"https:\/\/i0.wp.com\/elterritorialweb.com.ar\/web\/wp-content\/uploads\/2022\/04\/NEDER-2.jpg\"><img data-recalc-dims=\"1\" decoding=\"async\" width=\"640\" height=\"427\" data-src=\"https:\/\/i0.wp.com\/elterritorialweb.com.ar\/web\/wp-content\/uploads\/2022\/04\/NEDER-2.jpg?resize=640%2C427\" alt=\"\" class=\"wp-image-37929 lazyload\" data-srcset=\"https:\/\/i0.wp.com\/elterritorialweb.com.ar\/web\/wp-content\/uploads\/2022\/04\/NEDER-2.jpg?resize=1024%2C683 1024w, https:\/\/i0.wp.com\/elterritorialweb.com.ar\/web\/wp-content\/uploads\/2022\/04\/NEDER-2.jpg?resize=300%2C200 300w, https:\/\/i0.wp.com\/elterritorialweb.com.ar\/web\/wp-content\/uploads\/2022\/04\/NEDER-2.jpg?resize=768%2C512 768w, https:\/\/i0.wp.com\/elterritorialweb.com.ar\/web\/wp-content\/uploads\/2022\/04\/NEDER-2.jpg?resize=1536%2C1025 1536w, https:\/\/i0.wp.com\/elterritorialweb.com.ar\/web\/wp-content\/uploads\/2022\/04\/NEDER-2.jpg?w=1686 1686w, https:\/\/i0.wp.com\/elterritorialweb.com.ar\/web\/wp-content\/uploads\/2022\/04\/NEDER-2.jpg?w=1280 1280w\" data-sizes=\"(max-width: 640px) 100vw, 640px\" src=\"data:image\/svg+xml;base64,PHN2ZyB3aWR0aD0iMSIgaGVpZ2h0PSIxIiB4bWxucz0iaHR0cDovL3d3dy53My5vcmcvMjAwMC9zdmciPjwvc3ZnPg==\" style=\"--smush-placeholder-width: 640px; --smush-placeholder-aspect-ratio: 640\/427;\" \/><\/a><\/figure>\n\n\n\n<p>Al momento de los mensajes pronunciaron alocuciones el vicegobernador Dr. Carlos Silva Neder, refiri\u00e9ndose a la continuidad de actividades v\u00eda plataformas virtuales efectuadas durante el tiempo de pandemia; y el secretario general de la CGT Regional Santiago del Estero, Jos\u00e9 G\u00f3mez, ratificando el compromiso y acompa\u00f1amiento gremial; entre otros dirigentes. <\/p>\n\n\n\n<p><strong>Saludo del gobernador Zamora<\/strong><\/p>\n\n\n\n<p>Tambi\u00e9n se puso al aire un audio enviado por el gobernador Gerardo Zamora, quien salud\u00f3 \u201ccon un fuerte abrazo y <strong>felicitaciones<\/strong> a mi querido amigo Pich\u00f3n, a todas las autoridades, dirigentes y militantes reunidos en este Congreso del Partido Justicialista. Para m\u00ed es un honor que estemos trabajando juntos, de todo coraz\u00f3n un afectuoso saludo, y mis disculpas por no poder asistir debido a compromisos oficiales asumidos con anterioridad\u201d, remarc\u00f3 el mandatario.<\/p>\n\n\n\n<p><strong>Cierre de Neder<\/strong><\/p>\n\n\n\n<p>El discurso de cierre estuvo a cargo del senador nacional y titular del PJ local, Jos\u00e9 Emilio Neder, que en principio ponder\u00f3 <em>\u201cla fuerte presencia dirigencial y militante del peronismo en este escenario de construcci\u00f3n pol\u00edtica de unidad provincial, logrando que los santiague\u00f1os cada vez tengan mayores y mejores oportunidades, con un desarrollo en obras y servicios que tambi\u00e9n alcanza al interior profundo\u201d. \u201cDespu\u00e9s de la pandemia, nada m\u00e1s lindo que vernos personalmente, abrazarnos y expresarnos desde ese cari\u00f1o que nos distingue en la militancia a los peronistas, porque somos un partido pol\u00edtico de compromiso con la gente\u201d<\/em>, subray\u00f3 emotivamente.<\/p>\n\n\n\n<figure class=\"wp-block-image size-large\"><a href=\"https:\/\/i0.wp.com\/elterritorialweb.com.ar\/web\/wp-content\/uploads\/2022\/04\/NEDER-1.jpg\"><img data-recalc-dims=\"1\" decoding=\"async\" width=\"640\" height=\"427\" data-src=\"https:\/\/i0.wp.com\/elterritorialweb.com.ar\/web\/wp-content\/uploads\/2022\/04\/NEDER-1.jpg?resize=640%2C427\" alt=\"\" class=\"wp-image-37928 lazyload\" data-srcset=\"https:\/\/i0.wp.com\/elterritorialweb.com.ar\/web\/wp-content\/uploads\/2022\/04\/NEDER-1.jpg?resize=1024%2C683 1024w, https:\/\/i0.wp.com\/elterritorialweb.com.ar\/web\/wp-content\/uploads\/2022\/04\/NEDER-1.jpg?resize=300%2C200 300w, https:\/\/i0.wp.com\/elterritorialweb.com.ar\/web\/wp-content\/uploads\/2022\/04\/NEDER-1.jpg?resize=768%2C512 768w, https:\/\/i0.wp.com\/elterritorialweb.com.ar\/web\/wp-content\/uploads\/2022\/04\/NEDER-1.jpg?resize=1536%2C1025 1536w, https:\/\/i0.wp.com\/elterritorialweb.com.ar\/web\/wp-content\/uploads\/2022\/04\/NEDER-1.jpg?w=1686 1686w, https:\/\/i0.wp.com\/elterritorialweb.com.ar\/web\/wp-content\/uploads\/2022\/04\/NEDER-1.jpg?w=1280 1280w\" data-sizes=\"(max-width: 640px) 100vw, 640px\" src=\"data:image\/svg+xml;base64,PHN2ZyB3aWR0aD0iMSIgaGVpZ2h0PSIxIiB4bWxucz0iaHR0cDovL3d3dy53My5vcmcvMjAwMC9zdmciPjwvc3ZnPg==\" style=\"--smush-placeholder-width: 640px; --smush-placeholder-aspect-ratio: 640\/427;\" \/><\/a><\/figure>\n\n\n\n<p>En otro p\u00e1rrafo, hizo alusi\u00f3n a que <em>\u201cfelicitamos y acompa\u00f1amos al gobernador Zamora en el firme planteo que ha hecho por este ataque que nos est\u00e1n haciendo, teniendo en cuenta la posibilidad que si la Corte Suprema falla a favor de la rica ciudad de Buenos Aires, en la causa donde por decreto el ex presidente Macri le otorg\u00f3 una parte de la coparticipaci\u00f3n que nos corresponde a las provincias, ser\u00eda un da\u00f1o inmenso y eso esperemos que no ocurra. Hay que estar atentos y alertas, porque las posiciones de la derecha y los sectores econ\u00f3micos concentrados, que nada tienen que ver con los sectores populares, tienen intereses contrapuestos al federalismo\u201d. \u201cNuestra posici\u00f3n es clara: los peronistas vamos a defender Santiago del Estero y la Argentina desde espacios de militancia populares. Nuestra estructura luchar\u00e1 siempre para que la construcci\u00f3n del poder y la distribuci\u00f3n del ingreso sea equilibrada, y vaya destinada a generar igualdad de posibilidades en cada rinc\u00f3n del territorio. Con trabajo, con generaci\u00f3n de empleo y con justicia social\u201d,<\/em> concluy\u00f3.<\/p>\n","protected":false},"excerpt":{"rendered":"<p>El senador nacional y titular del PJ santiague\u00f1o brind\u00f3 su mensaje de cierre durante el Congreso Provincial, expres\u00e1ndose con relaci\u00f3n a la posibilidad de que la Corte Suprema falle a favor de la CABA en el litigio contra las dem\u00e1s provincias por la coparticipaci\u00f3n.<\/p>\n","protected":false},"author":2,"featured_media":37927,"comment_status":"open","ping_status":"open","sticky":false,"template":"","format":"standard","meta":{"om_disable_all_campaigns":false,"_monsterinsights_skip_tracking":false,"_monsterinsights_sitenote_active":false,"_monsterinsights_sitenote_note":"","_monsterinsights_sitenote_category":0,"_uf_show_specific_survey":0,"_uf_disable_surveys":false,"jetpack_post_was_ever_published":false,"_jetpack_newsletter_access":"","_jetpack_dont_email_post_to_subs":false,"_jetpack_newsletter_tier_id":0,"_jetpack_memberships_contains_paywalled_content":false,"_jetpack_memberships_contains_paid_content":false,"footnotes":"","jetpack_publicize_message":"","jetpack_publicize_feature_enabled":true,"jetpack_social_post_already_shared":false,"jetpack_social_options":{"image_generator_settings":{"template":"highway","default_image_id":0,"font":"","enabled":false},"version":2}},"categories":[18],"tags":[],"class_list":["post-37926","post","type-post","status-publish","format-standard","has-post-thumbnail","hentry","category-politica"],"aioseo_notices":[],"views":8,"jetpack_publicize_connections":[],"jetpack_featured_media_url":"https:\/\/i0.wp.com\/elterritorialweb.com.ar\/web\/wp-content\/uploads\/2022\/04\/NEDER.jpg?fit=1686%2C1125","jetpack_sharing_enabled":true,"_links":{"self":[{"href":"http:\/\/elterritorialweb.com.ar\/web\/wp-json\/wp\/v2\/posts\/37926","targetHints":{"allow":["GET"]}}],"collection":[{"href":"http:\/\/elterritorialweb.com.ar\/web\/wp-json\/wp\/v2\/posts"}],"about":[{"href":"http:\/\/elterritorialweb.com.ar\/web\/wp-json\/wp\/v2\/types\/post"}],"author":[{"embeddable":true,"href":"http:\/\/elterritorialweb.com.ar\/web\/wp-json\/wp\/v2\/users\/2"}],"replies":[{"embeddable":true,"href":"http:\/\/elterritorialweb.com.ar\/web\/wp-json\/wp\/v2\/comments?post=37926"}],"version-history":[{"count":1,"href":"http:\/\/elterritorialweb.com.ar\/web\/wp-json\/wp\/v2\/posts\/37926\/revisions"}],"predecessor-version":[{"id":37930,"href":"http:\/\/elterritorialweb.com.ar\/web\/wp-json\/wp\/v2\/posts\/37926\/revisions\/37930"}],"wp:featuredmedia":[{"embeddable":true,"href":"http:\/\/elterritorialweb.com.ar\/web\/wp-json\/wp\/v2\/media\/37927"}],"wp:attachment":[{"href":"http:\/\/elterritorialweb.com.ar\/web\/wp-json\/wp\/v2\/media?parent=37926"}],"wp:term":[{"taxonomy":"category","embeddable":true,"href":"http:\/\/elterritorialweb.com.ar\/web\/wp-json\/wp\/v2\/categories?post=37926"},{"taxonomy":"post_tag","embeddable":true,"href":"http:\/\/elterritorialweb.com.ar\/web\/wp-json\/wp\/v2\/tags?post=37926"}],"curies":[{"name":"wp","href":"https:\/\/api.w.org\/{rel}","templated":true}]}}