{"id":37931,"date":"2022-04-01T20:05:49","date_gmt":"2022-04-01T20:05:49","guid":{"rendered":"http:\/\/elterritorialweb.com.ar\/web\/?p=37931"},"modified":"2022-04-01T20:05:50","modified_gmt":"2022-04-01T20:05:50","slug":"reuniones-para-llevar-informacion-de-la-unse-a-todo-el-territorio","status":"publish","type":"post","link":"http:\/\/elterritorialweb.com.ar\/web\/reuniones-para-llevar-informacion-de-la-unse-a-todo-el-territorio\/","title":{"rendered":"REUNIONES PARA LLEVAR INFORMACI\u00d3N DE LA UNSE A TODO EL TERRITORIO"},"content":{"rendered":"\n<p>La UNSE emprendi\u00f3 el desaf\u00edo de llevar la comunicaci\u00f3n universitaria a todo el territorio provincial, a trav\u00e9s de la Agencia de Noticias y Contenidos Universitarios para el Territorio. Y en ese camino, conformar alianzas estrat\u00e9gicas con los gobiernos locales permite avanzar en el cumplimiento de los objetivos propuestos.<\/p>\n\n\n\n<p>El mi\u00e9rcoles 30 de marzo, en el marco de la firma de convenios de la UNSE con numerosos intendentes\/as y comisionados\/as, se concretaron reuniones de trabajo con la subsecretaria de Comunicaciones, Lic. Gabriela Moyano, y el coordinador de la Agencia, Lic. Sergio Salerno para avanzar en acciones que permitan la democratizaci\u00f3n de la comunicaci\u00f3n universitaria.<\/p>\n\n\n\n<p>En di\u00e1logo con las autoridades locales, se describieron las actividades que lleva adelante la Agencia con el prop\u00f3sito de hacer llegar a la mayor cantidad de ciudadanos y ciudadanas de nuestra provincia las noticias acad\u00e9micas, de extensi\u00f3n, investigaci\u00f3n y otros servicios que presta la Universidad.<br>\u201cLa comunicaci\u00f3n es un derecho y las noticias universitarias son una oportunidad de desarrollo individual y social\u201d, sintetiz\u00f3 Salerno.<\/p>\n\n\n\n<p>Seguidamente, la Subsecretaria propuso avanzar articular colaborativamente con los municipios, comisiones municipales y las radios y portales de influencia en las respectivas localidades, formalizando en un convenio a firmarse oportunamente.<\/p>\n\n\n\n<figure class=\"wp-block-image size-full\"><a href=\"https:\/\/i0.wp.com\/elterritorialweb.com.ar\/web\/wp-content\/uploads\/2022\/04\/WhatsApp-Image-2022-04-01-at-7.40.18-PM.jpeg\"><img data-recalc-dims=\"1\" decoding=\"async\" width=\"640\" height=\"343\" data-src=\"https:\/\/i0.wp.com\/elterritorialweb.com.ar\/web\/wp-content\/uploads\/2022\/04\/WhatsApp-Image-2022-04-01-at-7.40.18-PM.jpeg?resize=640%2C343\" alt=\"\" class=\"wp-image-37933 lazyload\" data-srcset=\"https:\/\/i0.wp.com\/elterritorialweb.com.ar\/web\/wp-content\/uploads\/2022\/04\/WhatsApp-Image-2022-04-01-at-7.40.18-PM.jpeg?w=1024 1024w, https:\/\/i0.wp.com\/elterritorialweb.com.ar\/web\/wp-content\/uploads\/2022\/04\/WhatsApp-Image-2022-04-01-at-7.40.18-PM.jpeg?resize=300%2C161 300w, https:\/\/i0.wp.com\/elterritorialweb.com.ar\/web\/wp-content\/uploads\/2022\/04\/WhatsApp-Image-2022-04-01-at-7.40.18-PM.jpeg?resize=768%2C411 768w\" data-sizes=\"(max-width: 640px) 100vw, 640px\" src=\"data:image\/svg+xml;base64,PHN2ZyB3aWR0aD0iMSIgaGVpZ2h0PSIxIiB4bWxucz0iaHR0cDovL3d3dy53My5vcmcvMjAwMC9zdmciPjwvc3ZnPg==\" style=\"--smush-placeholder-width: 640px; --smush-placeholder-aspect-ratio: 640\/343;\" \/><\/a><figcaption>Reuni\u00f3n con comisionados municipales<\/figcaption><\/figure>\n\n\n\n<p>Las autoridades locales coincidieron en la importancia de fortalecer esta estrategia de comunicaci\u00f3n que se suma a las actividades conjuntas que se despliegan en todo el territorio provincial, entre la UNSE y gobiernos comunales.<\/p>\n\n\n\n<p>La Agencia de Noticias y Contenidos Universitarios provee informaci\u00f3n de manera gratuita a m\u00e1s de 60 medios (radios y portales) del territorio provincial y busca a aumentar ese n\u00famero para alcanzar a m\u00e1s audiencias y lectores.<\/p>\n\n\n\n<p>En las reuniones participaron la intendenta de Suncho Corral Estela Priotti y los intendentes de Beltr\u00e1n, Miguel \u00c1lvarez; de Campo Gallo, Juan Carlos Altamirano; de Nueva Esperanza, Hugo Ram\u00f3n Guerrero; de Frias, An\u00edbal Padula; de Tintina, Luis Alberto Gonz\u00e1lez; y de Villa Atamisqui, Roberto Brand\u00e1n.<\/p>\n\n\n\n<p>Adem\u00e1s, estuvieron presentes las comisionadas y los comisionados de Antaj\u00e9, Carlos D\u00edaz; de Bandera Bajada, Ra\u00fal Silvestre Paz; de Caspi Corral, Aldo Toledo; de Chaupi Pozo, Patricia Alejandra Veliz; de Guampacha, Joaqu\u00edn Salvatierra; de El Cruce, H\u00e9ctor Roberto Torres; de El Cuadrado, Walter Adolfo Ju\u00e1rez; de Herrera, Marco Bravo; de Huachana, N\u00e9lida Gonz\u00e1lez; de Los Nu\u00f1ez, Daniel Palavecino; de Nueva Francia, Manuel Medina; de Santa Mar\u00eda, Felipe Fern\u00e1ndez; de Santos Lugares, Zully Abraham; de Taboada, Carlos Daniel Gallardo y de Villa Robles, Juan Manuel Concha.<\/p>\n","protected":false},"excerpt":{"rendered":"<p>La subsecretaria de Comunicaciones, Lic. Gabriela Moyano, y el coordinador de la Agencia, Lic. Sergio Salerno se reunieron con comisionados\/as e intendentes\/as del interior provincial, para avanzar en acciones concretas que permitan sumar medios y llevar la informaci\u00f3n universitaria a todo el territorio.<\/p>\n","protected":false},"author":2,"featured_media":37932,"comment_status":"open","ping_status":"open","sticky":false,"template":"","format":"standard","meta":{"om_disable_all_campaigns":false,"_monsterinsights_skip_tracking":false,"_monsterinsights_sitenote_active":false,"_monsterinsights_sitenote_note":"","_monsterinsights_sitenote_category":0,"_uf_show_specific_survey":0,"_uf_disable_surveys":false,"jetpack_post_was_ever_published":false,"_jetpack_newsletter_access":"","_jetpack_dont_email_post_to_subs":false,"_jetpack_newsletter_tier_id":0,"_jetpack_memberships_contains_paywalled_content":false,"_jetpack_memberships_contains_paid_content":false,"footnotes":"","jetpack_publicize_message":"","jetpack_publicize_feature_enabled":true,"jetpack_social_post_already_shared":false,"jetpack_social_options":{"image_generator_settings":{"template":"highway","default_image_id":0,"font":"","enabled":false},"version":2}},"categories":[21],"tags":[],"class_list":["post-37931","post","type-post","status-publish","format-standard","has-post-thumbnail","hentry","category-locales"],"aioseo_notices":[],"views":13,"jetpack_publicize_connections":[],"jetpack_featured_media_url":"https:\/\/i0.wp.com\/elterritorialweb.com.ar\/web\/wp-content\/uploads\/2022\/04\/WhatsApp-Image-2022-04-01-at-7.38.31-PM.jpeg?fit=1024%2C514","jetpack_sharing_enabled":true,"_links":{"self":[{"href":"http:\/\/elterritorialweb.com.ar\/web\/wp-json\/wp\/v2\/posts\/37931","targetHints":{"allow":["GET"]}}],"collection":[{"href":"http:\/\/elterritorialweb.com.ar\/web\/wp-json\/wp\/v2\/posts"}],"about":[{"href":"http:\/\/elterritorialweb.com.ar\/web\/wp-json\/wp\/v2\/types\/post"}],"author":[{"embeddable":true,"href":"http:\/\/elterritorialweb.com.ar\/web\/wp-json\/wp\/v2\/users\/2"}],"replies":[{"embeddable":true,"href":"http:\/\/elterritorialweb.com.ar\/web\/wp-json\/wp\/v2\/comments?post=37931"}],"version-history":[{"count":1,"href":"http:\/\/elterritorialweb.com.ar\/web\/wp-json\/wp\/v2\/posts\/37931\/revisions"}],"predecessor-version":[{"id":37934,"href":"http:\/\/elterritorialweb.com.ar\/web\/wp-json\/wp\/v2\/posts\/37931\/revisions\/37934"}],"wp:featuredmedia":[{"embeddable":true,"href":"http:\/\/elterritorialweb.com.ar\/web\/wp-json\/wp\/v2\/media\/37932"}],"wp:attachment":[{"href":"http:\/\/elterritorialweb.com.ar\/web\/wp-json\/wp\/v2\/media?parent=37931"}],"wp:term":[{"taxonomy":"category","embeddable":true,"href":"http:\/\/elterritorialweb.com.ar\/web\/wp-json\/wp\/v2\/categories?post=37931"},{"taxonomy":"post_tag","embeddable":true,"href":"http:\/\/elterritorialweb.com.ar\/web\/wp-json\/wp\/v2\/tags?post=37931"}],"curies":[{"name":"wp","href":"https:\/\/api.w.org\/{rel}","templated":true}]}}