{"id":37971,"date":"2022-04-03T00:37:10","date_gmt":"2022-04-03T00:37:10","guid":{"rendered":"http:\/\/elterritorialweb.com.ar\/web\/?p=37971"},"modified":"2022-04-03T00:37:22","modified_gmt":"2022-04-03T00:37:22","slug":"carmelo-ezpeleta-destaco-el-rotundo-exito-del-moto-gp-2022","status":"publish","type":"post","link":"http:\/\/elterritorialweb.com.ar\/web\/carmelo-ezpeleta-destaco-el-rotundo-exito-del-moto-gp-2022\/","title":{"rendered":"CARMELO EZPELETA DESTAC\u00d3 EL ROTUNDO \u00c9XITO DEL MOTO GP 2022"},"content":{"rendered":"\n<p>\u201cLa pandemia le ha sentado bien a Termas, que est\u00e1 mucho mejor\u201d, dijo durante una conferencia de prensa que ofreci\u00f3 junto con el gobernador Gerardo Zamora; el titular del Instituto Nacional de Promoci\u00f3n Tur\u00edstica, Ricardo Sosa, y el directivo de OSD, Orlando Terranova.<\/p>\n\n\n\n<p>\u201cEs un evento del que estamos muy orgullosos y que no ser\u00eda posible sin el acompa\u00f1amiento del Gobierno de la provincia de Santiago del Estero\u201d, agreg\u00f3.<\/p>\n\n\n\n<p>Por su parte, el gobernador Gerardo Zamora resalt\u00f3 el enorme impacto que tiene el Moto GP en Las Termas de R\u00edo Hondo, Santiago Capital y tambi\u00e9n en Tucum\u00e1n, con la llegada de miles de turistas de distintas partes del mundo, que arribaron para disfrutar del evento.<\/p>\n\n\n\n<p>Agradeci\u00f3 al Gobierno Nacional por su acompa\u00f1amiento. Tambi\u00e9n a Ezpeleta y Terranova por elegir nuevamente esta plaza para uno de los acontecimientos deportivos m\u00e1s grandes del planeta.\u201cEstamos demostrando que utilizando el turismo y el deporte de manera inteligente se pueden obtener resultados importantes, y queremos seguir haci\u00e9ndolo\u201d, resalt\u00f3. Terranova.<\/p>\n\n\n\n<figure class=\"wp-block-image size-large\"><a href=\"https:\/\/i0.wp.com\/elterritorialweb.com.ar\/web\/wp-content\/uploads\/2022\/04\/speleta-y-zamora-1.jpg\"><img data-recalc-dims=\"1\" decoding=\"async\" width=\"640\" height=\"427\" data-src=\"https:\/\/i0.wp.com\/elterritorialweb.com.ar\/web\/wp-content\/uploads\/2022\/04\/speleta-y-zamora-1.jpg?resize=640%2C427\" alt=\"\" class=\"wp-image-37973 lazyload\" data-srcset=\"https:\/\/i0.wp.com\/elterritorialweb.com.ar\/web\/wp-content\/uploads\/2022\/04\/speleta-y-zamora-1.jpg?resize=1024%2C683 1024w, https:\/\/i0.wp.com\/elterritorialweb.com.ar\/web\/wp-content\/uploads\/2022\/04\/speleta-y-zamora-1.jpg?resize=300%2C200 300w, https:\/\/i0.wp.com\/elterritorialweb.com.ar\/web\/wp-content\/uploads\/2022\/04\/speleta-y-zamora-1.jpg?resize=768%2C512 768w, https:\/\/i0.wp.com\/elterritorialweb.com.ar\/web\/wp-content\/uploads\/2022\/04\/speleta-y-zamora-1.jpg?resize=1536%2C1024 1536w, https:\/\/i0.wp.com\/elterritorialweb.com.ar\/web\/wp-content\/uploads\/2022\/04\/speleta-y-zamora-1.jpg?w=1599 1599w, https:\/\/i0.wp.com\/elterritorialweb.com.ar\/web\/wp-content\/uploads\/2022\/04\/speleta-y-zamora-1.jpg?w=1280 1280w\" data-sizes=\"(max-width: 640px) 100vw, 640px\" src=\"data:image\/svg+xml;base64,PHN2ZyB3aWR0aD0iMSIgaGVpZ2h0PSIxIiB4bWxucz0iaHR0cDovL3d3dy53My5vcmcvMjAwMC9zdmciPjwvc3ZnPg==\" style=\"--smush-placeholder-width: 640px; --smush-placeholder-aspect-ratio: 640\/427;\" \/><\/a><\/figure>\n\n\n\n<p>A su turno, Orlando Terranova, titular de OSD, la empresa organizadora del Moto GP de Argentina, no dud\u00f3 en afirmar que las expectativas con respecto a la vuelta de la competencia a Las Termas de R\u00edo Hondo fueron superadas ampliamente.<\/p>\n\n\n\n<p>\u201cLa ciudad est\u00e1 colmada, los servicios y su infraestructura est\u00e1n cada vez mejor y la concurrencia masiva de turistas de distintas partes del mundo y del pa\u00eds es m\u00e1s de lo que esper\u00e1bamos\u201d, dijo. Tambi\u00e9n destac\u00f3 el esfuerzo del gobierno santiague\u00f1o para hacer las mejoras necesarias en todo el complejo automovil\u00edstico, para estar a la altura de un acontecimiento de esta jerarqu\u00eda, que lo sostiene a la altura de los mejores circuitos del mundo.<\/p>\n\n\n\n<p>Finalmente, el titular del Instituto Nacional de Promoci\u00f3n Tur\u00edstica, Ricardo Sosa, consider\u00f3 que desde la primera edici\u00f3n del Moto GP en Las Termas de R\u00edo Hondo hasta ahora la ciudad \u201ctuvo un crecimiento exponencial\u201d que se ve reflejado en la multiplicaci\u00f3n de plazas hoteleras, en servicios e infraestructura a partir de una inversi\u00f3n planificada y pensada para el desarrollo del turismo como estrategia de crecimiento.<\/p>\n\n\n\n<figure class=\"wp-block-image size-large\"><a href=\"https:\/\/i0.wp.com\/elterritorialweb.com.ar\/web\/wp-content\/uploads\/2022\/04\/speleta-y-zamora-2.jpg\"><img data-recalc-dims=\"1\" decoding=\"async\" width=\"640\" height=\"427\" data-src=\"https:\/\/i0.wp.com\/elterritorialweb.com.ar\/web\/wp-content\/uploads\/2022\/04\/speleta-y-zamora-2.jpg?resize=640%2C427\" alt=\"\" class=\"wp-image-37974 lazyload\" data-srcset=\"https:\/\/i0.wp.com\/elterritorialweb.com.ar\/web\/wp-content\/uploads\/2022\/04\/speleta-y-zamora-2.jpg?resize=1024%2C683 1024w, https:\/\/i0.wp.com\/elterritorialweb.com.ar\/web\/wp-content\/uploads\/2022\/04\/speleta-y-zamora-2.jpg?resize=300%2C200 300w, https:\/\/i0.wp.com\/elterritorialweb.com.ar\/web\/wp-content\/uploads\/2022\/04\/speleta-y-zamora-2.jpg?resize=768%2C512 768w, https:\/\/i0.wp.com\/elterritorialweb.com.ar\/web\/wp-content\/uploads\/2022\/04\/speleta-y-zamora-2.jpg?resize=1536%2C1024 1536w, https:\/\/i0.wp.com\/elterritorialweb.com.ar\/web\/wp-content\/uploads\/2022\/04\/speleta-y-zamora-2.jpg?w=1599 1599w, https:\/\/i0.wp.com\/elterritorialweb.com.ar\/web\/wp-content\/uploads\/2022\/04\/speleta-y-zamora-2.jpg?w=1280 1280w\" data-sizes=\"(max-width: 640px) 100vw, 640px\" src=\"data:image\/svg+xml;base64,PHN2ZyB3aWR0aD0iMSIgaGVpZ2h0PSIxIiB4bWxucz0iaHR0cDovL3d3dy53My5vcmcvMjAwMC9zdmciPjwvc3ZnPg==\" style=\"--smush-placeholder-width: 640px; --smush-placeholder-aspect-ratio: 640\/427;\" \/><\/a><\/figure>\n\n\n\n<p>En nombre del ministro de Turismo de la Naci\u00f3n, Mat\u00edas Lammens, el funcionario felicit\u00f3 al gobernador Zamora y los organizadores del evento por este exitoso regreso de la prueba motocicl\u00edstica a la Argentina.<\/p>\n","protected":false},"excerpt":{"rendered":"<p>El ceo de Dorna Sport, Carmelo Ezpeleta, destac\u00f3 los cambios que apreci\u00f3 en la ciudad de Las Termas, con el regreso de la prueba motocicl\u00edstica m\u00e1s grande del planeta despu\u00e9s de dos a\u00f1os a causa del covid 19.<\/p>\n","protected":false},"author":2,"featured_media":37972,"comment_status":"open","ping_status":"open","sticky":false,"template":"","format":"standard","meta":{"om_disable_all_campaigns":false,"_monsterinsights_skip_tracking":false,"_monsterinsights_sitenote_active":false,"_monsterinsights_sitenote_note":"","_monsterinsights_sitenote_category":0,"_uf_show_specific_survey":0,"_uf_disable_surveys":false,"jetpack_post_was_ever_published":false,"_jetpack_newsletter_access":"","_jetpack_dont_email_post_to_subs":false,"_jetpack_newsletter_tier_id":0,"_jetpack_memberships_contains_paywalled_content":false,"_jetpack_memberships_contains_paid_content":false,"footnotes":"","jetpack_publicize_message":"","jetpack_publicize_feature_enabled":true,"jetpack_social_post_already_shared":false,"jetpack_social_options":{"image_generator_settings":{"template":"highway","default_image_id":0,"font":"","enabled":false},"version":2}},"categories":[6],"tags":[],"class_list":["post-37971","post","type-post","status-publish","format-standard","has-post-thumbnail","hentry","category-deportes"],"aioseo_notices":[],"views":9,"jetpack_publicize_connections":[],"jetpack_featured_media_url":"https:\/\/i0.wp.com\/elterritorialweb.com.ar\/web\/wp-content\/uploads\/2022\/04\/speleta-y-zamora.jpg?fit=1599%2C1066","jetpack_sharing_enabled":true,"_links":{"self":[{"href":"http:\/\/elterritorialweb.com.ar\/web\/wp-json\/wp\/v2\/posts\/37971","targetHints":{"allow":["GET"]}}],"collection":[{"href":"http:\/\/elterritorialweb.com.ar\/web\/wp-json\/wp\/v2\/posts"}],"about":[{"href":"http:\/\/elterritorialweb.com.ar\/web\/wp-json\/wp\/v2\/types\/post"}],"author":[{"embeddable":true,"href":"http:\/\/elterritorialweb.com.ar\/web\/wp-json\/wp\/v2\/users\/2"}],"replies":[{"embeddable":true,"href":"http:\/\/elterritorialweb.com.ar\/web\/wp-json\/wp\/v2\/comments?post=37971"}],"version-history":[{"count":2,"href":"http:\/\/elterritorialweb.com.ar\/web\/wp-json\/wp\/v2\/posts\/37971\/revisions"}],"predecessor-version":[{"id":37976,"href":"http:\/\/elterritorialweb.com.ar\/web\/wp-json\/wp\/v2\/posts\/37971\/revisions\/37976"}],"wp:featuredmedia":[{"embeddable":true,"href":"http:\/\/elterritorialweb.com.ar\/web\/wp-json\/wp\/v2\/media\/37972"}],"wp:attachment":[{"href":"http:\/\/elterritorialweb.com.ar\/web\/wp-json\/wp\/v2\/media?parent=37971"}],"wp:term":[{"taxonomy":"category","embeddable":true,"href":"http:\/\/elterritorialweb.com.ar\/web\/wp-json\/wp\/v2\/categories?post=37971"},{"taxonomy":"post_tag","embeddable":true,"href":"http:\/\/elterritorialweb.com.ar\/web\/wp-json\/wp\/v2\/tags?post=37971"}],"curies":[{"name":"wp","href":"https:\/\/api.w.org\/{rel}","templated":true}]}}