{"id":37977,"date":"2022-04-03T13:57:00","date_gmt":"2022-04-03T13:57:00","guid":{"rendered":"http:\/\/elterritorialweb.com.ar\/web\/?p=37977"},"modified":"2022-04-03T13:57:00","modified_gmt":"2022-04-03T13:57:00","slug":"nediani-encabezo-en-las-actividades-de-homenaje-a-los-veteranos-y-caidos-en-la-guerra-de-malvinas","status":"publish","type":"post","link":"http:\/\/elterritorialweb.com.ar\/web\/nediani-encabezo-en-las-actividades-de-homenaje-a-los-veteranos-y-caidos-en-la-guerra-de-malvinas\/","title":{"rendered":"NEDIANI ENCABEZ\u00d3 EN LAS ACTIVIDADES DE HOMENAJE A LOS VETERANOS Y CA\u00cdDOS EN LA GUERRA DE MALVINAS"},"content":{"rendered":"\n<p>En la ma\u00f1ana del s\u00e1bado en la Plaza Manuel Belgrano se realiz\u00f3 el tradicional izimento de la bandera argentina con la presencia de autoridades de las \u00e1reas de Desarrollo Humano, Obras P\u00fablicas, Servicios P\u00fablicos, Gobierno, Educaci\u00f3n y Cultura, concejales de la ciudad y diputados Provinciales.<br>Asimismo, estuvieron presentes delegaciones escolares del nivel inicial y primario municipal, representantes del Centro de Veteranos de Malvinas, de la Asociaci\u00f3n Civil Sanmartiniana, del Instituto Nacional Browniano, del Centro Cultural Homero Manzi y del Centro G\u00fcemesiano.<br>En la oportunidad, Nediani manifest\u00f3: \u00abAcompa\u00f1ados por nuestros h\u00e9roes de Malvinas conmemoramos los 40 a\u00f1os del inicio del conflicto de Argentina con el Reino Unido en el af\u00e1n de recuperar la soberan\u00eda de las Islas Atl\u00e1ntico Sur. En esta fecha renovamos nuestro compromiso de seguir trabajando junto a nuestros veteranos para que esta parte de nuestra historia me se pierda\u00bb.<\/p>\n\n\n\n<figure class=\"wp-block-image size-large is-resized\"><a href=\"https:\/\/i0.wp.com\/elterritorialweb.com.ar\/web\/wp-content\/uploads\/2022\/04\/IMG-20220402-WA0011.jpg\"><img data-recalc-dims=\"1\" decoding=\"async\" data-src=\"https:\/\/i0.wp.com\/elterritorialweb.com.ar\/web\/wp-content\/uploads\/2022\/04\/IMG-20220402-WA0011.jpg?resize=363%2C205\" alt=\"\" class=\"wp-image-37978 lazyload\" width=\"363\" height=\"205\" data-srcset=\"https:\/\/i0.wp.com\/elterritorialweb.com.ar\/web\/wp-content\/uploads\/2022\/04\/IMG-20220402-WA0011.jpg?resize=1024%2C577 1024w, https:\/\/i0.wp.com\/elterritorialweb.com.ar\/web\/wp-content\/uploads\/2022\/04\/IMG-20220402-WA0011.jpg?resize=300%2C169 300w, https:\/\/i0.wp.com\/elterritorialweb.com.ar\/web\/wp-content\/uploads\/2022\/04\/IMG-20220402-WA0011.jpg?resize=768%2C432 768w, https:\/\/i0.wp.com\/elterritorialweb.com.ar\/web\/wp-content\/uploads\/2022\/04\/IMG-20220402-WA0011.jpg?resize=1536%2C865 1536w, https:\/\/i0.wp.com\/elterritorialweb.com.ar\/web\/wp-content\/uploads\/2022\/04\/IMG-20220402-WA0011.jpg?w=1600 1600w, https:\/\/i0.wp.com\/elterritorialweb.com.ar\/web\/wp-content\/uploads\/2022\/04\/IMG-20220402-WA0011.jpg?w=1280 1280w\" data-sizes=\"(max-width: 363px) 100vw, 363px\" src=\"data:image\/svg+xml;base64,PHN2ZyB3aWR0aD0iMSIgaGVpZ2h0PSIxIiB4bWxucz0iaHR0cDovL3d3dy53My5vcmcvMjAwMC9zdmciPjwvc3ZnPg==\" style=\"--smush-placeholder-width: 363px; --smush-placeholder-aspect-ratio: 363\/205;\" \/><\/a><\/figure>\n\n\n\n<p>Por su parte, el ex combatiente, Carlos C\u00f3rdoba, se\u00f1al\u00f3: \u00abLe damos las gracias al se\u00f1or intendente y a todo su equipo de trabajo por este homenaje que nos est\u00e1n realizando en un a\u00f1o muy especial en el que se cumplen 40 a\u00f1os desde que fuimos llevados para comenzar con una guerra con el fin de defender nuestro territorio. Es un recuerdo muy duro para nosotros y sentirnos acompa\u00f1ados por la comunidad de nuestra ciudad es algo que nos reconforta\u00bb.<\/p>\n","protected":false},"excerpt":{"rendered":"<p>La Municipalidad de La Banda inici\u00f3 las actividades conmemorativas en el \u00abD\u00eda del Veterano y de los Ca\u00eddos en la Guerra de las Malvinas\u00bb con el izamiento de la ense\u00f1a Nacional encabezada por el intendente Roger Nediani, veteranos y dem\u00e1s autoridades comunales.<\/p>\n","protected":false},"author":2,"featured_media":37979,"comment_status":"open","ping_status":"open","sticky":false,"template":"","format":"standard","meta":{"om_disable_all_campaigns":false,"_monsterinsights_skip_tracking":false,"_monsterinsights_sitenote_active":false,"_monsterinsights_sitenote_note":"","_monsterinsights_sitenote_category":0,"_uf_show_specific_survey":0,"_uf_disable_surveys":false,"jetpack_post_was_ever_published":false,"_jetpack_newsletter_access":"","_jetpack_dont_email_post_to_subs":false,"_jetpack_newsletter_tier_id":0,"_jetpack_memberships_contains_paywalled_content":false,"_jetpack_memberships_contains_paid_content":false,"footnotes":"","jetpack_publicize_message":"","jetpack_publicize_feature_enabled":true,"jetpack_social_post_already_shared":false,"jetpack_social_options":{"image_generator_settings":{"template":"highway","default_image_id":0,"font":"","enabled":false},"version":2}},"categories":[21],"tags":[],"class_list":["post-37977","post","type-post","status-publish","format-standard","has-post-thumbnail","hentry","category-locales"],"aioseo_notices":[],"views":7,"jetpack_publicize_connections":[],"jetpack_featured_media_url":"https:\/\/i0.wp.com\/elterritorialweb.com.ar\/web\/wp-content\/uploads\/2022\/04\/IMG-20220402-WA0010.jpg?fit=1600%2C901","jetpack_sharing_enabled":true,"_links":{"self":[{"href":"http:\/\/elterritorialweb.com.ar\/web\/wp-json\/wp\/v2\/posts\/37977","targetHints":{"allow":["GET"]}}],"collection":[{"href":"http:\/\/elterritorialweb.com.ar\/web\/wp-json\/wp\/v2\/posts"}],"about":[{"href":"http:\/\/elterritorialweb.com.ar\/web\/wp-json\/wp\/v2\/types\/post"}],"author":[{"embeddable":true,"href":"http:\/\/elterritorialweb.com.ar\/web\/wp-json\/wp\/v2\/users\/2"}],"replies":[{"embeddable":true,"href":"http:\/\/elterritorialweb.com.ar\/web\/wp-json\/wp\/v2\/comments?post=37977"}],"version-history":[{"count":1,"href":"http:\/\/elterritorialweb.com.ar\/web\/wp-json\/wp\/v2\/posts\/37977\/revisions"}],"predecessor-version":[{"id":37980,"href":"http:\/\/elterritorialweb.com.ar\/web\/wp-json\/wp\/v2\/posts\/37977\/revisions\/37980"}],"wp:featuredmedia":[{"embeddable":true,"href":"http:\/\/elterritorialweb.com.ar\/web\/wp-json\/wp\/v2\/media\/37979"}],"wp:attachment":[{"href":"http:\/\/elterritorialweb.com.ar\/web\/wp-json\/wp\/v2\/media?parent=37977"}],"wp:term":[{"taxonomy":"category","embeddable":true,"href":"http:\/\/elterritorialweb.com.ar\/web\/wp-json\/wp\/v2\/categories?post=37977"},{"taxonomy":"post_tag","embeddable":true,"href":"http:\/\/elterritorialweb.com.ar\/web\/wp-json\/wp\/v2\/tags?post=37977"}],"curies":[{"name":"wp","href":"https:\/\/api.w.org\/{rel}","templated":true}]}}