{"id":37981,"date":"2022-04-03T22:05:47","date_gmt":"2022-04-03T22:05:47","guid":{"rendered":"http:\/\/elterritorialweb.com.ar\/web\/?p=37981"},"modified":"2022-04-03T22:05:48","modified_gmt":"2022-04-03T22:05:48","slug":"roger-nediani-encabeza-importantes-proyectos-junto-a-vecinos-bandenos","status":"publish","type":"post","link":"http:\/\/elterritorialweb.com.ar\/web\/roger-nediani-encabeza-importantes-proyectos-junto-a-vecinos-bandenos\/","title":{"rendered":"ROGER NEDIANI ENCABEZA IMPORTANTES PROYECTOS JUNTO A VECINOS BANDE\u00d1OS"},"content":{"rendered":"\n<p>Durante el encuentro, Nediani estuvo acompa\u00f1ado por los concejales Miriam Mart\u00edn, y Gabriel Santill\u00e1n, por funcionarios municipales del \u00e1rea de juventud, Florencia Ledesma y Diego Ju\u00e1rez del \u00e1rea de gobierno.<br>El actual intendente manifest\u00f3 en conversaci\u00f3n con los vecinos, que seguir\u00e1 trabajando para mejorar los servicios y prestaciones que ofrece el municipio para el bienestar del bande\u00f1o y de la ciudad, en este sentido dijo: \u00abVenimos trabajando arduamente con varios programas municipales en beneficio de la ciudad, pero particularmente con el programa El Municipio en tu barrio el cual tienen un alcance muy importante, por eso esta reuni\u00f3n tiene como prop\u00f3sito articular el trabajo que se debe realizar entre vecinos y municipio, brindando de esta forma un espacio, d\u00f3nde cada vecino pueda poner en relieve lo que necesitan, seg\u00fan el sector donde residen y para planificar y trabajar tanto como los concejales, los dirigentes y yo como intendente, siendo la misma una reuni\u00f3n muy positiva\u00bb, concluy\u00f3 Nediani.<\/p>\n\n\n\n<figure class=\"wp-block-image size-large\"><a href=\"https:\/\/i0.wp.com\/elterritorialweb.com.ar\/web\/wp-content\/uploads\/2022\/04\/IMG-20220403-WA0012-1.jpg\"><img data-recalc-dims=\"1\" decoding=\"async\" width=\"640\" height=\"364\" data-src=\"https:\/\/i0.wp.com\/elterritorialweb.com.ar\/web\/wp-content\/uploads\/2022\/04\/IMG-20220403-WA0012-1.jpg?resize=640%2C364\" alt=\"\" class=\"wp-image-38020 lazyload\" data-srcset=\"https:\/\/i0.wp.com\/elterritorialweb.com.ar\/web\/wp-content\/uploads\/2022\/04\/IMG-20220403-WA0012-1.jpg?resize=1024%2C582 1024w, https:\/\/i0.wp.com\/elterritorialweb.com.ar\/web\/wp-content\/uploads\/2022\/04\/IMG-20220403-WA0012-1.jpg?resize=300%2C171 300w, https:\/\/i0.wp.com\/elterritorialweb.com.ar\/web\/wp-content\/uploads\/2022\/04\/IMG-20220403-WA0012-1.jpg?resize=768%2C437 768w, https:\/\/i0.wp.com\/elterritorialweb.com.ar\/web\/wp-content\/uploads\/2022\/04\/IMG-20220403-WA0012-1.jpg?w=1280 1280w\" data-sizes=\"(max-width: 640px) 100vw, 640px\" src=\"data:image\/svg+xml;base64,PHN2ZyB3aWR0aD0iMSIgaGVpZ2h0PSIxIiB4bWxucz0iaHR0cDovL3d3dy53My5vcmcvMjAwMC9zdmciPjwvc3ZnPg==\" style=\"--smush-placeholder-width: 640px; --smush-placeholder-aspect-ratio: 640\/364;\" \/><\/a><\/figure>\n\n\n\n<p>Por su parte los vecinos mostraron su apoyo indiscutible para que La Banda siga creciendo como lo hace desde hace casi ocho a\u00f1os y por la cual se seguir\u00eda trabajando en conjunto ejecutando proyectos pensados en comunidad.<\/p>\n","protected":false},"excerpt":{"rendered":"<p>El candidato a Intendente de la Municipalidad de La Banda por el Frente Renovador, Roger Nediani se reuni\u00f3 con vecinos, quienes demostraron su apoyo y acompa\u00f1amiento al candidato.<\/p>\n","protected":false},"author":2,"featured_media":38019,"comment_status":"open","ping_status":"open","sticky":false,"template":"","format":"standard","meta":{"om_disable_all_campaigns":false,"_monsterinsights_skip_tracking":false,"_monsterinsights_sitenote_active":false,"_monsterinsights_sitenote_note":"","_monsterinsights_sitenote_category":0,"_uf_show_specific_survey":0,"_uf_disable_surveys":false,"jetpack_post_was_ever_published":false,"_jetpack_newsletter_access":"","_jetpack_dont_email_post_to_subs":false,"_jetpack_newsletter_tier_id":0,"_jetpack_memberships_contains_paywalled_content":false,"_jetpack_memberships_contains_paid_content":false,"footnotes":"","jetpack_publicize_message":"","jetpack_publicize_feature_enabled":true,"jetpack_social_post_already_shared":false,"jetpack_social_options":{"image_generator_settings":{"template":"highway","default_image_id":0,"font":"","enabled":false},"version":2}},"categories":[21],"tags":[],"class_list":["post-37981","post","type-post","status-publish","format-standard","has-post-thumbnail","hentry","category-locales"],"aioseo_notices":[],"views":12,"jetpack_publicize_connections":[],"jetpack_featured_media_url":"https:\/\/i0.wp.com\/elterritorialweb.com.ar\/web\/wp-content\/uploads\/2022\/04\/IMG-20220403-WA0015.jpg?fit=1280%2C780","jetpack_sharing_enabled":true,"_links":{"self":[{"href":"http:\/\/elterritorialweb.com.ar\/web\/wp-json\/wp\/v2\/posts\/37981","targetHints":{"allow":["GET"]}}],"collection":[{"href":"http:\/\/elterritorialweb.com.ar\/web\/wp-json\/wp\/v2\/posts"}],"about":[{"href":"http:\/\/elterritorialweb.com.ar\/web\/wp-json\/wp\/v2\/types\/post"}],"author":[{"embeddable":true,"href":"http:\/\/elterritorialweb.com.ar\/web\/wp-json\/wp\/v2\/users\/2"}],"replies":[{"embeddable":true,"href":"http:\/\/elterritorialweb.com.ar\/web\/wp-json\/wp\/v2\/comments?post=37981"}],"version-history":[{"count":1,"href":"http:\/\/elterritorialweb.com.ar\/web\/wp-json\/wp\/v2\/posts\/37981\/revisions"}],"predecessor-version":[{"id":38021,"href":"http:\/\/elterritorialweb.com.ar\/web\/wp-json\/wp\/v2\/posts\/37981\/revisions\/38021"}],"wp:featuredmedia":[{"embeddable":true,"href":"http:\/\/elterritorialweb.com.ar\/web\/wp-json\/wp\/v2\/media\/38019"}],"wp:attachment":[{"href":"http:\/\/elterritorialweb.com.ar\/web\/wp-json\/wp\/v2\/media?parent=37981"}],"wp:term":[{"taxonomy":"category","embeddable":true,"href":"http:\/\/elterritorialweb.com.ar\/web\/wp-json\/wp\/v2\/categories?post=37981"},{"taxonomy":"post_tag","embeddable":true,"href":"http:\/\/elterritorialweb.com.ar\/web\/wp-json\/wp\/v2\/tags?post=37981"}],"curies":[{"name":"wp","href":"https:\/\/api.w.org\/{rel}","templated":true}]}}