{"id":37982,"date":"2022-04-03T16:00:50","date_gmt":"2022-04-03T16:00:50","guid":{"rendered":"http:\/\/elterritorialweb.com.ar\/web\/?p=37982"},"modified":"2022-04-03T16:00:50","modified_gmt":"2022-04-03T16:00:50","slug":"river-le-gano-con-personalidad-a-defensa-y-justicia-y-se-ubico-segundo-en-su-zona","status":"publish","type":"post","link":"http:\/\/elterritorialweb.com.ar\/web\/river-le-gano-con-personalidad-a-defensa-y-justicia-y-se-ubico-segundo-en-su-zona\/","title":{"rendered":"RIVER LE GAN\u00d3 CON PERSONALIDAD A DEFENSA Y JUSTICIA Y SE UBIC\u00d3 SEGUNDO EN SU ZONA"},"content":{"rendered":"\n<p>River Plate venci\u00f3 en la noche de este s\u00e1bado de visitante a Defensa y Justicia por 2 a 1, en un espl\u00e9ndido espect\u00e1culo que ofreci\u00f3 el partido en Florencio Varela por la octava fecha de la zona 1 de la Copa de la LPF, en la que se ubic\u00f3 segundo con 14 puntos, a dos del l\u00edder Racing Club.<\/p>\n\n\n\n<p>Enzo Fern\u00e1ndez marc\u00f3 la apertura para el \u00abMillonario\u00bb a los 40 minutos del primer tiempo; en el segundo Santiago Sim\u00f3n aument\u00f3 a los 18m y descont\u00f3 Walter Bou para el \u00abHalc\u00f3n\u00bb, a los 27m.<\/p>\n\n\n\n<p>Con este triunfo, River cort\u00f3 una racha de tres partidos sin vencer a Defensa -un empate y dos derrotas-, a la vez que fue la primera ocasi\u00f3n que Marcelo Gallardo pudo doblegar a Sebasti\u00e1n Beccacece, que al frente del \u00abHalc\u00f3n\u00bb en 2019 y 2021 le produjo ambas ca\u00eddas.<\/p>\n\n\n\n<figure class=\"wp-block-image\"><a href=\"javascript:void(0);\"><img data-recalc-dims=\"1\" decoding=\"async\" data-src=\"https:\/\/i0.wp.com\/www.telam.com.ar\/thumbs\/bluesteel\/advf\/imagenes\/2022\/04\/6248d5211f940_900.jpg?w=640&#038;ssl=1\" alt=\"Foto Julin lvarez\" src=\"data:image\/svg+xml;base64,PHN2ZyB3aWR0aD0iMSIgaGVpZ2h0PSIxIiB4bWxucz0iaHR0cDovL3d3dy53My5vcmcvMjAwMC9zdmciPjwvc3ZnPg==\" class=\"lazyload\" \/><\/a><\/figure>\n\n\n\n<p>En cambio, los locales cayeron en el torneo despu\u00e9s de seis cotejos, con cuatro victorias y dos empates, a la vez de haber dejado el invicto de 14 fechas en condici\u00f3n de local.<\/p>\n\n\n\n<p>En la previa al encuentro, la dirigencia del local le ofreci\u00f3 un reconocimiento con sendas plaquetas a tres jugadores de River que fueron campeones con Defensa de la Copa Sudamericana 2020: Enzo Fern\u00e1ndez, David Mart\u00ednez y Braian Romero -qued\u00f3 fuera del banco de suplentes-.<\/p>\n\n\n\n<p>Adem\u00e1s, por los 40 a\u00f1os de la gesta de Malvinas, se le tribut\u00f3 un homenaje a los excombatientes nucleados en el Centro de Veteranos de la Guerra de Florencio Varela, con la particularidad de que uno de ellos efectu\u00f3 el sorteo previo para determinar cu\u00e1l equipo eleg\u00eda arco para el inicio y en ese acto recibi\u00f3 la promesa del capit\u00e1n de River, Enzo P\u00e9rez, de obsequiarle su camiseta al finalizar el partido.<\/p>\n\n\n\n<p>A la vez, el zaguero chileno Paulo D\u00edaz estuvo a punto de ser reemplazado por Jonathan Maidana al acusar una malestar estomacal, a instantes de comenzar el juego, aunque finalmente qued\u00f3 en el campo, alertado Marcelo Gallardo por si deb\u00eda recurrir al cambio.<\/p>\n\n\n\n<figure class=\"wp-block-image\"><a href=\"javascript:void(0);\"><img data-recalc-dims=\"1\" decoding=\"async\" data-src=\"https:\/\/i0.wp.com\/www.telam.com.ar\/thumbs\/bluesteel\/advf\/imagenes\/2022\/04\/6248d538d8e13_900.jpg?w=640&#038;ssl=1\" alt=\"Foto Julin lvarez\" src=\"data:image\/svg+xml;base64,PHN2ZyB3aWR0aD0iMSIgaGVpZ2h0PSIxIiB4bWxucz0iaHR0cDovL3d3dy53My5vcmcvMjAwMC9zdmciPjwvc3ZnPg==\" class=\"lazyload\" \/><\/a><\/figure>\n\n\n\n<p>Las acciones se iniciaron con enorme intensidad por la propuesta de ambos bandos, como era previsible, con mayor profundidad del visitante, que gener\u00f3 las primeras inquietudes para la defensa varelense.<\/p>\n\n\n\n<p>Hasta que el &#8216;Halc\u00f3n&#8217; supo equilibrar el desarrollo y fue el que gest\u00f3 tres cargas muy peligrosas para que Miguel Merentiel superara a la zaga &#8216;millonaria&#8217; y oblig\u00f3 a salidas providenciales del arquero Franco Armani.<\/p>\n\n\n\n<p>En ese constante ida y vuelta, fue el volante de River Enzo Fern\u00e1ndez el que tuvo la mejor situaci\u00f3n como para marcar la apertura, cuando su remate desde el borde del \u00e1rea se estrell\u00f3 en el travesa\u00f1o del arco defendido por el sorprendido Ezequiel Unsain (21 min).<\/p>\n\n\n\n<p>El mismo mediocampista m\u00e1s tarde s\u00ed pudo concretar la conversi\u00f3n para poner en ventaja a River, cuando su equipo hab\u00eda pasado a predominar en el juego en el \u00faltimo cuarto de hora de la etapa inicial.<\/p>\n\n\n\n<p>A consecuencia de un error del zaguero Adonis Fr\u00edas, que se envalenton\u00f3 cuando desde el fondo se adelant\u00f3 eludiendo a tres adversarios, pero perdi\u00f3 la pelota en el centro del campo cuando quiso driblear a un cuarto, surgi\u00f3 la r\u00e9plica que culmin\u00f3 con la carga de Fern\u00e1ndez por izquierda para definir contra el poste derecho de la valla local (40 min).<\/p>\n\n\n\n<p><strong>S\u00cdNTESIS<\/strong><\/p>\n\n\n\n<p><strong>DEFENSA Y JUSTICIA:<\/strong>&nbsp;Ezequiel Unsain (C); Nicol\u00e1s Tripicchio, Adonis Fr\u00edas, Juan Rodr\u00edguez, Alexis Soto; Ra\u00fal Loaiza, Kevin Guti\u00e9rrez; Francisco Pizzini, Walter Bou, Carlos Rotondi; Miguel Merentiel. DT: Sebasti\u00e1n Beccacece.<br><strong>Suplentes:<\/strong>&nbsp;Marcos Peano, Mat\u00edas Rodr\u00edguez, Tom\u00e1s Cardona, Hugo Silva, Gabriel Alan\u00eds, Gabriel Hachen, Braian Cuello, Tom\u00e1s Galv\u00e1n, Manuel Duarte, Hugo Fern\u00e1ndez, Agust\u00edn Fontana y Lucas Albertengo.<br><strong>Cambios:<\/strong>&nbsp;Hachen por Merentiel, Cuello por Pizzini, Galv\u00e1n por Loaiza, Fontana por Rotondi.<\/p>\n\n\n\n<p><strong>RIVER PLATE:<\/strong>&nbsp;Franco Armani; Robert Rojas, Paulo D\u00edaz, David Mart\u00ednez, Milton Casco; Enzo P\u00e9rez (C), Enzo Fern\u00e1ndez; Nicol\u00e1s De La Cruz, Santiago Sim\u00f3n; Juan Quintero; Juli\u00e1n \u00c1lvarez. DT: Marcelo Gallardo.<br><strong>Suplentes:<\/strong>&nbsp;Ezequiel Centuri\u00f3n, Jonatan Maidana, Javier Pinola, Leandro Gonz\u00e1lez Pirez, Emanuel Mammana, El\u00edas G\u00f3mez, Andr\u00e9s Herrera, Bruno Zuculini, Agust\u00edn Palavecino, Jos\u00e9 Paradela, Tom\u00e1s Pochettino y Mat\u00edas Su\u00e1rez.<br><strong>Cambios:<\/strong>&nbsp;Palavecino por Quintero, Zuculini por P\u00e9rez, Su\u00e1rez por Sim\u00f3n, Paradela por De La Cruz.<\/p>\n\n\n\n<p><strong>Goles:<\/strong>&nbsp;Bou (DJ); Fern\u00e1ndez, Sim\u00f3n (RP).<\/p>\n\n\n\n<p><strong>Amonestado:<\/strong>&nbsp;Zuculini (RP).<\/p>\n\n\n\n<p><strong>\u00c1rbitro:<\/strong>\u00a0Patricio Loustau.<\/p>\n\n\n\n<figure class=\"wp-block-embed is-type-rich is-provider-gestor-del-servicio wp-block-embed-gestor-del-servicio wp-embed-aspect-16-9 wp-has-aspect-ratio\"><div class=\"wp-block-embed__wrapper\">\n<iframe title=\"Defensa y Justicia 1 - River 2 [RESUMEN COMPLETO]\" width=\"640\" height=\"360\" data-src=\"https:\/\/www.youtube.com\/embed\/FhcHZXl4q10?feature=oembed\" frameborder=\"0\" allow=\"accelerometer; autoplay; clipboard-write; encrypted-media; gyroscope; picture-in-picture; web-share\" referrerpolicy=\"strict-origin-when-cross-origin\" allowfullscreen src=\"data:image\/svg+xml;base64,PHN2ZyB3aWR0aD0iMSIgaGVpZ2h0PSIxIiB4bWxucz0iaHR0cDovL3d3dy53My5vcmcvMjAwMC9zdmciPjwvc3ZnPg==\" class=\"lazyload\" data-load-mode=\"1\"><\/iframe>\n<\/div><\/figure>\n","protected":false},"excerpt":{"rendered":"<p>El \u00abMillonario\u00bb le gan\u00f3 por 2 a 1 al \u00abHalc\u00f3n\u00bb de Varela. Enzo Fern\u00e1ndez y Santiago Sim\u00f3n marcaron para la visita, mientras que Milton Casco, en contra, lo hizo para el local. <\/p>\n","protected":false},"author":2,"featured_media":37984,"comment_status":"open","ping_status":"open","sticky":false,"template":"","format":"standard","meta":{"om_disable_all_campaigns":false,"_monsterinsights_skip_tracking":false,"_monsterinsights_sitenote_active":false,"_monsterinsights_sitenote_note":"","_monsterinsights_sitenote_category":0,"_uf_show_specific_survey":0,"_uf_disable_surveys":false,"jetpack_post_was_ever_published":false,"_jetpack_newsletter_access":"","_jetpack_dont_email_post_to_subs":false,"_jetpack_newsletter_tier_id":0,"_jetpack_memberships_contains_paywalled_content":false,"_jetpack_memberships_contains_paid_content":false,"footnotes":"","jetpack_publicize_message":"","jetpack_publicize_feature_enabled":true,"jetpack_social_post_already_shared":false,"jetpack_social_options":{"image_generator_settings":{"template":"highway","default_image_id":0,"font":"","enabled":false},"version":2}},"categories":[6],"tags":[],"class_list":["post-37982","post","type-post","status-publish","format-standard","has-post-thumbnail","hentry","category-deportes"],"aioseo_notices":[],"views":5,"jetpack_publicize_connections":[],"jetpack_featured_media_url":"https:\/\/i0.wp.com\/elterritorialweb.com.ar\/web\/wp-content\/uploads\/2022\/04\/RIVER-DEFENSA.jpg?fit=620%2C400","jetpack_sharing_enabled":true,"_links":{"self":[{"href":"http:\/\/elterritorialweb.com.ar\/web\/wp-json\/wp\/v2\/posts\/37982","targetHints":{"allow":["GET"]}}],"collection":[{"href":"http:\/\/elterritorialweb.com.ar\/web\/wp-json\/wp\/v2\/posts"}],"about":[{"href":"http:\/\/elterritorialweb.com.ar\/web\/wp-json\/wp\/v2\/types\/post"}],"author":[{"embeddable":true,"href":"http:\/\/elterritorialweb.com.ar\/web\/wp-json\/wp\/v2\/users\/2"}],"replies":[{"embeddable":true,"href":"http:\/\/elterritorialweb.com.ar\/web\/wp-json\/wp\/v2\/comments?post=37982"}],"version-history":[{"count":1,"href":"http:\/\/elterritorialweb.com.ar\/web\/wp-json\/wp\/v2\/posts\/37982\/revisions"}],"predecessor-version":[{"id":37985,"href":"http:\/\/elterritorialweb.com.ar\/web\/wp-json\/wp\/v2\/posts\/37982\/revisions\/37985"}],"wp:featuredmedia":[{"embeddable":true,"href":"http:\/\/elterritorialweb.com.ar\/web\/wp-json\/wp\/v2\/media\/37984"}],"wp:attachment":[{"href":"http:\/\/elterritorialweb.com.ar\/web\/wp-json\/wp\/v2\/media?parent=37982"}],"wp:term":[{"taxonomy":"category","embeddable":true,"href":"http:\/\/elterritorialweb.com.ar\/web\/wp-json\/wp\/v2\/categories?post=37982"},{"taxonomy":"post_tag","embeddable":true,"href":"http:\/\/elterritorialweb.com.ar\/web\/wp-json\/wp\/v2\/tags?post=37982"}],"curies":[{"name":"wp","href":"https:\/\/api.w.org\/{rel}","templated":true}]}}