{"id":37991,"date":"2022-04-03T16:17:42","date_gmt":"2022-04-03T16:17:42","guid":{"rendered":"http:\/\/elterritorialweb.com.ar\/web\/?p=37991"},"modified":"2022-04-03T16:25:31","modified_gmt":"2022-04-03T16:25:31","slug":"el-gran-premio-de-argentina-de-motogp-moviliza-el-turismo-y-las-economias-regionales","status":"publish","type":"post","link":"http:\/\/elterritorialweb.com.ar\/web\/el-gran-premio-de-argentina-de-motogp-moviliza-el-turismo-y-las-economias-regionales\/","title":{"rendered":"EL GRAN PREMIO DE ARGENTINA DE MOTOGP MOVILIZA EL TURISMO Y LAS ECONOM\u00cdAS REGIONALES"},"content":{"rendered":"\n<p>El\u00a0<strong>Gobernador de la Provincia de Santiago del Estero, Gerardo Zamora, el secretario Ejecutivo del Instituto Nacional de Promoci\u00f3n Tur\u00edstica, Ricardo Sosa, junto al CEO de Dorna Sport, Carmelo Espeleta y el promotor de OSD, Orly Tarranova<\/strong>, participaron de la conferencia de prensa realizada hoy en el Aut\u00f3dromo Internacional Termad de R\u00edo Hondo.<br>\u00a0<br>El gobernador provincial,\u00a0<strong>Gerardo Zamora<\/strong>, resalt\u00f3 el impacto econ\u00f3mico que tiene el Moto GP en Las Termas de R\u00edo Hondo, Santiago Capital y tambi\u00e9n en Tucum\u00e1n, con la llegada de miles de turistas de distintas partes del mundo, que arribaron para disfrutar del evento.<br>\u00a0<br>Agradeci\u00f3 al Gobierno Nacional por su acompa\u00f1amiento y tambi\u00e9n a Ezpeleta por elegir nuevamente esta plaza para uno de los acontecimientos deportivos m\u00e1s grandes del planeta.\u00a0<em>\u201cEstamos demostrando que utilizando el turismo y el deporte de manera inteligente se pueden obtener resultados importantes, y queremos seguir haci\u00e9ndolo\u201d<\/em>, finaliz\u00f3.<br>\u00a0<br>Por su parte,\u00a0<strong>Ricardo Sosa<\/strong>\u00a0destac\u00f3 que\u00a0<em>\u201cuna vez m\u00e1s Argentina alberga una competencia deportiva de car\u00e1cter internacional, que por s\u00e9ptima vez se realiza en el Aut\u00f3dromo Internacional Termas de R\u00edo Hondo\u201d<\/em>.\u00a0<em>\u201cFueron dos a\u00f1os donde la provincia ha trabajado intensamente para mantener el posicionamiento y la promoci\u00f3n de este gran evento internacional\u201d<\/em>.<br>\u00a0<br>Desde la primera edici\u00f3n del Moto GP hasta ahora la ciudad<em>\u00a0\u201ctuvo un crecimiento exponencial\u201d<\/em>\u00a0que se ve reflejado en la multiplicaci\u00f3n de plazas hoteleras, en servicios e infraestructura a partir de una inversi\u00f3n planificada y pensada para el desarrollo del turismo como estrategia de crecimiento.<\/p>\n\n\n\n<figure class=\"wp-block-image size-large\"><a href=\"https:\/\/i0.wp.com\/elterritorialweb.com.ar\/web\/wp-content\/uploads\/2022\/04\/TERMAS-EZPELETA-scaled.jpg\"><img data-recalc-dims=\"1\" decoding=\"async\" width=\"640\" height=\"427\" data-src=\"https:\/\/i0.wp.com\/elterritorialweb.com.ar\/web\/wp-content\/uploads\/2022\/04\/TERMAS-EZPELETA-1024x683.jpg?resize=640%2C427\" alt=\"\" class=\"wp-image-37996 lazyload\" data-srcset=\"https:\/\/i0.wp.com\/elterritorialweb.com.ar\/web\/wp-content\/uploads\/2022\/04\/TERMAS-EZPELETA-scaled.jpg?resize=1024%2C683 1024w, https:\/\/i0.wp.com\/elterritorialweb.com.ar\/web\/wp-content\/uploads\/2022\/04\/TERMAS-EZPELETA-scaled.jpg?resize=300%2C200 300w, https:\/\/i0.wp.com\/elterritorialweb.com.ar\/web\/wp-content\/uploads\/2022\/04\/TERMAS-EZPELETA-scaled.jpg?resize=768%2C512 768w, https:\/\/i0.wp.com\/elterritorialweb.com.ar\/web\/wp-content\/uploads\/2022\/04\/TERMAS-EZPELETA-scaled.jpg?resize=1536%2C1024 1536w, https:\/\/i0.wp.com\/elterritorialweb.com.ar\/web\/wp-content\/uploads\/2022\/04\/TERMAS-EZPELETA-scaled.jpg?resize=2048%2C1365 2048w, https:\/\/i0.wp.com\/elterritorialweb.com.ar\/web\/wp-content\/uploads\/2022\/04\/TERMAS-EZPELETA-scaled.jpg?w=1280 1280w, https:\/\/i0.wp.com\/elterritorialweb.com.ar\/web\/wp-content\/uploads\/2022\/04\/TERMAS-EZPELETA-scaled.jpg?w=1920 1920w\" data-sizes=\"(max-width: 640px) 100vw, 640px\" src=\"data:image\/svg+xml;base64,PHN2ZyB3aWR0aD0iMSIgaGVpZ2h0PSIxIiB4bWxucz0iaHR0cDovL3d3dy53My5vcmcvMjAwMC9zdmciPjwvc3ZnPg==\" style=\"--smush-placeholder-width: 640px; --smush-placeholder-aspect-ratio: 640\/427;\" \/><\/a><\/figure>\n\n\n\n<p><em>\u201cEstamos muy contentos con este regreso y l\u00f3gicamente el compromiso del Estado Nacional es continuar con el apoyo a Santiago del Estero, a la organizaci\u00f3n del evento y trabajar en la promoci\u00f3n para generar mayor impacto econ\u00f3mico y tur\u00edstico\u201d<\/em>, finaliz\u00f3<br>\u00a0<br>Mientras que\u00a0<strong>Carmelo Ezpeleta<\/strong>\u00a0destac\u00f3 que\u00a0<em>\u201cla pandemia le ha sentado bien a Termas, que est\u00e1 mucho mejor\u201d<\/em>,\u00a0<em>\u201cEstamos muy contentos en regresar a la Argentina\u201d<\/em>.<br>\u00a0<br>Para finalizar,\u00a0<strong>Orly Terranova<\/strong>, titular de OSD, la empresa organizadora del Moto GP de Argentina, no dud\u00f3 en afirmar que las expectativas con respecto a la vuelta de la competencia a Las Termas de R\u00edo Hondo fueron superadas ampliamente.<br>\u00a0<br><em>\u201cLa ciudad est\u00e1 colmada, los servicios y su infraestructura est\u00e1n cada vez mejor y la concurrencia masiva de turistas de distintas partes del mundo y del pa\u00eds es m\u00e1s de lo que esper\u00e1bamos\u201d<\/em>, dijo<br>\u00a0<br>Cabe destacar que el destino\u00a0<strong>Termas de R\u00edo Hondo<\/strong>\u00a0rompe la estacionalidad ya que recibe miles de turistas nacionales e internacionales que gastaran 20.000 pesos por noche durante 4 d\u00edas en hoteler\u00eda, comida, movilidad y otras compras, sin contabilizar el gasto de traslado y entradas.<br>\u00a0<br>En tanto, el gasto promedio de pilotos, organizadores y prensa internacional ascender\u00e1 a 120.000 pesos en 6 d\u00edas de estad\u00eda. El principal emisor son turistas de Brasil, Chile, Bolivia, Colombia y Ecuador. Durante la estadia se registr\u00f3 el ingreso a la ciudad de unos 60 mil veh\u00edculos y m\u00e1s de 50 vuelos entre comerciales, privados y charters.<br>\u00a0<br><strong>OCUPACI\u00d3N:<\/strong><br>\u00a0<br>Hoteles 5 y 4 * al 100% (Jueves, viernes, s\u00e1bado y domingo)<br>Hoteles 3* 95%(Jueves, viernes), y 100% (s\u00e1bado y domingo) \u00a0<br>Hoteles 2 y 1* 97%(Jueves, viernes), y 100% (s\u00e1bado y domingo)<\/p>\n\n\n\n<figure class=\"wp-block-image size-large\"><a href=\"https:\/\/i0.wp.com\/elterritorialweb.com.ar\/web\/wp-content\/uploads\/2022\/04\/HOTEL-TERMAS.jpg\"><img data-recalc-dims=\"1\" decoding=\"async\" width=\"640\" height=\"427\" data-src=\"https:\/\/i0.wp.com\/elterritorialweb.com.ar\/web\/wp-content\/uploads\/2022\/04\/HOTEL-TERMAS.jpg?resize=640%2C427\" alt=\"\" class=\"wp-image-37994 lazyload\" data-srcset=\"https:\/\/i0.wp.com\/elterritorialweb.com.ar\/web\/wp-content\/uploads\/2022\/04\/HOTEL-TERMAS.jpg?resize=1024%2C683 1024w, https:\/\/i0.wp.com\/elterritorialweb.com.ar\/web\/wp-content\/uploads\/2022\/04\/HOTEL-TERMAS.jpg?resize=300%2C200 300w, https:\/\/i0.wp.com\/elterritorialweb.com.ar\/web\/wp-content\/uploads\/2022\/04\/HOTEL-TERMAS.jpg?resize=768%2C512 768w, https:\/\/i0.wp.com\/elterritorialweb.com.ar\/web\/wp-content\/uploads\/2022\/04\/HOTEL-TERMAS.jpg?w=1124 1124w\" data-sizes=\"(max-width: 640px) 100vw, 640px\" src=\"data:image\/svg+xml;base64,PHN2ZyB3aWR0aD0iMSIgaGVpZ2h0PSIxIiB4bWxucz0iaHR0cDovL3d3dy53My5vcmcvMjAwMC9zdmciPjwvc3ZnPg==\" style=\"--smush-placeholder-width: 640px; --smush-placeholder-aspect-ratio: 640\/427;\" \/><\/a><\/figure>\n\n\n\n<p>El Gran Premio de la Rep\u00fablica Argentina de Moto GP se corre por 7ma vez en la ciudad de Termas de R\u00edo Hondo, Santiago del Estero. La carrera, v\u00e1lida por la tercera fecha del calendario 2022 para las tres categor\u00edas MotoGP, Moto 2 y Moto3 en el renovado circuito internacional Termas de R\u00edo Hondo, considerado el m\u00e1s moderno, veloz y seguro de Latinoam\u00e9rica. Adem\u00e1s, han sido mejoradas las zonas de hospitalidad, remodelacion de los boxes, nuevos paddocks y la construcci\u00f3n de una moderna sala de prensa, con pintura y reacondicionamiento general, para una \u00f3ptima presentaci\u00f3n del Aut\u00f3dromo. El Museo del Aut\u00f3dromo tambi\u00e9n reabri\u00f3 sus puertas luego del receso y es una de las atracciones del fin de semana. El MotoGP tiene una cobertura televisiva global de gran impacto, con 6400 horas en m\u00e1s de 207 pa\u00edses y la presencia de 500 medios internacionales acreditados.<br>\u00a0<br><strong>Clasificaci\u00f3n MotoGP<\/strong><br>\u00a0<br><strong>Pole Position para Aleix Espargar\u00f3 (ESP)<\/strong>, quien con su Aprillia se qued\u00f3 con el mejor tiempo en el Circuito Internacional de Termas de R\u00edo Hondo, aventajando a Jorge Mart\u00edn (ESP) y Luca Marini (ITA) tercero.<\/p>\n","protected":false},"excerpt":{"rendered":"<p>Esta prueba, impulsada por el INPROTUR y el Gobierno de Santiago de Estero, contribuye a difundir los atractivos tur\u00edsticos de nuestro pa\u00eds en el mundo.<\/p>\n","protected":false},"author":2,"featured_media":37992,"comment_status":"open","ping_status":"open","sticky":false,"template":"","format":"standard","meta":{"om_disable_all_campaigns":false,"_monsterinsights_skip_tracking":false,"_monsterinsights_sitenote_active":false,"_monsterinsights_sitenote_note":"","_monsterinsights_sitenote_category":0,"_uf_show_specific_survey":0,"_uf_disable_surveys":false,"jetpack_post_was_ever_published":false,"_jetpack_newsletter_access":"","_jetpack_dont_email_post_to_subs":false,"_jetpack_newsletter_tier_id":0,"_jetpack_memberships_contains_paywalled_content":false,"_jetpack_memberships_contains_paid_content":false,"footnotes":"","jetpack_publicize_message":"","jetpack_publicize_feature_enabled":true,"jetpack_social_post_already_shared":false,"jetpack_social_options":{"image_generator_settings":{"template":"highway","default_image_id":0,"font":"","enabled":false},"version":2}},"categories":[29],"tags":[],"class_list":["post-37991","post","type-post","status-publish","format-standard","has-post-thumbnail","hentry","category-turismo"],"aioseo_notices":[],"views":10,"jetpack_publicize_connections":[],"jetpack_featured_media_url":"https:\/\/i0.wp.com\/elterritorialweb.com.ar\/web\/wp-content\/uploads\/2022\/04\/MOTO-GP-TERMAS.jpg?fit=960%2C640","jetpack_sharing_enabled":true,"_links":{"self":[{"href":"http:\/\/elterritorialweb.com.ar\/web\/wp-json\/wp\/v2\/posts\/37991","targetHints":{"allow":["GET"]}}],"collection":[{"href":"http:\/\/elterritorialweb.com.ar\/web\/wp-json\/wp\/v2\/posts"}],"about":[{"href":"http:\/\/elterritorialweb.com.ar\/web\/wp-json\/wp\/v2\/types\/post"}],"author":[{"embeddable":true,"href":"http:\/\/elterritorialweb.com.ar\/web\/wp-json\/wp\/v2\/users\/2"}],"replies":[{"embeddable":true,"href":"http:\/\/elterritorialweb.com.ar\/web\/wp-json\/wp\/v2\/comments?post=37991"}],"version-history":[{"count":2,"href":"http:\/\/elterritorialweb.com.ar\/web\/wp-json\/wp\/v2\/posts\/37991\/revisions"}],"predecessor-version":[{"id":37997,"href":"http:\/\/elterritorialweb.com.ar\/web\/wp-json\/wp\/v2\/posts\/37991\/revisions\/37997"}],"wp:featuredmedia":[{"embeddable":true,"href":"http:\/\/elterritorialweb.com.ar\/web\/wp-json\/wp\/v2\/media\/37992"}],"wp:attachment":[{"href":"http:\/\/elterritorialweb.com.ar\/web\/wp-json\/wp\/v2\/media?parent=37991"}],"wp:term":[{"taxonomy":"category","embeddable":true,"href":"http:\/\/elterritorialweb.com.ar\/web\/wp-json\/wp\/v2\/categories?post=37991"},{"taxonomy":"post_tag","embeddable":true,"href":"http:\/\/elterritorialweb.com.ar\/web\/wp-json\/wp\/v2\/tags?post=37991"}],"curies":[{"name":"wp","href":"https:\/\/api.w.org\/{rel}","templated":true}]}}