{"id":38007,"date":"2022-04-03T20:30:05","date_gmt":"2022-04-03T20:30:05","guid":{"rendered":"http:\/\/elterritorialweb.com.ar\/web\/?p=38007"},"modified":"2022-04-03T20:30:07","modified_gmt":"2022-04-03T20:30:07","slug":"alexis-espargaro-se-quedo-con-el-gran-premio-de-la-argentina","status":"publish","type":"post","link":"http:\/\/elterritorialweb.com.ar\/web\/alexis-espargaro-se-quedo-con-el-gran-premio-de-la-argentina\/","title":{"rendered":"ALEXIS ESPARGAR\u00d3 SE QUEDO CON EL GRAN PREMIO DE LA ARGENTINA"},"content":{"rendered":"\n<p>El espa\u00f1ol Aleix Espargar\u00f3, con Aprilia, gan\u00f3 este domingo su primera carrera en el Moto GP, al adjudicarse con autoridad el Gran Premio de la Rep\u00fablica Argentina, que por la tercera fecha del campeonato de la especialidad, se disput\u00f3 en el aut\u00f3dromo santiague\u00f1o de Termas de R\u00edo Hondo,&nbsp;<strong>ante 70 mil espectadores<\/strong>, que vibraron con el regreso de la categor\u00eda reina al pa\u00eds.<\/p>\n\n\n\n<p>En un duelo codo a codo en los \u00faltimos tramos con su connacional Jorge Mart\u00edn (Ducati), Espargar\u00f3 se impuso con firmeza al cabo de las 25 vueltas al trazado de 4.806 metros, que tuvo en el tercer escal\u00f3n del podio al tambi\u00e9n espa\u00f1ol Alex Rins (Suzuki).<\/p>\n\n\n\n<p>Mart\u00edn tom\u00f3 la delantera a pesar que Espargar\u00f3 hab\u00eda hecho la pole y el piloto de Aprilia busc\u00f3 superarlo, lo que logr\u00f3 a cinco giros del final.<\/p>\n\n\n\n<p>De esta manera, Aleix Espargar\u00f3, de 32 a\u00f1os, oriundo de Granolles, Espa\u00f1a, obtuvo su primera victoria en la categor\u00eda en sus 200 carreras, al igual que<strong>\u00a0Aprilia, que en el historial de la categor\u00eda reina nunca hab\u00eda logrado una victoria.<\/strong><\/p>\n\n\n\n<figure class=\"wp-block-embed is-type-rich is-provider-twitter wp-block-embed-twitter\"><div class=\"wp-block-embed__wrapper\">\n<div class=\"embed-twitter\"><blockquote class=\"twitter-tweet\" data-width=\"550\" data-dnt=\"true\"><p lang=\"en\" dir=\"ltr\">Your <a href=\"https:\/\/twitter.com\/hashtag\/ArgentinaGP?src=hash&amp;ref_src=twsrc%5Etfw\">#ArgentinaGP<\/a> \ud83c\udde6\ud83c\uddf7 heroes \ud83e\udd29 <br><br>\ud83e\udd47 <a href=\"https:\/\/twitter.com\/AleixEspargaro?ref_src=twsrc%5Etfw\">@AleixEspargaro<\/a> <br>\ud83e\udd48 <a href=\"https:\/\/twitter.com\/88jorgemartin?ref_src=twsrc%5Etfw\">@88jorgemartin<\/a>  <br>\ud83e\udd49 <a href=\"https:\/\/twitter.com\/Rins42?ref_src=twsrc%5Etfw\">@Rins42<\/a> <a href=\"https:\/\/twitter.com\/hashtag\/MotoGP?src=hash&amp;ref_src=twsrc%5Etfw\">#MotoGP<\/a> <a href=\"https:\/\/t.co\/DrvQL6l4GO\">pic.twitter.com\/DrvQL6l4GO<\/a><\/p>&mdash; MotoGP\u2122\ud83c\udfc1 (@MotoGP) <a href=\"https:\/\/twitter.com\/MotoGP\/status\/1510697102908833796?ref_src=twsrc%5Etfw\">April 3, 2022<\/a><\/blockquote><script async src=\"https:\/\/platform.twitter.com\/widgets.js\" charset=\"utf-8\"><\/script><\/div>\n<\/div><\/figure>\n","protected":false},"excerpt":{"rendered":"<p>Despu\u00e9s de 200 carreras lleg\u00f3 el triunfo para el piloto espa\u00f1ol. Tambi\u00e9n fue la primera victoria para su moto, Apriliia.<\/p>\n","protected":false},"author":2,"featured_media":38008,"comment_status":"open","ping_status":"open","sticky":false,"template":"","format":"standard","meta":{"om_disable_all_campaigns":false,"_monsterinsights_skip_tracking":false,"_monsterinsights_sitenote_active":false,"_monsterinsights_sitenote_note":"","_monsterinsights_sitenote_category":0,"_uf_show_specific_survey":0,"_uf_disable_surveys":false,"jetpack_post_was_ever_published":false,"_jetpack_newsletter_access":"","_jetpack_dont_email_post_to_subs":false,"_jetpack_newsletter_tier_id":0,"_jetpack_memberships_contains_paywalled_content":false,"_jetpack_memberships_contains_paid_content":false,"footnotes":"","jetpack_publicize_message":"","jetpack_publicize_feature_enabled":true,"jetpack_social_post_already_shared":false,"jetpack_social_options":{"image_generator_settings":{"template":"highway","default_image_id":0,"font":"","enabled":false},"version":2}},"categories":[6],"tags":[],"class_list":["post-38007","post","type-post","status-publish","format-standard","has-post-thumbnail","hentry","category-deportes"],"aioseo_notices":[],"views":8,"jetpack_publicize_connections":[],"jetpack_featured_media_url":"https:\/\/i0.wp.com\/elterritorialweb.com.ar\/web\/wp-content\/uploads\/2022\/04\/Aleix-Espargaro-gano-motogp.jpg?fit=1320%2C743","jetpack_sharing_enabled":true,"_links":{"self":[{"href":"http:\/\/elterritorialweb.com.ar\/web\/wp-json\/wp\/v2\/posts\/38007","targetHints":{"allow":["GET"]}}],"collection":[{"href":"http:\/\/elterritorialweb.com.ar\/web\/wp-json\/wp\/v2\/posts"}],"about":[{"href":"http:\/\/elterritorialweb.com.ar\/web\/wp-json\/wp\/v2\/types\/post"}],"author":[{"embeddable":true,"href":"http:\/\/elterritorialweb.com.ar\/web\/wp-json\/wp\/v2\/users\/2"}],"replies":[{"embeddable":true,"href":"http:\/\/elterritorialweb.com.ar\/web\/wp-json\/wp\/v2\/comments?post=38007"}],"version-history":[{"count":1,"href":"http:\/\/elterritorialweb.com.ar\/web\/wp-json\/wp\/v2\/posts\/38007\/revisions"}],"predecessor-version":[{"id":38009,"href":"http:\/\/elterritorialweb.com.ar\/web\/wp-json\/wp\/v2\/posts\/38007\/revisions\/38009"}],"wp:featuredmedia":[{"embeddable":true,"href":"http:\/\/elterritorialweb.com.ar\/web\/wp-json\/wp\/v2\/media\/38008"}],"wp:attachment":[{"href":"http:\/\/elterritorialweb.com.ar\/web\/wp-json\/wp\/v2\/media?parent=38007"}],"wp:term":[{"taxonomy":"category","embeddable":true,"href":"http:\/\/elterritorialweb.com.ar\/web\/wp-json\/wp\/v2\/categories?post=38007"},{"taxonomy":"post_tag","embeddable":true,"href":"http:\/\/elterritorialweb.com.ar\/web\/wp-json\/wp\/v2\/tags?post=38007"}],"curies":[{"name":"wp","href":"https:\/\/api.w.org\/{rel}","templated":true}]}}