{"id":38010,"date":"2022-04-03T21:00:42","date_gmt":"2022-04-03T21:00:42","guid":{"rendered":"http:\/\/elterritorialweb.com.ar\/web\/?p=38010"},"modified":"2022-04-03T21:02:45","modified_gmt":"2022-04-03T21:02:45","slug":"el-presidente-chileno-gabriel-boric-llego-a-la-argentina-donde-desarrollara-una-intensa-agenda-politica","status":"publish","type":"post","link":"http:\/\/elterritorialweb.com.ar\/web\/el-presidente-chileno-gabriel-boric-llego-a-la-argentina-donde-desarrollara-una-intensa-agenda-politica\/","title":{"rendered":"EL PRESIDENTE CHILENO GABRIEL BORIC LLEG\u00d3 A LA ARGENTINA DONDE DESARROLLAR\u00c1 UNA INTENSA AGENDA POL\u00cdTICA"},"content":{"rendered":"\n<p>El presidente de Chile, Gabriel Boric, lleg\u00f3 este domingo&nbsp;a la Argentina, donde a partir de este lunes cumplir\u00e1 una intensa agenda que comenzar\u00e1 con una&nbsp;<strong>reuni\u00f3n con Alberto Fern\u00e1ndez en la Casa Rosada.<\/strong><\/p>\n\n\n\n<p>En su primer viaje oficial al exterior, Boric arrib\u00f3 al aeropuerto de Ezeiza en un avi\u00f3n de la Fuerza A\u00e9rea de Chile que aterriz\u00f3 alrededor de las 16 en el sector FOB (un \u00e1rea diferenciada del aeropuerto) y fue recibido por el canciller Santiago Cafiero.<\/p>\n\n\n\n<p>Minutos despu\u00e9s del aterrizaje y tras el descenso de la numerosa comitiva que lo acompa\u00f1a, Boris, vestido con un ambo color oscuro y camisa blanca sin corbata, baj\u00f3 de la nave acompa\u00f1ado por Cafiero.<\/p>\n\n\n\n<p>Al pie de la escalerilla se estrech\u00f3 en un fuerte abrazo con la embajadora chilena en Buenos Aires, B\u00e1rbara Figueroa, y salud\u00f3 a otras autoridades de su pa\u00eds y locales.<\/p>\n\n\n\n<p>Luego de la bienvenida de rigor que le brindaron las autoridades civiles y militares y el recibimiento de la fanfarria del Regimiento de Patricios, Boric y Figueroa se retiraron en un auto oficial.<\/p>\n\n\n\n<p>El presidente Fern\u00e1ndez recibir\u00e1 este lunes a Boric en la Casa Rosada, donde&nbsp;<strong>ambos firmar\u00e1n convenios bilaterales&nbsp;<\/strong>en el inicio de la primera gira internacional del mandatario del pa\u00eds trasandino, quien asumi\u00f3 sus funciones el 11 de marzo pasado.<\/p>\n\n\n\n<p>A su llegada a la explanada de Casa Rosada, prevista para las 10, el presidente chileno ser\u00e1 recibido por un cord\u00f3n de honor, y luego participar\u00e1 junto a Fern\u00e1ndez de la tradicional foto oficial en la Escalera Francia.<\/p>\n\n\n\n<p>A continuaci\u00f3n, los jefes de Estado mantendr\u00e1n un<strong>&nbsp;encuentro privado&nbsp;<\/strong>en el despacho presidencial, para luego realizar la presentaci\u00f3n de cada comitiva en el Hall de los Vitreaux, inform\u00f3 Presidencia.<\/p>\n\n\n\n<p>Seguidamente, se realizar\u00e1 una reuni\u00f3n ampliada de ambas comitivas en el sal\u00f3n Eva Per\u00f3n, en la que participar\u00e1n por la Argentina los ministros de Relaciones Exteriores, Comercio Internacional y Culto, Santiago Cafiero; Defensa, Jorge Taiana; Econom\u00eda, Mart\u00edn Guzm\u00e1n; Cultura, Trist\u00e1n Bauer; y la ministra de Mujeres, G\u00e9neros y Diversidad, Elizabeth G\u00f3mez Alcorta.<\/p>\n\n\n\n<p>Tambi\u00e9n formar\u00e1n parte del encuentro los secretarios de Asuntos Estrat\u00e9gicos, Gustavo Beliz; Derechos Humanos, Horacio Pietragalla Corti; Energ\u00eda, Dar\u00edo Mart\u00ednez; y el embajador ante Chile, Rafael Bielsa.<\/p>\n\n\n\n<p>Por Chile, en tanto, estar\u00e1n presentes las ministras de Relaciones Exteriores, Antonia Urrejola; Defensa Nacional, Maya Fern\u00e1ndez Allende; la Mujer y la Equidad de G\u00e9nero, Antonia Orellana; Culturas, Artes y Patrimonio, Julieta Brodsky; el ministro de Energ\u00eda, Claudio Huepe; el subsecretario de Relaciones Econ\u00f3micas Internacionales, Jos\u00e9 Miguel Ahumada; la jefa de Asesores del Gabinete de la Presidencia, Luc\u00eda Dammert, y la embajadora ante Argentina, B\u00e1rbara Figueroa.<\/p>\n\n\n\n<p>Finalizada la actividad, ambos presidentes encabezar\u00e1n la&nbsp;<strong>firma de una serie de acuerdos en el Museo del Bicentenario, para posteriormente realizar all\u00ed una declaraci\u00f3n a la prensa.<\/strong><\/p>\n\n\n\n<p>El lunes por la tarde, en tanto, Boric y su comitiva<strong>&nbsp;se dirigir\u00e1n alrededor de las 15 al Congreso, donde el mandatario firmar\u00e1 el Libro de Honor, participar\u00e1 de una foto oficial y mantendr\u00e1 un encuentro con la presidenta del Senado<\/strong>, Claudia Ledesma Abdala de Zamora, el titular de la C\u00e1mara de Diputados, Sergio Massa, y otras autoridades parlamentarias.<\/p>\n\n\n\n<p>El itinerario de Boric continuar\u00e1 con una<strong>&nbsp;visita al Palacio de Justicia,<\/strong>&nbsp;donde ser\u00e1 recibido por el vicepresidente de la Corte Suprema, Carlos Rosenkrantz, con quien mantendr\u00e1 un encuentro posterior que incluir\u00e1 a los ministros Juan Carlos Maqueda y Ricardo Lorenzetti.<\/p>\n\n\n\n<p>Por parte de Chile, participar\u00e1 el presidente de la Corte Suprema de Justicia, Juan Fuentes.<\/p>\n\n\n\n<p>Por la noche, Fern\u00e1ndez y Boric asistir\u00e1n a un espect\u00e1culo cultural en el Centro Cultural Kirchner (CCK) y m\u00e1s tarde el presidente Fern\u00e1ndez \u00abofrecer\u00e1 una cena en honor\u00bb a su par chileno, en la que ambos \u00abdirigir\u00e1n unas palabras a los presentes\u00bb, seg\u00fan se inform\u00f3 en un comunicado.<\/p>\n\n\n\n<p>Por \u00faltimo, el martes pr\u00f3ximo el presidente del pa\u00eds vecino inaugurar\u00e1 el foro empresarial del comit\u00e9 de Comercio Argentina-Chile en el que participar\u00e1n \u00abcerca de 50 empresarios de ambos pa\u00edses\u00bb y que ser\u00e1 realizado en la Canciller\u00eda argentina.<\/p>\n","protected":false},"excerpt":{"rendered":"<p>En el primer viaje que hace desde que asumi\u00f3, Gabriel Boric comenzar\u00e1 su actividad oficial en el pa\u00eds el lunes con un encuentro con Alberto Fern\u00e1ndez.  <\/p>\n","protected":false},"author":2,"featured_media":38011,"comment_status":"open","ping_status":"open","sticky":false,"template":"","format":"standard","meta":{"om_disable_all_campaigns":false,"_monsterinsights_skip_tracking":false,"_monsterinsights_sitenote_active":false,"_monsterinsights_sitenote_note":"","_monsterinsights_sitenote_category":0,"_uf_show_specific_survey":0,"_uf_disable_surveys":false,"jetpack_post_was_ever_published":false,"_jetpack_newsletter_access":"","_jetpack_dont_email_post_to_subs":false,"_jetpack_newsletter_tier_id":0,"_jetpack_memberships_contains_paywalled_content":false,"_jetpack_memberships_contains_paid_content":false,"footnotes":"","jetpack_publicize_message":"","jetpack_publicize_feature_enabled":true,"jetpack_social_post_already_shared":false,"jetpack_social_options":{"image_generator_settings":{"template":"highway","default_image_id":0,"font":"","enabled":false},"version":2}},"categories":[18],"tags":[],"class_list":["post-38010","post","type-post","status-publish","format-standard","has-post-thumbnail","hentry","category-politica"],"aioseo_notices":[],"views":7,"jetpack_publicize_connections":[],"jetpack_featured_media_url":"https:\/\/i0.wp.com\/elterritorialweb.com.ar\/web\/wp-content\/uploads\/2022\/04\/BORIC-LLEGO-A-LA-ARGENTINA.jpg?fit=767%2C431","jetpack_sharing_enabled":true,"_links":{"self":[{"href":"http:\/\/elterritorialweb.com.ar\/web\/wp-json\/wp\/v2\/posts\/38010","targetHints":{"allow":["GET"]}}],"collection":[{"href":"http:\/\/elterritorialweb.com.ar\/web\/wp-json\/wp\/v2\/posts"}],"about":[{"href":"http:\/\/elterritorialweb.com.ar\/web\/wp-json\/wp\/v2\/types\/post"}],"author":[{"embeddable":true,"href":"http:\/\/elterritorialweb.com.ar\/web\/wp-json\/wp\/v2\/users\/2"}],"replies":[{"embeddable":true,"href":"http:\/\/elterritorialweb.com.ar\/web\/wp-json\/wp\/v2\/comments?post=38010"}],"version-history":[{"count":2,"href":"http:\/\/elterritorialweb.com.ar\/web\/wp-json\/wp\/v2\/posts\/38010\/revisions"}],"predecessor-version":[{"id":38013,"href":"http:\/\/elterritorialweb.com.ar\/web\/wp-json\/wp\/v2\/posts\/38010\/revisions\/38013"}],"wp:featuredmedia":[{"embeddable":true,"href":"http:\/\/elterritorialweb.com.ar\/web\/wp-json\/wp\/v2\/media\/38011"}],"wp:attachment":[{"href":"http:\/\/elterritorialweb.com.ar\/web\/wp-json\/wp\/v2\/media?parent=38010"}],"wp:term":[{"taxonomy":"category","embeddable":true,"href":"http:\/\/elterritorialweb.com.ar\/web\/wp-json\/wp\/v2\/categories?post=38010"},{"taxonomy":"post_tag","embeddable":true,"href":"http:\/\/elterritorialweb.com.ar\/web\/wp-json\/wp\/v2\/tags?post=38010"}],"curies":[{"name":"wp","href":"https:\/\/api.w.org\/{rel}","templated":true}]}}