{"id":38014,"date":"2022-04-03T21:10:18","date_gmt":"2022-04-03T21:10:18","guid":{"rendered":"http:\/\/elterritorialweb.com.ar\/web\/?p=38014"},"modified":"2022-04-03T21:13:39","modified_gmt":"2022-04-03T21:13:39","slug":"se-reportaron-484-casos-positivos-de-coronavirus-en-argentina","status":"publish","type":"post","link":"http:\/\/elterritorialweb.com.ar\/web\/se-reportaron-484-casos-positivos-de-coronavirus-en-argentina\/","title":{"rendered":"SE REPORTARON 484 CASOS POSITIVOS DE CORONAVIRUS EN ARGENTINA"},"content":{"rendered":"\n<p>El\u00a0<strong>Ministerio de Salud<\/strong>\u00a0inform\u00f3 este domingo\u00a0<strong>484 nuevos contagios y 6 muertes por\u00a0coronavirus<\/strong> en las \u00faltimas 24 horas.<\/p>\n\n\n\n<p>Seg\u00fan el reporte diario, ya son<strong>\u00a09.041.124\u00a0<\/strong>los casos confirmados y<strong>\u00a0128.065 las v\u00edctimas fatales<\/strong>\u00a0en la Argentina. Los\u00a0<strong>activos<\/strong>, en tanto, suman<strong>\u00a045.152\u00a0<\/strong>y las personas\u00a0<strong>dadas de alta\u00a0<\/strong>totalizan<strong>\u00a08.867.907<\/strong>.<\/p>\n\n\n\n<h3 class=\"wp-block-heading\">Cu\u00e1ntos testeos de coronavirus se hicieron en las \u00faltimas 24 horas<\/h3>\n\n\n\n<p>Adem\u00e1s, la informaci\u00f3n oficial indic\u00f3 que durante las \u00faltimas 24 horas se realizaron\u00a0<strong>10.308 testeos<\/strong>\u00a0para detectar la enfermedad, y ya son\u00a0<strong>35.455.227\u00a0<\/strong>los ex\u00e1menes llevados a cabo en el pa\u00eds desde el inicio de\u00a0la pandemia.<\/p>\n\n\n\n<figure class=\"wp-block-image size-large\"><a href=\"https:\/\/i0.wp.com\/elterritorialweb.com.ar\/web\/wp-content\/uploads\/2022\/04\/CORONAVIRUS-EN-ARGENTINA.jpg\"><img data-recalc-dims=\"1\" decoding=\"async\" width=\"640\" height=\"438\" data-src=\"https:\/\/i0.wp.com\/elterritorialweb.com.ar\/web\/wp-content\/uploads\/2022\/04\/CORONAVIRUS-EN-ARGENTINA.jpg?resize=640%2C438\" alt=\"\" class=\"wp-image-38015 lazyload\" data-srcset=\"https:\/\/i0.wp.com\/elterritorialweb.com.ar\/web\/wp-content\/uploads\/2022\/04\/CORONAVIRUS-EN-ARGENTINA.jpg?resize=1024%2C700 1024w, https:\/\/i0.wp.com\/elterritorialweb.com.ar\/web\/wp-content\/uploads\/2022\/04\/CORONAVIRUS-EN-ARGENTINA.jpg?resize=300%2C205 300w, https:\/\/i0.wp.com\/elterritorialweb.com.ar\/web\/wp-content\/uploads\/2022\/04\/CORONAVIRUS-EN-ARGENTINA.jpg?resize=768%2C525 768w, https:\/\/i0.wp.com\/elterritorialweb.com.ar\/web\/wp-content\/uploads\/2022\/04\/CORONAVIRUS-EN-ARGENTINA.jpg?w=1440 1440w, https:\/\/i0.wp.com\/elterritorialweb.com.ar\/web\/wp-content\/uploads\/2022\/04\/CORONAVIRUS-EN-ARGENTINA.jpg?w=1280 1280w\" data-sizes=\"(max-width: 640px) 100vw, 640px\" src=\"data:image\/svg+xml;base64,PHN2ZyB3aWR0aD0iMSIgaGVpZ2h0PSIxIiB4bWxucz0iaHR0cDovL3d3dy53My5vcmcvMjAwMC9zdmciPjwvc3ZnPg==\" style=\"--smush-placeholder-width: 640px; --smush-placeholder-aspect-ratio: 640\/438;\" \/><\/a><\/figure>\n\n\n\n<h3 class=\"wp-block-heading\">Cu\u00e1ntas camas de terapia intensiva est\u00e1n ocupadas con pacientes con coronavirus<\/h3>\n\n\n\n<p>Por otra parte, los pacientes que permanecen internados con COVID-19 en las distintas unidades de\u00a0<strong>terapia intensiva (UTI)<\/strong>\u00a0del pa\u00eds son\u00a0<strong>487,<\/strong>\u00a0la cifra m\u00e1s baja desde\u00a0<strong>junio de 2020.<\/strong>\u00a0En tanto que el porcentaje de ocupaci\u00f3n total de camas en las UTI adulto es del\u00a0<strong>37.5%<\/strong>\u00a0a nivel\u00a0<strong>nacional<\/strong>\u00a0y del\u00a0<strong>38%<\/strong>\u00a0en el \u00c1rea Metropolitana de Buenos Aires\u00a0<strong>(AMBA).<\/strong><\/p>\n\n\n\n<div class=\"infogram-embed\" data-id=\"09886bfe-6728-477a-b639-3e6b4ba92211\" data-type=\"interactive\" data-title=\"Curva\"><\/div><script>!function(e,i,n,s){var t=\"InfogramEmbeds\",d=e.getElementsByTagName(\"script\")[0];if(window[t]&&window[t].initialized)window[t].process&&window[t].process();else if(!e.getElementById(n)){var o=e.createElement(\"script\");o.async=1,o.id=n,o.src=\"https:\/\/e.infogram.com\/js\/dist\/embed-loader-min.js\",d.parentNode.insertBefore(o,d)}}(document,0,\"infogram-async\");<\/script>\n","protected":false},"excerpt":{"rendered":"<p>Otras 6 personas murieron y 484 fueron reportadas con coronavirus en las \u00faltimas 24 horas en la Argentina, con lo que suman 128.065 los fallecidos registrados oficialmente a nivel nacional y 9.041.124 los contagiados desde el inicio de la pandemia, inform\u00f3 este domingo el Ministerio de Salud.<\/p>\n","protected":false},"author":2,"featured_media":38017,"comment_status":"open","ping_status":"open","sticky":false,"template":"","format":"standard","meta":{"om_disable_all_campaigns":false,"_monsterinsights_skip_tracking":false,"_monsterinsights_sitenote_active":false,"_monsterinsights_sitenote_note":"","_monsterinsights_sitenote_category":0,"_uf_show_specific_survey":0,"_uf_disable_surveys":false,"jetpack_post_was_ever_published":false,"_jetpack_newsletter_access":"","_jetpack_dont_email_post_to_subs":false,"_jetpack_newsletter_tier_id":0,"_jetpack_memberships_contains_paywalled_content":false,"_jetpack_memberships_contains_paid_content":false,"footnotes":"","jetpack_publicize_message":"","jetpack_publicize_feature_enabled":true,"jetpack_social_post_already_shared":false,"jetpack_social_options":{"image_generator_settings":{"template":"highway","default_image_id":0,"font":"","enabled":false},"version":2}},"categories":[3],"tags":[],"class_list":["post-38014","post","type-post","status-publish","format-standard","has-post-thumbnail","hentry","category-salud"],"aioseo_notices":[],"views":9,"jetpack_publicize_connections":[],"jetpack_featured_media_url":"https:\/\/i0.wp.com\/elterritorialweb.com.ar\/web\/wp-content\/uploads\/2022\/04\/coronavirus-argentina.jpg?fit=1000%2C667","jetpack_sharing_enabled":true,"_links":{"self":[{"href":"http:\/\/elterritorialweb.com.ar\/web\/wp-json\/wp\/v2\/posts\/38014","targetHints":{"allow":["GET"]}}],"collection":[{"href":"http:\/\/elterritorialweb.com.ar\/web\/wp-json\/wp\/v2\/posts"}],"about":[{"href":"http:\/\/elterritorialweb.com.ar\/web\/wp-json\/wp\/v2\/types\/post"}],"author":[{"embeddable":true,"href":"http:\/\/elterritorialweb.com.ar\/web\/wp-json\/wp\/v2\/users\/2"}],"replies":[{"embeddable":true,"href":"http:\/\/elterritorialweb.com.ar\/web\/wp-json\/wp\/v2\/comments?post=38014"}],"version-history":[{"count":1,"href":"http:\/\/elterritorialweb.com.ar\/web\/wp-json\/wp\/v2\/posts\/38014\/revisions"}],"predecessor-version":[{"id":38016,"href":"http:\/\/elterritorialweb.com.ar\/web\/wp-json\/wp\/v2\/posts\/38014\/revisions\/38016"}],"wp:featuredmedia":[{"embeddable":true,"href":"http:\/\/elterritorialweb.com.ar\/web\/wp-json\/wp\/v2\/media\/38017"}],"wp:attachment":[{"href":"http:\/\/elterritorialweb.com.ar\/web\/wp-json\/wp\/v2\/media?parent=38014"}],"wp:term":[{"taxonomy":"category","embeddable":true,"href":"http:\/\/elterritorialweb.com.ar\/web\/wp-json\/wp\/v2\/categories?post=38014"},{"taxonomy":"post_tag","embeddable":true,"href":"http:\/\/elterritorialweb.com.ar\/web\/wp-json\/wp\/v2\/tags?post=38014"}],"curies":[{"name":"wp","href":"https:\/\/api.w.org\/{rel}","templated":true}]}}