{"id":38033,"date":"2022-04-04T01:52:54","date_gmt":"2022-04-04T01:52:54","guid":{"rendered":"http:\/\/elterritorialweb.com.ar\/web\/?p=38033"},"modified":"2022-04-04T01:52:55","modified_gmt":"2022-04-04T01:52:55","slug":"el-frente-renovador-se-prepara-para-las-proximas-elecciones-municipales-de-la-provincia","status":"publish","type":"post","link":"http:\/\/elterritorialweb.com.ar\/web\/el-frente-renovador-se-prepara-para-las-proximas-elecciones-municipales-de-la-provincia\/","title":{"rendered":"EL FRENTE RENOVADOR SE PREPARA PARA LAS PR\u00d3XIMAS ELECCIONES MUNICIPALES DE LA PROVINCIA"},"content":{"rendered":"\n<p>Encabezado por el Presidente del Frente a nivel Nacional, Pablo Mirolo, dirigentes del interior provincial como \u2018Chacho\u2019 Avila, de Fr\u00edas; Walter Nieva, Jos\u00e9 Fares Ruiz, de Termas de R\u00edo Hondo; concejal Sandoval, de Loreto; Carlos D\u00edaz Stmabuli, Tomasa Pereyra, Marta Rojas, de A\u00f1atuya; Veronica Larcher, Bruno Diaz, Cesar Scabuzzo, Jorge Musetti, de Santiago Capital; Roger Nediani, Mariana Morales, Valeria Chazarreta, Ruben More, Gabriel Santillan, Nancy Bustamante, Claudia Acu\u00f1a, Mirian Mart\u00edn, Florencia Ledesma, de La Banda; y el presidente del Partido local, Kuki Mirolo; Patricio Augusto, Cristian Chazarreta, de Libres del Sur como bloque aliado, y dem\u00e1s dirigentes y representantes del partido.<br>Adem\u00e1s, en la oportunidad anunciaron su participaci\u00f3n en el pr\u00f3ximo Congreso Nacional del Frente Renovador, el cual se realizar\u00e1 los d\u00edas 23 y 24 del corriente en la ciudad de Mar del Plata, donde se contar\u00e1 con la presencia del fundador y l\u00edder del partido, actualmente presidente de la C\u00e1mara de Diputados de la Naci\u00f3n, Sergio Massa.<\/p>\n","protected":false},"excerpt":{"rendered":"<p>Representantes de diferentes localidades de la provincia del Frente Renovador, mantuvieron un importante encuentro, que tuvo como objetivo la planificaci\u00f3n de estrategias para las pr\u00f3ximas elecciones municipales de este a\u00f1o.<\/p>\n","protected":false},"author":2,"featured_media":38042,"comment_status":"open","ping_status":"open","sticky":false,"template":"","format":"standard","meta":{"om_disable_all_campaigns":false,"_monsterinsights_skip_tracking":false,"_monsterinsights_sitenote_active":false,"_monsterinsights_sitenote_note":"","_monsterinsights_sitenote_category":0,"_uf_show_specific_survey":0,"_uf_disable_surveys":false,"jetpack_post_was_ever_published":false,"_jetpack_newsletter_access":"","_jetpack_dont_email_post_to_subs":false,"_jetpack_newsletter_tier_id":0,"_jetpack_memberships_contains_paywalled_content":false,"_jetpack_memberships_contains_paid_content":false,"footnotes":"","jetpack_publicize_message":"","jetpack_publicize_feature_enabled":true,"jetpack_social_post_already_shared":false,"jetpack_social_options":{"image_generator_settings":{"template":"highway","default_image_id":0,"font":"","enabled":false},"version":2}},"categories":[21],"tags":[],"class_list":["post-38033","post","type-post","status-publish","format-standard","has-post-thumbnail","hentry","category-locales"],"aioseo_notices":[],"views":20,"jetpack_publicize_connections":[],"jetpack_featured_media_url":"https:\/\/i0.wp.com\/elterritorialweb.com.ar\/web\/wp-content\/uploads\/2022\/04\/IMG-20220403-WA0018.jpg?fit=1280%2C960","jetpack_sharing_enabled":true,"_links":{"self":[{"href":"http:\/\/elterritorialweb.com.ar\/web\/wp-json\/wp\/v2\/posts\/38033","targetHints":{"allow":["GET"]}}],"collection":[{"href":"http:\/\/elterritorialweb.com.ar\/web\/wp-json\/wp\/v2\/posts"}],"about":[{"href":"http:\/\/elterritorialweb.com.ar\/web\/wp-json\/wp\/v2\/types\/post"}],"author":[{"embeddable":true,"href":"http:\/\/elterritorialweb.com.ar\/web\/wp-json\/wp\/v2\/users\/2"}],"replies":[{"embeddable":true,"href":"http:\/\/elterritorialweb.com.ar\/web\/wp-json\/wp\/v2\/comments?post=38033"}],"version-history":[{"count":1,"href":"http:\/\/elterritorialweb.com.ar\/web\/wp-json\/wp\/v2\/posts\/38033\/revisions"}],"predecessor-version":[{"id":38043,"href":"http:\/\/elterritorialweb.com.ar\/web\/wp-json\/wp\/v2\/posts\/38033\/revisions\/38043"}],"wp:featuredmedia":[{"embeddable":true,"href":"http:\/\/elterritorialweb.com.ar\/web\/wp-json\/wp\/v2\/media\/38042"}],"wp:attachment":[{"href":"http:\/\/elterritorialweb.com.ar\/web\/wp-json\/wp\/v2\/media?parent=38033"}],"wp:term":[{"taxonomy":"category","embeddable":true,"href":"http:\/\/elterritorialweb.com.ar\/web\/wp-json\/wp\/v2\/categories?post=38033"},{"taxonomy":"post_tag","embeddable":true,"href":"http:\/\/elterritorialweb.com.ar\/web\/wp-json\/wp\/v2\/tags?post=38033"}],"curies":[{"name":"wp","href":"https:\/\/api.w.org\/{rel}","templated":true}]}}