{"id":38036,"date":"2022-04-04T01:07:48","date_gmt":"2022-04-04T01:07:48","guid":{"rendered":"http:\/\/elterritorialweb.com.ar\/web\/?p=38036"},"modified":"2022-04-04T01:07:48","modified_gmt":"2022-04-04T01:07:48","slug":"la-municipalidad-inicio-el-programa-de-actividad-fisica-en-los-caps-para-promover-habitos-saludables","status":"publish","type":"post","link":"http:\/\/elterritorialweb.com.ar\/web\/la-municipalidad-inicio-el-programa-de-actividad-fisica-en-los-caps-para-promover-habitos-saludables\/","title":{"rendered":"LA MUNICIPALIDAD INICIO EL PROGRAMA DE ACTIVIDAD F\u00cdSICA EN LOS CAPS PARA PROMOVER HABITOS SALUDABLES"},"content":{"rendered":"\n<p>Al respecto, el director de Salud del municipio, Dr. Antonio Palomo, remarc\u00f3 que \u201chay un determinante en la salud que es muy importante que son los h\u00e1bitos y estilos de vida de la comunidad, eso incide en la salud porque modifica no solo las conductas y en los factores de riesgo, por ejemplo, a nivel cardiovascular, principalmente mejora los niveles de colesterol, la glucemia, la capacidad pulmonar, disminuye la obesidad, reduce el sedentarismo y mejora en el adulto mayor la movilidad con el fortalecimiento \u00f3seo y de las articulaciones\u201d.<\/p>\n\n\n\n<p>Expres\u00f3 que la actividad f\u00edsica \u201ctambi\u00e9n puede mejorar el estado de \u00e1nimo de las personas, ante situaciones como la depresi\u00f3n o la ansiedad, y a la vez genera motivaci\u00f3n, principalmente despu\u00e9s del per\u00edodo de la pandemia en donde hubo que estar con limitaciones en las salidas, que en algunas personas provocaron estr\u00e9s\u201d.<\/p>\n\n\n\n<p>\u201cEn este determinante de salud viene trabajando el municipio como lo viene haciendo con otros determinantes como el medio ambiente, ellos dos son fundamentales para modificar o mejorar la salud y calidad de vida de las personas\u201d, indic\u00f3.<\/p>\n\n\n\n<p>Las clases est\u00e1n a cargo del cuerpo de profesores de educaci\u00f3n f\u00edsica de la Municipalidad, que comenzaron en los Caps Borges los d\u00edas martes y jueves, a las 17 hs, y mi\u00e9rcoles y viernes a las 8; y en Los Flores los lunes y mi\u00e9rcoles desde las 18 horas. En tanto, en el CIC del Campo Contreras las clases son los lunes y mi\u00e9rcoles a las 8.<\/p>\n","protected":false},"excerpt":{"rendered":"<p>La Municipalidad de la Capital, a trav\u00e9s de los Centros de Atenci\u00f3n Primaria de la Salud, puso en marcha el programa de actividad f\u00edsica, que incluye clases gratuitas aer\u00f3bicas, para promover h\u00e1bitos de vida saludables entre los vecinos.<\/p>\n","protected":false},"author":2,"featured_media":38037,"comment_status":"open","ping_status":"open","sticky":false,"template":"","format":"standard","meta":{"om_disable_all_campaigns":false,"_monsterinsights_skip_tracking":false,"_monsterinsights_sitenote_active":false,"_monsterinsights_sitenote_note":"","_monsterinsights_sitenote_category":0,"_uf_show_specific_survey":0,"_uf_disable_surveys":false,"jetpack_post_was_ever_published":false,"_jetpack_newsletter_access":"","_jetpack_dont_email_post_to_subs":false,"_jetpack_newsletter_tier_id":0,"_jetpack_memberships_contains_paywalled_content":false,"_jetpack_memberships_contains_paid_content":false,"footnotes":"","jetpack_publicize_message":"","jetpack_publicize_feature_enabled":true,"jetpack_social_post_already_shared":false,"jetpack_social_options":{"image_generator_settings":{"template":"highway","default_image_id":0,"font":"","enabled":false},"version":2}},"categories":[21],"tags":[],"class_list":["post-38036","post","type-post","status-publish","format-standard","has-post-thumbnail","hentry","category-locales"],"aioseo_notices":[],"views":8,"jetpack_publicize_connections":[],"jetpack_featured_media_url":"https:\/\/i0.wp.com\/elterritorialweb.com.ar\/web\/wp-content\/uploads\/2022\/04\/actividad-fisica-muni.jpg?fit=960%2C540","jetpack_sharing_enabled":true,"_links":{"self":[{"href":"http:\/\/elterritorialweb.com.ar\/web\/wp-json\/wp\/v2\/posts\/38036","targetHints":{"allow":["GET"]}}],"collection":[{"href":"http:\/\/elterritorialweb.com.ar\/web\/wp-json\/wp\/v2\/posts"}],"about":[{"href":"http:\/\/elterritorialweb.com.ar\/web\/wp-json\/wp\/v2\/types\/post"}],"author":[{"embeddable":true,"href":"http:\/\/elterritorialweb.com.ar\/web\/wp-json\/wp\/v2\/users\/2"}],"replies":[{"embeddable":true,"href":"http:\/\/elterritorialweb.com.ar\/web\/wp-json\/wp\/v2\/comments?post=38036"}],"version-history":[{"count":1,"href":"http:\/\/elterritorialweb.com.ar\/web\/wp-json\/wp\/v2\/posts\/38036\/revisions"}],"predecessor-version":[{"id":38038,"href":"http:\/\/elterritorialweb.com.ar\/web\/wp-json\/wp\/v2\/posts\/38036\/revisions\/38038"}],"wp:featuredmedia":[{"embeddable":true,"href":"http:\/\/elterritorialweb.com.ar\/web\/wp-json\/wp\/v2\/media\/38037"}],"wp:attachment":[{"href":"http:\/\/elterritorialweb.com.ar\/web\/wp-json\/wp\/v2\/media?parent=38036"}],"wp:term":[{"taxonomy":"category","embeddable":true,"href":"http:\/\/elterritorialweb.com.ar\/web\/wp-json\/wp\/v2\/categories?post=38036"},{"taxonomy":"post_tag","embeddable":true,"href":"http:\/\/elterritorialweb.com.ar\/web\/wp-json\/wp\/v2\/tags?post=38036"}],"curies":[{"name":"wp","href":"https:\/\/api.w.org\/{rel}","templated":true}]}}