{"id":38039,"date":"2022-04-04T01:10:51","date_gmt":"2022-04-04T01:10:51","guid":{"rendered":"http:\/\/elterritorialweb.com.ar\/web\/?p=38039"},"modified":"2022-04-04T01:10:52","modified_gmt":"2022-04-04T01:10:52","slug":"la-municipalidad-continua-con-el-esfuerzo-de-su-plan-de-fumigaciones-en-los-barrios","status":"publish","type":"post","link":"http:\/\/elterritorialweb.com.ar\/web\/la-municipalidad-continua-con-el-esfuerzo-de-su-plan-de-fumigaciones-en-los-barrios\/","title":{"rendered":"LA MUNICIPALIDAD CONTIN\u00daA CON EL ESFUERZO DE SU PLAN DE FUMIGACIONES EN LOS BARRIOS"},"content":{"rendered":"\n<p>Este lunes las tareas continuar\u00e1n por las ampliaciones del barrio Santa Lucia, Villa del Carmen (desde colector hac\u00eda el sur), Libertad, Industria, San Martin (entre Alsina a Lavalle), General Paz y Juan Felipe Ibarra. El martes seguir\u00e1 en los barrios Siglo XIX, Siglo XX, Siglo XXI, 750 viviendas, Saint Germ\u00e9s, Borges, Jorge Newbery, Col\u00f3n, Rivadavia y S\u00e1enz Pe\u00f1a.<\/p>\n\n\n\n<p>El mi\u00e9rcoles ser\u00e1 el turno del barrio Ej\u00e9rcito Argentino , Am\u00e9rica del Sur, Juan Diaz de Sol\u00eds, Campo Contreras, Santa Teresita, Bel\u00e9n, Bosco III, Bosco I y Bosco II. El jueves la actividad se trasladar\u00e1 a los barrios Almirante Brown, Islas Malvinas, Jerarquizado municipal, Jard\u00edn, Los Flores, Virgen de Guadalupe, Bruno Volta, Jhon Kennedy y Libertad.<\/p>\n\n\n\n<p>El viernes las fumigaciones se realizar\u00e1n en los barrios Cabildo, Ciudad del Ni\u00f1o, Belgrano, Palomar, Independencia, Telef\u00f3nicos, Industria, Autonom\u00eda, Santa Rosa de Lima, Villa del Carmen y San Jos\u00e9 de Flores.<\/p>\n","protected":false},"excerpt":{"rendered":"<p>Esta semana la Municipalidad de la Capital avanzar\u00e1 con su programa de refuerzo de fumigaciones preventivas contra mosquitos en distintos sectores de la ciudad, que incluyen todos los barrios de acuerdo al plan de acciones de los equipos de trabajos.<\/p>\n","protected":false},"author":2,"featured_media":38040,"comment_status":"open","ping_status":"open","sticky":false,"template":"","format":"standard","meta":{"om_disable_all_campaigns":false,"_monsterinsights_skip_tracking":false,"_monsterinsights_sitenote_active":false,"_monsterinsights_sitenote_note":"","_monsterinsights_sitenote_category":0,"_uf_show_specific_survey":0,"_uf_disable_surveys":false,"jetpack_post_was_ever_published":false,"_jetpack_newsletter_access":"","_jetpack_dont_email_post_to_subs":false,"_jetpack_newsletter_tier_id":0,"_jetpack_memberships_contains_paywalled_content":false,"_jetpack_memberships_contains_paid_content":false,"footnotes":"","jetpack_publicize_message":"","jetpack_publicize_feature_enabled":true,"jetpack_social_post_already_shared":false,"jetpack_social_options":{"image_generator_settings":{"template":"highway","default_image_id":0,"font":"","enabled":false},"version":2}},"categories":[21],"tags":[],"class_list":["post-38039","post","type-post","status-publish","format-standard","has-post-thumbnail","hentry","category-locales"],"aioseo_notices":[],"views":9,"jetpack_publicize_connections":[],"jetpack_featured_media_url":"https:\/\/i0.wp.com\/elterritorialweb.com.ar\/web\/wp-content\/uploads\/2022\/04\/fumiga-planificacion-semanal.jpeg?fit=1600%2C1200","jetpack_sharing_enabled":true,"_links":{"self":[{"href":"http:\/\/elterritorialweb.com.ar\/web\/wp-json\/wp\/v2\/posts\/38039","targetHints":{"allow":["GET"]}}],"collection":[{"href":"http:\/\/elterritorialweb.com.ar\/web\/wp-json\/wp\/v2\/posts"}],"about":[{"href":"http:\/\/elterritorialweb.com.ar\/web\/wp-json\/wp\/v2\/types\/post"}],"author":[{"embeddable":true,"href":"http:\/\/elterritorialweb.com.ar\/web\/wp-json\/wp\/v2\/users\/2"}],"replies":[{"embeddable":true,"href":"http:\/\/elterritorialweb.com.ar\/web\/wp-json\/wp\/v2\/comments?post=38039"}],"version-history":[{"count":1,"href":"http:\/\/elterritorialweb.com.ar\/web\/wp-json\/wp\/v2\/posts\/38039\/revisions"}],"predecessor-version":[{"id":38041,"href":"http:\/\/elterritorialweb.com.ar\/web\/wp-json\/wp\/v2\/posts\/38039\/revisions\/38041"}],"wp:featuredmedia":[{"embeddable":true,"href":"http:\/\/elterritorialweb.com.ar\/web\/wp-json\/wp\/v2\/media\/38040"}],"wp:attachment":[{"href":"http:\/\/elterritorialweb.com.ar\/web\/wp-json\/wp\/v2\/media?parent=38039"}],"wp:term":[{"taxonomy":"category","embeddable":true,"href":"http:\/\/elterritorialweb.com.ar\/web\/wp-json\/wp\/v2\/categories?post=38039"},{"taxonomy":"post_tag","embeddable":true,"href":"http:\/\/elterritorialweb.com.ar\/web\/wp-json\/wp\/v2\/tags?post=38039"}],"curies":[{"name":"wp","href":"https:\/\/api.w.org\/{rel}","templated":true}]}}