{"id":38044,"date":"2022-04-04T02:31:23","date_gmt":"2022-04-04T02:31:23","guid":{"rendered":"http:\/\/elterritorialweb.com.ar\/web\/?p=38044"},"modified":"2022-04-04T02:31:24","modified_gmt":"2022-04-04T02:31:24","slug":"el-moto-gp-dejo-un-impacto-economico-de-3200-millones-de-pesos-en-argentina","status":"publish","type":"post","link":"http:\/\/elterritorialweb.com.ar\/web\/el-moto-gp-dejo-un-impacto-economico-de-3200-millones-de-pesos-en-argentina\/","title":{"rendered":"EL MOTO GP DEJ\u00d3 UN IMPACTO ECON\u00d3MICO DE 3200 MILLONES DE PESOS EN ARGENTINA"},"content":{"rendered":"\n<p>El jefe de Gabinete de Ministros,\u00a0<strong>Juan Manzur<\/strong>; el secretario Ejecutivo del Instituto Nacional de Promoci\u00f3n Tur\u00edstica,\u00a0<strong>Ricardo Sosa<\/strong>; la secretaria de Promoci\u00f3n Tur\u00edstica Nacional,\u00a0<strong>Yanina Martinez<\/strong>; los gobernadores de Santiago del Estero,\u00a0<strong>Gerardo Zamora<\/strong>, y de Misiones,\u00a0<strong>Oscar Herrera Aguad<\/strong>; el CEO de Dorna Sport,<strong>\u00a0Carmelo Ezpeleta<\/strong>, y el CEO de OSD,\u00a0<strong>Orlando Terranova<\/strong>, participaron de la grilla de largada del Moto GP y luego en la ceremonia de premiaci\u00f3n\u00a0del\u00a0<strong>Gran Premio de la Rep\u00fablica Argentina de Moto GP en Termas de R\u00edo Hondo, Provincia de Santiago del Estero<\/strong>.<br>\u00a0<br>En ese marco, Sosa destac\u00f3 que\u00a0<em>\u201cdurante esta edici\u00f3n, 186,759 mil espectadores presenciaron la competencia durante los tres d\u00edas de actividad en el Aut\u00f3dromo\u201d<\/em>.<br>\u00a0<br>En ese sentido destac\u00f3 que\u00a0<em>\u00abesta competencia favorece el desarrollo no solo de Termas de R\u00edo Hondo, sino tambi\u00e9n, en Santiago del Estero y de la ciudad de San Miguel de Tucum\u00e1n, que tuvo la capacidad cubierta al 100 por ciento en todos los alojamientos\u00bb<\/em>.<br>\u00a0<br><em>\u201cEl incremento de la llegada de turistas extranjeros a Termas de R\u00edo Hondo para el Moto GP es fruto de la estrategia de promoci\u00f3n internacional del INPROTUR en las ferias de Turismo Fitur en Espa\u00f1a; Anato, en Colombia y en Brasilia, Curitiba y Porto Alegre, Brasil. Adem\u00e1s esta estrategia continuar\u00e1 durante el a\u00f1o en las ferias WTM Latin Am\u00e9rica en San Pablo, en Top Res\u00e1, Francia; en M\u00e9xico, y WTM en Londres, entre otras\u201d<\/em>, finaliz\u00f3.<br>\u00a0<br>Mientras que el gobernador Zamora subray\u00f3 que\u00a0<em>\u201cel Moto GP es uno de los eventos deportivos m\u00e1s importantes de la Argentina, no solo impulsa el turismo sino que favorece la econom\u00eda regional\u00bb<\/em>.\u00a0<em>\u201cEstamos muy conformes con la vuelta de la principal categor\u00eda de motociclismo del mundo a Termas de R\u00edo Hondo\u201d<\/em>.<br>\u00a0<br>El Gran Premio de la Rep\u00fablica Argentina de Moto GP tuvo un\u00a0<strong>impacto econ\u00f3mico de 3200 millones de pesos en el Norte argentino<\/strong>, entre hoteler\u00eda, gastronom\u00eda, ocio y gastos directos e indirectos.El paso de la caravana de turistas hacia Santiago del Estero procedentes de\u00a0<strong>Brasil, Chile, Per\u00fa, Colombia, Uruguay, Bolivia, Ecuador y Paraguay<\/strong>\u00a0lo hicieron durante una semana a trav\u00e9s de las provincias de\u00a0<strong>Santiago del Estero, Tucum\u00e1n, Chaco, Misiones, Corrientes, Salta, Jujuy, La Rioja, Mendoza, San Juan, Santa Fe y Buenos Aires<\/strong>, que componen el impacto econ\u00f3mico global mencionado anteriormente.<br>\u00a0<br>El Gran Premio de la Rep\u00fablica Argentina de Moto GP se corri\u00f3 por s\u00e9ptima vez en el trazado santiague\u00f1o, fue v\u00e1lida por la tercera fecha del calendario 2022 para las tres categor\u00edas MotoGP, Moto 2 y Moto3. La prueba fue presenciada por<strong>\u00a0186.759 mil espectadores<\/strong>, que durante los d\u00edas de actividad colmaron el circuito. El viernes fueron 56.008 mil espectadores, que disfrutaron el FanZone, el s\u00e1bado, 63.659 mil y el domingo, 67.092 mil.<br>\u00a0<br>El domingo se llevaron a cabo las competencias de las categor\u00edas Moto2, Moto3 y en MotoGP.\u00a0<strong>Aleix Espargar\u00f3 logr\u00f3 su primera victoria\u00a0<\/strong>en su historia deportiva dentro del MotoGP a bordo de una Aprilia; mientras que Jorge Martin, a bordo de una Ducati finaliz\u00f3 en segundo lugar y Alex Rins, con una Suzuki, complet\u00f3 el podio.<\/p>\n\n\n\n<p><strong>El FanZone vibr\u00f3 junto al Moto GP<\/strong><\/p>\n\n\n\n<p>El viernes y s\u00e1bado unos cincuenta y seis mil fan\u00e1ticos tuvieron la posibilidad de disfrutar la fiesta que se organiz\u00f3 en el FanZone, un \u00e1rea que funcion\u00f3 en el coraz\u00f3n mismo del Circuito. El p\u00fablico pudo vivir durante dos jornadas de enduro extremo, un patio gastron\u00f3mico, stand de promoci\u00f3n tur\u00edstica y de diversas marcas de la industria, performances con un show musical y la presencia del DJ Guy Gerber.\u00a0<\/p>\n","protected":false},"excerpt":{"rendered":"<p>El Gran Premio de Moto GP se corri\u00f3 por s\u00e9ptima vez en el trazado santiague\u00f1o, y fue v\u00e1lido por la tercera fecha del calendario 2022 para las tres categor\u00edas MotoGP, Moto 2 y Moto3.<\/p>\n","protected":false},"author":2,"featured_media":38045,"comment_status":"open","ping_status":"open","sticky":false,"template":"","format":"standard","meta":{"om_disable_all_campaigns":false,"_monsterinsights_skip_tracking":false,"_monsterinsights_sitenote_active":false,"_monsterinsights_sitenote_note":"","_monsterinsights_sitenote_category":0,"_uf_show_specific_survey":0,"_uf_disable_surveys":false,"jetpack_post_was_ever_published":false,"_jetpack_newsletter_access":"","_jetpack_dont_email_post_to_subs":false,"_jetpack_newsletter_tier_id":0,"_jetpack_memberships_contains_paywalled_content":false,"_jetpack_memberships_contains_paid_content":false,"footnotes":"","jetpack_publicize_message":"","jetpack_publicize_feature_enabled":true,"jetpack_social_post_already_shared":false,"jetpack_social_options":{"image_generator_settings":{"template":"highway","default_image_id":0,"font":"","enabled":false},"version":2}},"categories":[29],"tags":[],"class_list":["post-38044","post","type-post","status-publish","format-standard","has-post-thumbnail","hentry","category-turismo"],"aioseo_notices":[],"views":18,"jetpack_publicize_connections":[],"jetpack_featured_media_url":"https:\/\/i0.wp.com\/elterritorialweb.com.ar\/web\/wp-content\/uploads\/2022\/04\/Screenshot_20220403-2329532.png?fit=592%2C386","jetpack_sharing_enabled":true,"_links":{"self":[{"href":"http:\/\/elterritorialweb.com.ar\/web\/wp-json\/wp\/v2\/posts\/38044","targetHints":{"allow":["GET"]}}],"collection":[{"href":"http:\/\/elterritorialweb.com.ar\/web\/wp-json\/wp\/v2\/posts"}],"about":[{"href":"http:\/\/elterritorialweb.com.ar\/web\/wp-json\/wp\/v2\/types\/post"}],"author":[{"embeddable":true,"href":"http:\/\/elterritorialweb.com.ar\/web\/wp-json\/wp\/v2\/users\/2"}],"replies":[{"embeddable":true,"href":"http:\/\/elterritorialweb.com.ar\/web\/wp-json\/wp\/v2\/comments?post=38044"}],"version-history":[{"count":1,"href":"http:\/\/elterritorialweb.com.ar\/web\/wp-json\/wp\/v2\/posts\/38044\/revisions"}],"predecessor-version":[{"id":38046,"href":"http:\/\/elterritorialweb.com.ar\/web\/wp-json\/wp\/v2\/posts\/38044\/revisions\/38046"}],"wp:featuredmedia":[{"embeddable":true,"href":"http:\/\/elterritorialweb.com.ar\/web\/wp-json\/wp\/v2\/media\/38045"}],"wp:attachment":[{"href":"http:\/\/elterritorialweb.com.ar\/web\/wp-json\/wp\/v2\/media?parent=38044"}],"wp:term":[{"taxonomy":"category","embeddable":true,"href":"http:\/\/elterritorialweb.com.ar\/web\/wp-json\/wp\/v2\/categories?post=38044"},{"taxonomy":"post_tag","embeddable":true,"href":"http:\/\/elterritorialweb.com.ar\/web\/wp-json\/wp\/v2\/tags?post=38044"}],"curies":[{"name":"wp","href":"https:\/\/api.w.org\/{rel}","templated":true}]}}