{"id":38096,"date":"2022-04-05T12:56:16","date_gmt":"2022-04-05T12:56:16","guid":{"rendered":"http:\/\/elterritorialweb.com.ar\/web\/?p=38096"},"modified":"2022-04-05T12:56:16","modified_gmt":"2022-04-05T12:56:16","slug":"la-municipalidad-comenzo-con-cupo-completo-los-cursos-de-formacion-en-oficios","status":"publish","type":"post","link":"http:\/\/elterritorialweb.com.ar\/web\/la-municipalidad-comenzo-con-cupo-completo-los-cursos-de-formacion-en-oficios\/","title":{"rendered":"LA MUNICIPALIDAD COMENZ\u00d3 CON CUPO COMPLETO LOS CURSOS DE FORMACI\u00d3N EN OFICIOS"},"content":{"rendered":"\n<p>De esta manera, se dio inicio a una serie de talleres de formaci\u00f3n gratuitos orientados a rubros de salida laboral con el prop\u00f3sito de fortalecer una pol\u00edtica de promoci\u00f3n del trabajo y otorgar herramientas que permitan obtener fuentes de ingresos econ\u00f3micos.<br>El primero de los cursos se desarroll\u00f3 en el Sal\u00f3n de Usos M\u00faltiples del barrio Bel\u00e9n a cargo de t\u00e9cnicos quienes dieron m\u00e9todos te\u00f3ricos y pr\u00e1cticos del oficio.<br>La Municipalidad continuar\u00e1 con estas capacitaciones el pr\u00f3ximo mi\u00e9rcoles sobre \u00abComercializaci\u00f3n orientada a j\u00f3venes emprendedores\u00bb en el CIC Campo Contreras, a partir de las 17.30, en donde se recibir\u00e1n las inscripciones. En tanto, el jueves, a las 17:30 empezar\u00e1n las las clases de la capacitaci\u00f3n en \u00abElectricidad domiciliaria\u00bb en el comedor municipal del barrio Borges.<br>Las propuestas formativas tendr\u00e1n una duraci\u00f3n de doce clases presenciales, las que se dictar\u00e1n una vez por semana. Las inscripciones son por orden de llegada y se llevar\u00e1n a cabo media hora antes del inicio de las clases. Esta modalidad se adopta a los efectos de garantizar los cupos y que quienes se inscriban participen efectivamente de los encuentros.<br>Los interesados deber\u00e1n concurrir con DNI, cuaderno y lapicera para levantar apuntes. Por m\u00e1s informaci\u00f3n, comunicarse telef\u00f3nicamente al n\u00famero 6009237 de lunes a viernes de 8 a 13 horas.<\/p>\n","protected":false},"excerpt":{"rendered":"<p>Con amplia participaci\u00f3n y con el cupo completo disponible comenz\u00f3 durante la jornada del lunes el curso de capacitaci\u00f3n en el oficio de armado y dise\u00f1o de muebles en melanina, organizados por la Municipalidad de la Capital, a trav\u00e9s de la Direcci\u00f3n de la Juventud.<\/p>\n","protected":false},"author":2,"featured_media":38097,"comment_status":"open","ping_status":"open","sticky":false,"template":"","format":"standard","meta":{"om_disable_all_campaigns":false,"_monsterinsights_skip_tracking":false,"_monsterinsights_sitenote_active":false,"_monsterinsights_sitenote_note":"","_monsterinsights_sitenote_category":0,"_uf_show_specific_survey":0,"_uf_disable_surveys":false,"jetpack_post_was_ever_published":false,"_jetpack_newsletter_access":"","_jetpack_dont_email_post_to_subs":false,"_jetpack_newsletter_tier_id":0,"_jetpack_memberships_contains_paywalled_content":false,"_jetpack_memberships_contains_paid_content":false,"footnotes":"","jetpack_publicize_message":"","jetpack_publicize_feature_enabled":true,"jetpack_social_post_already_shared":false,"jetpack_social_options":{"image_generator_settings":{"template":"highway","default_image_id":0,"font":"","enabled":false},"version":2}},"categories":[19],"tags":[],"class_list":["post-38096","post","type-post","status-publish","format-standard","has-post-thumbnail","hentry","category-educacion"],"aioseo_notices":[],"views":14,"jetpack_publicize_connections":[],"jetpack_featured_media_url":"https:\/\/i0.wp.com\/elterritorialweb.com.ar\/web\/wp-content\/uploads\/2022\/04\/jovenes-capacitacion.jpeg?fit=1600%2C900","jetpack_sharing_enabled":true,"_links":{"self":[{"href":"http:\/\/elterritorialweb.com.ar\/web\/wp-json\/wp\/v2\/posts\/38096","targetHints":{"allow":["GET"]}}],"collection":[{"href":"http:\/\/elterritorialweb.com.ar\/web\/wp-json\/wp\/v2\/posts"}],"about":[{"href":"http:\/\/elterritorialweb.com.ar\/web\/wp-json\/wp\/v2\/types\/post"}],"author":[{"embeddable":true,"href":"http:\/\/elterritorialweb.com.ar\/web\/wp-json\/wp\/v2\/users\/2"}],"replies":[{"embeddable":true,"href":"http:\/\/elterritorialweb.com.ar\/web\/wp-json\/wp\/v2\/comments?post=38096"}],"version-history":[{"count":1,"href":"http:\/\/elterritorialweb.com.ar\/web\/wp-json\/wp\/v2\/posts\/38096\/revisions"}],"predecessor-version":[{"id":38098,"href":"http:\/\/elterritorialweb.com.ar\/web\/wp-json\/wp\/v2\/posts\/38096\/revisions\/38098"}],"wp:featuredmedia":[{"embeddable":true,"href":"http:\/\/elterritorialweb.com.ar\/web\/wp-json\/wp\/v2\/media\/38097"}],"wp:attachment":[{"href":"http:\/\/elterritorialweb.com.ar\/web\/wp-json\/wp\/v2\/media?parent=38096"}],"wp:term":[{"taxonomy":"category","embeddable":true,"href":"http:\/\/elterritorialweb.com.ar\/web\/wp-json\/wp\/v2\/categories?post=38096"},{"taxonomy":"post_tag","embeddable":true,"href":"http:\/\/elterritorialweb.com.ar\/web\/wp-json\/wp\/v2\/tags?post=38096"}],"curies":[{"name":"wp","href":"https:\/\/api.w.org\/{rel}","templated":true}]}}