{"id":38099,"date":"2022-04-05T16:53:06","date_gmt":"2022-04-05T16:53:06","guid":{"rendered":"http:\/\/elterritorialweb.com.ar\/web\/?p=38099"},"modified":"2022-04-05T16:54:01","modified_gmt":"2022-04-05T16:54:01","slug":"gastronomia-tipica-musica-en-vivo-y-homenajes-en-la-casa-del-folclorista","status":"publish","type":"post","link":"http:\/\/elterritorialweb.com.ar\/web\/gastronomia-tipica-musica-en-vivo-y-homenajes-en-la-casa-del-folclorista\/","title":{"rendered":"GASTRONOM\u00cdA TIPICA, MUSICA EN VIVO Y HOMENAJES EN LA CASA DEL FOLCLORISTA"},"content":{"rendered":"\n<p>La agenda cultural, de esta casa emblem\u00e1tica, tiene preparado para esta semana presentaciones de m\u00fasicos de excelencia:<br>El jueves 7\/04 a las 22.30 en el marco del Ciclo \u201cJueves diferentes\u201d, se presenta Sin Razones, con lo mejor del rock nacional Rock Nacional haciendo tributo a grupos que marcaron historia durante los 80s, 90s y 2000, y contar\u00e1 con la banda invitada Dynamo, quienes ofrecer\u00e1n tributo a Soda St\u00e9reo. Adem\u00e1s como siempre todo el folclore con El Chango Moreno.<\/p>\n\n\n\n<figure class=\"wp-block-image size-large\"><a href=\"https:\/\/i0.wp.com\/elterritorialweb.com.ar\/web\/wp-content\/uploads\/2022\/04\/IMG-20220405-WA0005.jpg\"><img data-recalc-dims=\"1\" decoding=\"async\" width=\"640\" height=\"640\" data-src=\"https:\/\/i0.wp.com\/elterritorialweb.com.ar\/web\/wp-content\/uploads\/2022\/04\/IMG-20220405-WA0005.jpg?resize=640%2C640\" alt=\"\" class=\"wp-image-38102 lazyload\" data-srcset=\"https:\/\/i0.wp.com\/elterritorialweb.com.ar\/web\/wp-content\/uploads\/2022\/04\/IMG-20220405-WA0005.jpg?resize=1024%2C1024 1024w, https:\/\/i0.wp.com\/elterritorialweb.com.ar\/web\/wp-content\/uploads\/2022\/04\/IMG-20220405-WA0005.jpg?resize=300%2C300 300w, https:\/\/i0.wp.com\/elterritorialweb.com.ar\/web\/wp-content\/uploads\/2022\/04\/IMG-20220405-WA0005.jpg?resize=150%2C150 150w, https:\/\/i0.wp.com\/elterritorialweb.com.ar\/web\/wp-content\/uploads\/2022\/04\/IMG-20220405-WA0005.jpg?resize=768%2C768 768w, https:\/\/i0.wp.com\/elterritorialweb.com.ar\/web\/wp-content\/uploads\/2022\/04\/IMG-20220405-WA0005.jpg?w=1280 1280w\" data-sizes=\"(max-width: 640px) 100vw, 640px\" src=\"data:image\/svg+xml;base64,PHN2ZyB3aWR0aD0iMSIgaGVpZ2h0PSIxIiB4bWxucz0iaHR0cDovL3d3dy53My5vcmcvMjAwMC9zdmciPjwvc3ZnPg==\" style=\"--smush-placeholder-width: 640px; --smush-placeholder-aspect-ratio: 640\/640;\" \/><\/a><\/figure>\n\n\n\n<p>El Viernes 8\/04 a las 23.00, el grupo Por tus venas, nueva propuesta folcl\u00f3rica liderada por Julio L\u00f3pez en la 1ra Voz y guitarra ,ex integrante del Grupo Ra\u00edces, acompa\u00f1ado de Mateo L\u00f3pez en la Bater\u00eda e Iv\u00e1n Alarc\u00f3n en viol\u00edn, con un renovado repertorio folcl\u00f3rico netamente de proyecci\u00f3n Santiague\u00f1a.<\/p>\n\n\n\n<figure class=\"wp-block-image size-large\"><a href=\"https:\/\/i0.wp.com\/elterritorialweb.com.ar\/web\/wp-content\/uploads\/2022\/04\/IMG-20220405-WA0010.jpg\"><img data-recalc-dims=\"1\" decoding=\"async\" width=\"640\" height=\"640\" data-src=\"https:\/\/i0.wp.com\/elterritorialweb.com.ar\/web\/wp-content\/uploads\/2022\/04\/IMG-20220405-WA0010.jpg?resize=640%2C640\" alt=\"\" class=\"wp-image-38103 lazyload\" data-srcset=\"https:\/\/i0.wp.com\/elterritorialweb.com.ar\/web\/wp-content\/uploads\/2022\/04\/IMG-20220405-WA0010.jpg?resize=1024%2C1024 1024w, https:\/\/i0.wp.com\/elterritorialweb.com.ar\/web\/wp-content\/uploads\/2022\/04\/IMG-20220405-WA0010.jpg?resize=300%2C300 300w, https:\/\/i0.wp.com\/elterritorialweb.com.ar\/web\/wp-content\/uploads\/2022\/04\/IMG-20220405-WA0010.jpg?resize=150%2C150 150w, https:\/\/i0.wp.com\/elterritorialweb.com.ar\/web\/wp-content\/uploads\/2022\/04\/IMG-20220405-WA0010.jpg?resize=768%2C768 768w, https:\/\/i0.wp.com\/elterritorialweb.com.ar\/web\/wp-content\/uploads\/2022\/04\/IMG-20220405-WA0010.jpg?w=1280 1280w\" data-sizes=\"(max-width: 640px) 100vw, 640px\" src=\"data:image\/svg+xml;base64,PHN2ZyB3aWR0aD0iMSIgaGVpZ2h0PSIxIiB4bWxucz0iaHR0cDovL3d3dy53My5vcmcvMjAwMC9zdmciPjwvc3ZnPg==\" style=\"--smush-placeholder-width: 640px; --smush-placeholder-aspect-ratio: 640\/640;\" \/><\/a><\/figure>\n\n\n\n<p>El S\u00e1bado 9\/04 a las 23.00, el gran artista santiague\u00f1o Juli\u00e1n Migueles, ofrecer\u00e1 un espect\u00e1culo de primer nivel en homenaje a un nuevo aniversario de la Batalla de Pozo de Vargas. Migueles se destaca como guitarrista, violinista, cantor, autor y compositor. Su trabajo est\u00e1 basado en la interpretaci\u00f3n de composiciones propias y en rescatar obras antiguas, principalmente del cancionero de Santiago del Estero. Interpretar\u00e1 su m\u00fasica junto a artistas invitados.<\/p>\n\n\n\n<figure class=\"wp-block-image size-large\"><a href=\"https:\/\/i0.wp.com\/elterritorialweb.com.ar\/web\/wp-content\/uploads\/2022\/04\/IMG-20220405-WA0009.jpg\"><img data-recalc-dims=\"1\" decoding=\"async\" width=\"576\" height=\"1024\" data-src=\"https:\/\/i0.wp.com\/elterritorialweb.com.ar\/web\/wp-content\/uploads\/2022\/04\/IMG-20220405-WA0009.jpg?resize=576%2C1024\" alt=\"\" class=\"wp-image-38104 lazyload\" data-srcset=\"https:\/\/i0.wp.com\/elterritorialweb.com.ar\/web\/wp-content\/uploads\/2022\/04\/IMG-20220405-WA0009.jpg?resize=576%2C1024 576w, https:\/\/i0.wp.com\/elterritorialweb.com.ar\/web\/wp-content\/uploads\/2022\/04\/IMG-20220405-WA0009.jpg?resize=169%2C300 169w, https:\/\/i0.wp.com\/elterritorialweb.com.ar\/web\/wp-content\/uploads\/2022\/04\/IMG-20220405-WA0009.jpg?w=720 720w\" data-sizes=\"(max-width: 576px) 100vw, 576px\" src=\"data:image\/svg+xml;base64,PHN2ZyB3aWR0aD0iMSIgaGVpZ2h0PSIxIiB4bWxucz0iaHR0cDovL3d3dy53My5vcmcvMjAwMC9zdmciPjwvc3ZnPg==\" style=\"--smush-placeholder-width: 576px; --smush-placeholder-aspect-ratio: 576\/1024;\" \/><\/a><\/figure>\n\n\n\n<p>Cabe destacar que participar\u00e1n como lo vienen haciendo habitualmente integrantes de la Escuela Folcl\u00f3rica Danza Santiago y que La Casa del Folclorista, ofrece adem\u00e1s, todos los domingos al mediod\u00eda espect\u00e1culo musical y de danza en vivo a sus comensales de manera gratuita.<br>Por reservas comunicarse a los tel\u00e9fonos 385 -6026507 o al 385 6247705. Av. Diego de Rojas s\/n. Parque Aguirre. Para m\u00e1s informaci\u00f3n visite las redes sociales (Facebook e Instagram) @lacasadelfolcloristaresto<\/p>\n","protected":false},"excerpt":{"rendered":"<p>La Casa del Folclorista, contin\u00faa con sus exitosas propuestas musicales y gastron\u00f3micas. Se puede visitar el lugar de martes a domingo, mediod\u00eda y noche y disfrutar de las mejores parrilladas y platos t\u00edpicos.<\/p>\n","protected":false},"author":2,"featured_media":38100,"comment_status":"open","ping_status":"open","sticky":false,"template":"","format":"standard","meta":{"om_disable_all_campaigns":false,"_monsterinsights_skip_tracking":false,"_monsterinsights_sitenote_active":false,"_monsterinsights_sitenote_note":"","_monsterinsights_sitenote_category":0,"_uf_show_specific_survey":0,"_uf_disable_surveys":false,"jetpack_post_was_ever_published":false,"_jetpack_newsletter_access":"","_jetpack_dont_email_post_to_subs":false,"_jetpack_newsletter_tier_id":0,"_jetpack_memberships_contains_paywalled_content":false,"_jetpack_memberships_contains_paid_content":false,"footnotes":"","jetpack_publicize_message":"","jetpack_publicize_feature_enabled":true,"jetpack_social_post_already_shared":false,"jetpack_social_options":{"image_generator_settings":{"template":"highway","default_image_id":0,"font":"","enabled":false},"version":2}},"categories":[20],"tags":[],"class_list":["post-38099","post","type-post","status-publish","format-standard","has-post-thumbnail","hentry","category-especysociales"],"aioseo_notices":[],"views":66,"jetpack_publicize_connections":[],"jetpack_featured_media_url":"https:\/\/i0.wp.com\/elterritorialweb.com.ar\/web\/wp-content\/uploads\/2022\/04\/1531869_660795003988470_3285300792622539904_n.jpg?fit=960%2C891","jetpack_sharing_enabled":true,"_links":{"self":[{"href":"http:\/\/elterritorialweb.com.ar\/web\/wp-json\/wp\/v2\/posts\/38099","targetHints":{"allow":["GET"]}}],"collection":[{"href":"http:\/\/elterritorialweb.com.ar\/web\/wp-json\/wp\/v2\/posts"}],"about":[{"href":"http:\/\/elterritorialweb.com.ar\/web\/wp-json\/wp\/v2\/types\/post"}],"author":[{"embeddable":true,"href":"http:\/\/elterritorialweb.com.ar\/web\/wp-json\/wp\/v2\/users\/2"}],"replies":[{"embeddable":true,"href":"http:\/\/elterritorialweb.com.ar\/web\/wp-json\/wp\/v2\/comments?post=38099"}],"version-history":[{"count":1,"href":"http:\/\/elterritorialweb.com.ar\/web\/wp-json\/wp\/v2\/posts\/38099\/revisions"}],"predecessor-version":[{"id":38105,"href":"http:\/\/elterritorialweb.com.ar\/web\/wp-json\/wp\/v2\/posts\/38099\/revisions\/38105"}],"wp:featuredmedia":[{"embeddable":true,"href":"http:\/\/elterritorialweb.com.ar\/web\/wp-json\/wp\/v2\/media\/38100"}],"wp:attachment":[{"href":"http:\/\/elterritorialweb.com.ar\/web\/wp-json\/wp\/v2\/media?parent=38099"}],"wp:term":[{"taxonomy":"category","embeddable":true,"href":"http:\/\/elterritorialweb.com.ar\/web\/wp-json\/wp\/v2\/categories?post=38099"},{"taxonomy":"post_tag","embeddable":true,"href":"http:\/\/elterritorialweb.com.ar\/web\/wp-json\/wp\/v2\/tags?post=38099"}],"curies":[{"name":"wp","href":"https:\/\/api.w.org\/{rel}","templated":true}]}}