{"id":38115,"date":"2022-04-05T22:44:42","date_gmt":"2022-04-05T22:44:42","guid":{"rendered":"http:\/\/elterritorialweb.com.ar\/web\/?p=38115"},"modified":"2022-04-05T22:45:56","modified_gmt":"2022-04-05T22:45:56","slug":"lanzamiento-de-la-xxxiii-campana-anual-de-abordaje-integral-de-las-adicciones","status":"publish","type":"post","link":"http:\/\/elterritorialweb.com.ar\/web\/lanzamiento-de-la-xxxiii-campana-anual-de-abordaje-integral-de-las-adicciones\/","title":{"rendered":"ZAMORA ENCABEZ\u00d3 EL LANZAMIENTO DE LA XXXIII CAMPA\u00d1A ANUAL DE ABORDAJE INTEGRAL DE LAS ADICCIONES"},"content":{"rendered":"\n<p>Con la presencia de alumnos y docentes de distintos puntos de la provincia, se realiz\u00f3 este martes el lanzamiento oficial de la XXXIII Campa\u00f1a Anual de Abordaje Integral de las Adicciones.<\/p>\n\n\n\n<figure class=\"wp-block-image size-full\"><a href=\"https:\/\/i0.wp.com\/elterritorialweb.com.ar\/web\/wp-content\/uploads\/2022\/04\/Screenshot_20220405-1909372.png\"><img data-recalc-dims=\"1\" decoding=\"async\" width=\"640\" height=\"433\" data-src=\"https:\/\/i0.wp.com\/elterritorialweb.com.ar\/web\/wp-content\/uploads\/2022\/04\/Screenshot_20220405-1909372.png?resize=640%2C433\" alt=\"\" class=\"wp-image-38117 lazyload\" data-srcset=\"https:\/\/i0.wp.com\/elterritorialweb.com.ar\/web\/wp-content\/uploads\/2022\/04\/Screenshot_20220405-1909372.png?w=720 720w, https:\/\/i0.wp.com\/elterritorialweb.com.ar\/web\/wp-content\/uploads\/2022\/04\/Screenshot_20220405-1909372.png?resize=300%2C203 300w\" data-sizes=\"(max-width: 640px) 100vw, 640px\" src=\"data:image\/svg+xml;base64,PHN2ZyB3aWR0aD0iMSIgaGVpZ2h0PSIxIiB4bWxucz0iaHR0cDovL3d3dy53My5vcmcvMjAwMC9zdmciPjwvc3ZnPg==\" style=\"--smush-placeholder-width: 640px; --smush-placeholder-aspect-ratio: 640\/433;\" \/><\/a><\/figure>\n\n\n\n<p>El acto se realiz\u00f3 en el F\u00f3rum, presidido por el gobernador Gerardo Zamora, quien estuvo acompa\u00f1ado por el vicegobernador Carlos Silva Neder; la ministra de Justicia, Matilde O&#8217;Mill; la intendente Norma Fuentes; el subsecretario de Educaci\u00f3n, Alejandro P\u00edccoli, y la titular de la Digaia, Claudia Tarchini.<\/p>\n\n\n\n<figure class=\"wp-block-image size-full\"><a href=\"https:\/\/i0.wp.com\/elterritorialweb.com.ar\/web\/wp-content\/uploads\/2022\/04\/Screenshot_20220405-1914192.png\"><img data-recalc-dims=\"1\" decoding=\"async\" width=\"640\" height=\"332\" data-src=\"https:\/\/i0.wp.com\/elterritorialweb.com.ar\/web\/wp-content\/uploads\/2022\/04\/Screenshot_20220405-1914192.png?resize=640%2C332\" alt=\"\" class=\"wp-image-38118 lazyload\" data-srcset=\"https:\/\/i0.wp.com\/elterritorialweb.com.ar\/web\/wp-content\/uploads\/2022\/04\/Screenshot_20220405-1914192.png?w=720 720w, https:\/\/i0.wp.com\/elterritorialweb.com.ar\/web\/wp-content\/uploads\/2022\/04\/Screenshot_20220405-1914192.png?resize=300%2C156 300w\" data-sizes=\"(max-width: 640px) 100vw, 640px\" src=\"data:image\/svg+xml;base64,PHN2ZyB3aWR0aD0iMSIgaGVpZ2h0PSIxIiB4bWxucz0iaHR0cDovL3d3dy53My5vcmcvMjAwMC9zdmciPjwvc3ZnPg==\" style=\"--smush-placeholder-width: 640px; --smush-placeholder-aspect-ratio: 640\/332;\" \/><\/a><\/figure>\n\n\n\n<p>Luego de la presentaci\u00f3n de la estrategia prevista para el 2022 y un repaso del trabajo que se llev\u00f3 adelante durante todos estos a\u00f1os, el gobernador expres\u00f3 su agradecimiento a todos las personas y sectores de la sociedad que est\u00e1n involucrados en la lucha contra las adicciones.<\/p>\n\n\n\n<figure class=\"wp-block-image size-full\"><a href=\"https:\/\/i0.wp.com\/elterritorialweb.com.ar\/web\/wp-content\/uploads\/2022\/04\/Screenshot_20220405-1915122.png\"><img data-recalc-dims=\"1\" decoding=\"async\" width=\"640\" height=\"387\" data-src=\"https:\/\/i0.wp.com\/elterritorialweb.com.ar\/web\/wp-content\/uploads\/2022\/04\/Screenshot_20220405-1915122.png?resize=640%2C387\" alt=\"\" class=\"wp-image-38119 lazyload\" data-srcset=\"https:\/\/i0.wp.com\/elterritorialweb.com.ar\/web\/wp-content\/uploads\/2022\/04\/Screenshot_20220405-1915122.png?w=720 720w, https:\/\/i0.wp.com\/elterritorialweb.com.ar\/web\/wp-content\/uploads\/2022\/04\/Screenshot_20220405-1915122.png?resize=300%2C181 300w\" data-sizes=\"(max-width: 640px) 100vw, 640px\" src=\"data:image\/svg+xml;base64,PHN2ZyB3aWR0aD0iMSIgaGVpZ2h0PSIxIiB4bWxucz0iaHR0cDovL3d3dy53My5vcmcvMjAwMC9zdmciPjwvc3ZnPg==\" style=\"--smush-placeholder-width: 640px; --smush-placeholder-aspect-ratio: 640\/387;\" \/><\/a><\/figure>\n\n\n\n<p>Tambi\u00e9n ratific\u00f3 su compromiso con esta tarea cotidiana, m\u00e1s a\u00fan despu\u00e9s de haber superado la etapa m\u00e1s dura de la pandemia de covid, que condicion\u00f3 en parte esta labor, pero que ahora vuelve con m\u00e1s fuerza y el acompa\u00f1amiento de sectores como la Iglesia, las organizaciones barriales, municipios, fuerzas de seguridad y otros organismos del Estado que suman fuerzas para hacer frente a los flagelos.<br>\u00abEs una inmensa alegr\u00eda hoy poder decir que estamos avanzando fundamentalmente en un trabajo mancomunado con toda la sociedad\u00bb, dijo Zamora.<\/p>\n","protected":false},"excerpt":{"rendered":"<p>El mandatario santiague\u00f1o agradeci\u00f3 el apoyo de todos los sectores de la sociedad involucrados en esta lucha.<\/p>\n","protected":false},"author":2,"featured_media":38116,"comment_status":"open","ping_status":"open","sticky":false,"template":"","format":"standard","meta":{"om_disable_all_campaigns":false,"_monsterinsights_skip_tracking":false,"_monsterinsights_sitenote_active":false,"_monsterinsights_sitenote_note":"","_monsterinsights_sitenote_category":0,"_uf_show_specific_survey":0,"_uf_disable_surveys":false,"jetpack_post_was_ever_published":false,"_jetpack_newsletter_access":"","_jetpack_dont_email_post_to_subs":false,"_jetpack_newsletter_tier_id":0,"_jetpack_memberships_contains_paywalled_content":false,"_jetpack_memberships_contains_paid_content":false,"footnotes":"","jetpack_publicize_message":"","jetpack_publicize_feature_enabled":true,"jetpack_social_post_already_shared":false,"jetpack_social_options":{"image_generator_settings":{"template":"highway","default_image_id":0,"font":"","enabled":false},"version":2}},"categories":[21],"tags":[],"class_list":["post-38115","post","type-post","status-publish","format-standard","has-post-thumbnail","hentry","category-locales"],"aioseo_notices":[],"views":12,"jetpack_publicize_connections":[],"jetpack_featured_media_url":"https:\/\/i0.wp.com\/elterritorialweb.com.ar\/web\/wp-content\/uploads\/2022\/04\/Screenshot_20220405-1908462.png?fit=720%2C448","jetpack_sharing_enabled":true,"_links":{"self":[{"href":"http:\/\/elterritorialweb.com.ar\/web\/wp-json\/wp\/v2\/posts\/38115","targetHints":{"allow":["GET"]}}],"collection":[{"href":"http:\/\/elterritorialweb.com.ar\/web\/wp-json\/wp\/v2\/posts"}],"about":[{"href":"http:\/\/elterritorialweb.com.ar\/web\/wp-json\/wp\/v2\/types\/post"}],"author":[{"embeddable":true,"href":"http:\/\/elterritorialweb.com.ar\/web\/wp-json\/wp\/v2\/users\/2"}],"replies":[{"embeddable":true,"href":"http:\/\/elterritorialweb.com.ar\/web\/wp-json\/wp\/v2\/comments?post=38115"}],"version-history":[{"count":2,"href":"http:\/\/elterritorialweb.com.ar\/web\/wp-json\/wp\/v2\/posts\/38115\/revisions"}],"predecessor-version":[{"id":38121,"href":"http:\/\/elterritorialweb.com.ar\/web\/wp-json\/wp\/v2\/posts\/38115\/revisions\/38121"}],"wp:featuredmedia":[{"embeddable":true,"href":"http:\/\/elterritorialweb.com.ar\/web\/wp-json\/wp\/v2\/media\/38116"}],"wp:attachment":[{"href":"http:\/\/elterritorialweb.com.ar\/web\/wp-json\/wp\/v2\/media?parent=38115"}],"wp:term":[{"taxonomy":"category","embeddable":true,"href":"http:\/\/elterritorialweb.com.ar\/web\/wp-json\/wp\/v2\/categories?post=38115"},{"taxonomy":"post_tag","embeddable":true,"href":"http:\/\/elterritorialweb.com.ar\/web\/wp-json\/wp\/v2\/tags?post=38115"}],"curies":[{"name":"wp","href":"https:\/\/api.w.org\/{rel}","templated":true}]}}