{"id":38122,"date":"2022-04-05T22:54:17","date_gmt":"2022-04-05T22:54:17","guid":{"rendered":"http:\/\/elterritorialweb.com.ar\/web\/?p=38122"},"modified":"2022-04-05T22:54:18","modified_gmt":"2022-04-05T22:54:18","slug":"el-intendente-nediani-se-reunio-con-el-director-del-indec-para-proyectar-el-trabajo-del-censo-2022","status":"publish","type":"post","link":"http:\/\/elterritorialweb.com.ar\/web\/el-intendente-nediani-se-reunio-con-el-director-del-indec-para-proyectar-el-trabajo-del-censo-2022\/","title":{"rendered":"EL INTENDENTE NEDIANI SE REUNI\u00d3 CON EL DIRECTOR DEL INDEC PARA PROYECTAR EL TRABAJO DEL CENSO 2022"},"content":{"rendered":"\n<p>En la oportunidad, participaron del encuentro el vicepresidente de Trenes Argentinos y ex intendente de la ciudad, Pablo Mirolo y la diputada provincial, Mariana Morales, el cual tuvo como objetivo la organizaci\u00f3n y proyecciones de trabajo para el pronto y pr\u00f3ximo CENSO Nacional de Poblaci\u00f3n, Hogares y Viviendas 2022.<br>En relaci\u00f3n a esto, el intendente Nediani hizo referencia a la importancia de colaborar e ingresar a la plataforma digital de censo.gob.ar, para agilizar y facilitar la jornada que se llevar\u00e1 a cabo en todo el territorio Argentino.<br>Por otra parte, expres\u00f3 \u00abestoy contento y con amplias expectativas de que los bande\u00f1os se sumen a esta modalidad, cumplan y participen del CENSO 2022\u00bb.<br>Cabe destacar, que la reuni\u00f3n se efectu\u00f3 con un claro ejemplo de sumarse al trabajo coordinado que se lleva adelante en el pa\u00eds y al que La Banda se adhiere.<\/p>\n","protected":false},"excerpt":{"rendered":"<p>El intendente de la ciudad de La Banda, Roger Nediani mantuvo una reuni\u00f3n con el director del INDEC (Instituto Nacional de Estad\u00edsticas y Censo), Marco Lavagna, donde dialogaron sobre la novedosa metodolog\u00eda que se est\u00e1 implementando por primera vez en los operativos censales del pa\u00eds.<\/p>\n","protected":false},"author":2,"featured_media":38123,"comment_status":"open","ping_status":"open","sticky":false,"template":"","format":"standard","meta":{"om_disable_all_campaigns":false,"_monsterinsights_skip_tracking":false,"_monsterinsights_sitenote_active":false,"_monsterinsights_sitenote_note":"","_monsterinsights_sitenote_category":0,"_uf_show_specific_survey":0,"_uf_disable_surveys":false,"jetpack_post_was_ever_published":false,"_jetpack_newsletter_access":"","_jetpack_dont_email_post_to_subs":false,"_jetpack_newsletter_tier_id":0,"_jetpack_memberships_contains_paywalled_content":false,"_jetpack_memberships_contains_paid_content":false,"footnotes":"","jetpack_publicize_message":"","jetpack_publicize_feature_enabled":true,"jetpack_social_post_already_shared":false,"jetpack_social_options":{"image_generator_settings":{"template":"highway","default_image_id":0,"font":"","enabled":false},"version":2}},"categories":[21],"tags":[],"class_list":["post-38122","post","type-post","status-publish","format-standard","has-post-thumbnail","hentry","category-locales"],"aioseo_notices":[],"views":9,"jetpack_publicize_connections":[],"jetpack_featured_media_url":"https:\/\/i0.wp.com\/elterritorialweb.com.ar\/web\/wp-content\/uploads\/2022\/04\/IMG-20220405-WA0014.jpg?fit=1087%2C718","jetpack_sharing_enabled":true,"_links":{"self":[{"href":"http:\/\/elterritorialweb.com.ar\/web\/wp-json\/wp\/v2\/posts\/38122","targetHints":{"allow":["GET"]}}],"collection":[{"href":"http:\/\/elterritorialweb.com.ar\/web\/wp-json\/wp\/v2\/posts"}],"about":[{"href":"http:\/\/elterritorialweb.com.ar\/web\/wp-json\/wp\/v2\/types\/post"}],"author":[{"embeddable":true,"href":"http:\/\/elterritorialweb.com.ar\/web\/wp-json\/wp\/v2\/users\/2"}],"replies":[{"embeddable":true,"href":"http:\/\/elterritorialweb.com.ar\/web\/wp-json\/wp\/v2\/comments?post=38122"}],"version-history":[{"count":1,"href":"http:\/\/elterritorialweb.com.ar\/web\/wp-json\/wp\/v2\/posts\/38122\/revisions"}],"predecessor-version":[{"id":38124,"href":"http:\/\/elterritorialweb.com.ar\/web\/wp-json\/wp\/v2\/posts\/38122\/revisions\/38124"}],"wp:featuredmedia":[{"embeddable":true,"href":"http:\/\/elterritorialweb.com.ar\/web\/wp-json\/wp\/v2\/media\/38123"}],"wp:attachment":[{"href":"http:\/\/elterritorialweb.com.ar\/web\/wp-json\/wp\/v2\/media?parent=38122"}],"wp:term":[{"taxonomy":"category","embeddable":true,"href":"http:\/\/elterritorialweb.com.ar\/web\/wp-json\/wp\/v2\/categories?post=38122"},{"taxonomy":"post_tag","embeddable":true,"href":"http:\/\/elterritorialweb.com.ar\/web\/wp-json\/wp\/v2\/tags?post=38122"}],"curies":[{"name":"wp","href":"https:\/\/api.w.org\/{rel}","templated":true}]}}