{"id":38125,"date":"2022-04-05T23:28:16","date_gmt":"2022-04-05T23:28:16","guid":{"rendered":"http:\/\/elterritorialweb.com.ar\/web\/?p=38125"},"modified":"2022-04-05T23:28:16","modified_gmt":"2022-04-05T23:28:16","slug":"el-municipio-bandeno-lanzo-un-nuevo-curso-de-capacitacion-sobre-mecanica-del-automotor","status":"publish","type":"post","link":"http:\/\/elterritorialweb.com.ar\/web\/el-municipio-bandeno-lanzo-un-nuevo-curso-de-capacitacion-sobre-mecanica-del-automotor\/","title":{"rendered":"EL MUNICIPIO BANDE\u00d1O LANZ\u00d3 UN NUEVO CURSO DE CAPACITACI\u00d3N SOBRE MEC\u00c1NICA DEL AUTOMOTOR"},"content":{"rendered":"\n<p>El intendente Roger Nediani y el secretario del \u00e1rea Ramiro Barrera, realizaron el lanzamiento del curso, con el objetivo de \u201cbrind\u00e1ndoles mano de obra calificada\u201d por lo que hicieron hincapi\u00e9 en la inclusi\u00f3n e igualdad de g\u00e9nero y espec\u00edficamente en nuestra comunidad.<br>Dicha capacitaci\u00f3n ser\u00e1 gratuita con cupos limitados y cuenta con el apoyo del Ministerio de Trabajo de La Naci\u00f3n, la cual tendr\u00e1 una duraci\u00f3n 120 horas c\u00e1tedras.<br>Las clases se llevaran a cabo los lunes, mi\u00e9rcoles y viernes desde las 18, en las instalaciones del Patinodromo Municipal, sito en Av. San Mart\u00edn y Ram\u00f3n Ch\u00e1vez.<br>Cabe recordar, que las clases comenzar\u00e1n el mi\u00e9rcoles 6 y estar\u00e1n a cargo del profesor Ignacio Castro.<br>En la oportunidad, Barrera agradeci\u00f3 a Javier Quiroga (Smata) y a Jes\u00fas Azar (NOA Autopartes), por su amabilidad de haber elegido nuestro municipio para realizar este trabajo. \u201cEl beneficio siempre est\u00e1 puesto en la comunidad como as\u00ed tambi\u00e9n agradecemos el compromiso social de la empresa ya que la misma podr\u00eda estar destinada a sus propias ganancias y sin embargo puso su visi\u00f3n en la cuesti\u00f3n comunitaria. Asimismo, agradecemos el aporte del sindicato por los elementos y herramientas brindadas; con la esperanza de que estos cursos se extiendan con el tiempo\u201d.<br>Por su parte, Javier Quiroga se manifest\u00f3 contento por la continuidad de los cursos de capacitaci\u00f3n entre el municipio, Noa Autopartes y el Sindicato y \u201corgullosos por estar abierto a la comunidad, brind\u00e1ndoles mano de obra calificada a la comunidad\u201d.<br>En tanto que, Jes\u00fas Azar dijo: \u201cSiempre estamos dispuestos a colaborar, brindando desde la empresa las herramientas necesarias para una pronta salida laboral\u201d.<\/p>\n","protected":false},"excerpt":{"rendered":"<p>La Municipalidad de La Banda a trav\u00e9s de la Secretaria de Desarrollo Humano realiz\u00f3 el lanzamiento de un curso sobre mec\u00e1nica del automotor, junto con autoridades del Sindicato de Mec\u00e1nicos y Afines del Transporte Automotor (SMATA) y de NOA Autopartes Recicladas.<\/p>\n","protected":false},"author":2,"featured_media":38126,"comment_status":"open","ping_status":"open","sticky":false,"template":"","format":"standard","meta":{"om_disable_all_campaigns":false,"_monsterinsights_skip_tracking":false,"_monsterinsights_sitenote_active":false,"_monsterinsights_sitenote_note":"","_monsterinsights_sitenote_category":0,"_uf_show_specific_survey":0,"_uf_disable_surveys":false,"jetpack_post_was_ever_published":false,"_jetpack_newsletter_access":"","_jetpack_dont_email_post_to_subs":false,"_jetpack_newsletter_tier_id":0,"_jetpack_memberships_contains_paywalled_content":false,"_jetpack_memberships_contains_paid_content":false,"footnotes":"","jetpack_publicize_message":"","jetpack_publicize_feature_enabled":true,"jetpack_social_post_already_shared":false,"jetpack_social_options":{"image_generator_settings":{"template":"highway","default_image_id":0,"font":"","enabled":false},"version":2}},"categories":[19],"tags":[],"class_list":["post-38125","post","type-post","status-publish","format-standard","has-post-thumbnail","hentry","category-educacion"],"aioseo_notices":[],"views":5,"jetpack_publicize_connections":[],"jetpack_featured_media_url":"https:\/\/i0.wp.com\/elterritorialweb.com.ar\/web\/wp-content\/uploads\/2022\/04\/curso-online-para-mecanico-automotriz.jpg?fit=1200%2C675","jetpack_sharing_enabled":true,"_links":{"self":[{"href":"http:\/\/elterritorialweb.com.ar\/web\/wp-json\/wp\/v2\/posts\/38125","targetHints":{"allow":["GET"]}}],"collection":[{"href":"http:\/\/elterritorialweb.com.ar\/web\/wp-json\/wp\/v2\/posts"}],"about":[{"href":"http:\/\/elterritorialweb.com.ar\/web\/wp-json\/wp\/v2\/types\/post"}],"author":[{"embeddable":true,"href":"http:\/\/elterritorialweb.com.ar\/web\/wp-json\/wp\/v2\/users\/2"}],"replies":[{"embeddable":true,"href":"http:\/\/elterritorialweb.com.ar\/web\/wp-json\/wp\/v2\/comments?post=38125"}],"version-history":[{"count":1,"href":"http:\/\/elterritorialweb.com.ar\/web\/wp-json\/wp\/v2\/posts\/38125\/revisions"}],"predecessor-version":[{"id":38127,"href":"http:\/\/elterritorialweb.com.ar\/web\/wp-json\/wp\/v2\/posts\/38125\/revisions\/38127"}],"wp:featuredmedia":[{"embeddable":true,"href":"http:\/\/elterritorialweb.com.ar\/web\/wp-json\/wp\/v2\/media\/38126"}],"wp:attachment":[{"href":"http:\/\/elterritorialweb.com.ar\/web\/wp-json\/wp\/v2\/media?parent=38125"}],"wp:term":[{"taxonomy":"category","embeddable":true,"href":"http:\/\/elterritorialweb.com.ar\/web\/wp-json\/wp\/v2\/categories?post=38125"},{"taxonomy":"post_tag","embeddable":true,"href":"http:\/\/elterritorialweb.com.ar\/web\/wp-json\/wp\/v2\/tags?post=38125"}],"curies":[{"name":"wp","href":"https:\/\/api.w.org\/{rel}","templated":true}]}}