{"id":38128,"date":"2022-04-05T23:51:10","date_gmt":"2022-04-05T23:51:10","guid":{"rendered":"http:\/\/elterritorialweb.com.ar\/web\/?p=38128"},"modified":"2022-04-06T00:01:02","modified_gmt":"2022-04-06T00:01:02","slug":"fernandez-y-boric-visitaron-el-museo-sitio-de-memoria-esma","status":"publish","type":"post","link":"http:\/\/elterritorialweb.com.ar\/web\/fernandez-y-boric-visitaron-el-museo-sitio-de-memoria-esma\/","title":{"rendered":"FERN\u00c1NDEZ Y BORIC VISITARON EL MUSEO SITIO DE MEMORIA ESMA"},"content":{"rendered":"\n<p>Participaron de la actividad el canciller, Santiago Cafiero; el ministro de Justicia y Derechos Humanos, Mart\u00edn Soria; el secretario de Derechos Humanos de la Naci\u00f3n, Horacio Pietragalla Corti; el secretario general de la Presidencia, Julio Vitobello; y la directora ejecutiva del Museo, Mar\u00eda Marcela Gorosito.<\/p>\n\n\n\n<p>Por parte de la delegaci\u00f3n chilena asistieron las ministras de Relaciones Exteriores, Antonia Urrejola; de Defensa Nacional, Maya Fern\u00e1ndez Allende; de la Mujer y Equidad de G\u00e9nero, Antonia Orellana; y de las Culturas, las Artes y el Patrimonio, Julieta Brodsky; y la embajadora ante Argentina, B\u00e1rbara Figueroa, entre otros funcionarios y funcionarias, embajadores y representantes del Poder Legislativo.<\/p>\n\n\n\n<figure class=\"wp-block-image size-large\"><a href=\"https:\/\/i0.wp.com\/elterritorialweb.com.ar\/web\/wp-content\/uploads\/2022\/04\/AFB2.jpg\"><img data-recalc-dims=\"1\" decoding=\"async\" width=\"640\" height=\"426\" data-src=\"https:\/\/i0.wp.com\/elterritorialweb.com.ar\/web\/wp-content\/uploads\/2022\/04\/AFB2.jpg?resize=640%2C426\" alt=\"\" class=\"wp-image-38130 lazyload\" data-srcset=\"https:\/\/i0.wp.com\/elterritorialweb.com.ar\/web\/wp-content\/uploads\/2022\/04\/AFB2.jpg?resize=1024%2C682 1024w, https:\/\/i0.wp.com\/elterritorialweb.com.ar\/web\/wp-content\/uploads\/2022\/04\/AFB2.jpg?resize=300%2C200 300w, https:\/\/i0.wp.com\/elterritorialweb.com.ar\/web\/wp-content\/uploads\/2022\/04\/AFB2.jpg?resize=768%2C512 768w, https:\/\/i0.wp.com\/elterritorialweb.com.ar\/web\/wp-content\/uploads\/2022\/04\/AFB2.jpg?resize=1536%2C1024 1536w, https:\/\/i0.wp.com\/elterritorialweb.com.ar\/web\/wp-content\/uploads\/2022\/04\/AFB2.jpg?w=1940 1940w, https:\/\/i0.wp.com\/elterritorialweb.com.ar\/web\/wp-content\/uploads\/2022\/04\/AFB2.jpg?w=1280 1280w\" data-sizes=\"(max-width: 640px) 100vw, 640px\" src=\"data:image\/svg+xml;base64,PHN2ZyB3aWR0aD0iMSIgaGVpZ2h0PSIxIiB4bWxucz0iaHR0cDovL3d3dy53My5vcmcvMjAwMC9zdmciPjwvc3ZnPg==\" style=\"--smush-placeholder-width: 640px; --smush-placeholder-aspect-ratio: 640\/426;\" \/><\/a><\/figure>\n\n\n\n<p>Al finalizar el recorrido, las comitivas mantuvieron un encuentro con la chilena Buscarita Roa, integrante de Abuelas de Plaza de Mayo, su nieta recuperada Claudia Poblete Hlaczik y su t\u00edo, Fernando Poblete; \u201cTaty\u201d Almeida y Nora Corti\u00f1as, por Madres de Plaza de Mayo \u2013 L\u00ednea Fundadora; y \u00c1ngela \u201cLita\u201d Boitano por Familiares de Desaparecidos y Detenidos por Razones Pol\u00edticas.<\/p>\n\n\n\n<p>Tambi\u00e9n estuvieron los sobrevivientes de la ESMA Ana Sofianttini y Alfredo Ayala, los nietos restituidos Guillermo Amarilla Molfino, Leonardo Fossati Ortega y Manuel Gon\u00e7alves Granada; Camilo Ju\u00e1rez, de HIJOS; y Miguel \u201cTano\u201d Santucho, quien mantiene la b\u00fasqueda de un hermano o hermana desaparecida; el presidente de la Asamblea Permanente por los Derechos Humanos (APDH), Eduardo Tavani; y la directora ejecutiva del Centro de Estudios Legales y Sociales (CELS), Paula Litvachky.<\/p>\n\n\n\n<figure class=\"wp-block-image size-large\"><a href=\"https:\/\/i0.wp.com\/elterritorialweb.com.ar\/web\/wp-content\/uploads\/2022\/04\/AFB3.jpg\"><img data-recalc-dims=\"1\" decoding=\"async\" width=\"640\" height=\"426\" data-src=\"https:\/\/i0.wp.com\/elterritorialweb.com.ar\/web\/wp-content\/uploads\/2022\/04\/AFB3.jpg?resize=640%2C426\" alt=\"\" class=\"wp-image-38131 lazyload\" data-srcset=\"https:\/\/i0.wp.com\/elterritorialweb.com.ar\/web\/wp-content\/uploads\/2022\/04\/AFB3.jpg?resize=1024%2C682 1024w, https:\/\/i0.wp.com\/elterritorialweb.com.ar\/web\/wp-content\/uploads\/2022\/04\/AFB3.jpg?resize=300%2C200 300w, https:\/\/i0.wp.com\/elterritorialweb.com.ar\/web\/wp-content\/uploads\/2022\/04\/AFB3.jpg?resize=768%2C512 768w, https:\/\/i0.wp.com\/elterritorialweb.com.ar\/web\/wp-content\/uploads\/2022\/04\/AFB3.jpg?resize=1536%2C1024 1536w, https:\/\/i0.wp.com\/elterritorialweb.com.ar\/web\/wp-content\/uploads\/2022\/04\/AFB3.jpg?w=1940 1940w, https:\/\/i0.wp.com\/elterritorialweb.com.ar\/web\/wp-content\/uploads\/2022\/04\/AFB3.jpg?w=1280 1280w\" data-sizes=\"(max-width: 640px) 100vw, 640px\" src=\"data:image\/svg+xml;base64,PHN2ZyB3aWR0aD0iMSIgaGVpZ2h0PSIxIiB4bWxucz0iaHR0cDovL3d3dy53My5vcmcvMjAwMC9zdmciPjwvc3ZnPg==\" style=\"--smush-placeholder-width: 640px; --smush-placeholder-aspect-ratio: 640\/426;\" \/><\/a><\/figure>\n\n\n\n<p>En el transcurso de la actividad, representantes de Abuelas de Plaza de Mayo y Madres L\u00ednea Fundadora le obsequiaron a Boric el caracter\u00edstico pa\u00f1uelo blanco.<\/p>\n\n\n\n<p>La visita de Estado a la Argentina, primer destino internacional de su presidencia, se inici\u00f3 ayer en la Casa Rosada con una reuni\u00f3n junto a Alberto Fern\u00e1ndez y la firma de convenios de cooperaci\u00f3n en diversas \u00e1reas.<\/p>\n\n\n\n\n\n<p>Hoy a primera hora, el presidente chileno inaugur\u00f3, junto al canciller Santiago Cafiero en el Palacio San Mart\u00edn, el foro empresarial del comit\u00e9 de comercio Argentina-Chile, del que participaron cerca de 40 empresarios de ambos pa\u00edses.<\/p>\n\n\n\n<p>El Museo Sitio de Memoria ESMA, evidencia del accionar del terrorismo de Estado y prueba judicial en las causas por cr\u00edmenes de lesa humanidad, fue inaugurado en mayo de 2015 en el ex Casino de Oficiales, con una intervenci\u00f3n museogr\u00e1fica permanente, luego de que en 2004 comenzara un proceso de recuperaci\u00f3n para transformar el predio en un Espacio para la Memoria y para la Promoci\u00f3n y la Defensa de los Derechos Humanos.<\/p>\n","protected":false},"excerpt":{"rendered":"<p>El presidente Alberto Fern\u00e1ndez realiz\u00f3 una visita esta ma\u00f1ana junto a su par de la Rep\u00fablica de Chile, Gabriel Boric, al Museo Sitio de Memoria ESMA, donde se reunieron con representantes de organismos de derechos humanos y con sobrevivientes de este ex centro clandestino de detenci\u00f3n.<\/p>\n","protected":false},"author":2,"featured_media":38129,"comment_status":"open","ping_status":"open","sticky":false,"template":"","format":"standard","meta":{"om_disable_all_campaigns":false,"_monsterinsights_skip_tracking":false,"_monsterinsights_sitenote_active":false,"_monsterinsights_sitenote_note":"","_monsterinsights_sitenote_category":0,"_uf_show_specific_survey":0,"_uf_disable_surveys":false,"jetpack_post_was_ever_published":false,"_jetpack_newsletter_access":"","_jetpack_dont_email_post_to_subs":false,"_jetpack_newsletter_tier_id":0,"_jetpack_memberships_contains_paywalled_content":false,"_jetpack_memberships_contains_paid_content":false,"footnotes":"","jetpack_publicize_message":"","jetpack_publicize_feature_enabled":true,"jetpack_social_post_already_shared":false,"jetpack_social_options":{"image_generator_settings":{"template":"highway","default_image_id":0,"font":"","enabled":false},"version":2}},"categories":[18],"tags":[],"class_list":["post-38128","post","type-post","status-publish","format-standard","has-post-thumbnail","hentry","category-politica"],"aioseo_notices":[],"views":4,"jetpack_publicize_connections":[],"jetpack_featured_media_url":"https:\/\/i0.wp.com\/elterritorialweb.com.ar\/web\/wp-content\/uploads\/2022\/04\/AFB1.jpg?fit=1940%2C1293","jetpack_sharing_enabled":true,"_links":{"self":[{"href":"http:\/\/elterritorialweb.com.ar\/web\/wp-json\/wp\/v2\/posts\/38128","targetHints":{"allow":["GET"]}}],"collection":[{"href":"http:\/\/elterritorialweb.com.ar\/web\/wp-json\/wp\/v2\/posts"}],"about":[{"href":"http:\/\/elterritorialweb.com.ar\/web\/wp-json\/wp\/v2\/types\/post"}],"author":[{"embeddable":true,"href":"http:\/\/elterritorialweb.com.ar\/web\/wp-json\/wp\/v2\/users\/2"}],"replies":[{"embeddable":true,"href":"http:\/\/elterritorialweb.com.ar\/web\/wp-json\/wp\/v2\/comments?post=38128"}],"version-history":[{"count":1,"href":"http:\/\/elterritorialweb.com.ar\/web\/wp-json\/wp\/v2\/posts\/38128\/revisions"}],"predecessor-version":[{"id":38133,"href":"http:\/\/elterritorialweb.com.ar\/web\/wp-json\/wp\/v2\/posts\/38128\/revisions\/38133"}],"wp:featuredmedia":[{"embeddable":true,"href":"http:\/\/elterritorialweb.com.ar\/web\/wp-json\/wp\/v2\/media\/38129"}],"wp:attachment":[{"href":"http:\/\/elterritorialweb.com.ar\/web\/wp-json\/wp\/v2\/media?parent=38128"}],"wp:term":[{"taxonomy":"category","embeddable":true,"href":"http:\/\/elterritorialweb.com.ar\/web\/wp-json\/wp\/v2\/categories?post=38128"},{"taxonomy":"post_tag","embeddable":true,"href":"http:\/\/elterritorialweb.com.ar\/web\/wp-json\/wp\/v2\/tags?post=38128"}],"curies":[{"name":"wp","href":"https:\/\/api.w.org\/{rel}","templated":true}]}}