{"id":38135,"date":"2022-04-06T00:59:11","date_gmt":"2022-04-06T00:59:11","guid":{"rendered":"http:\/\/elterritorialweb.com.ar\/web\/?p=38135"},"modified":"2022-04-06T01:02:48","modified_gmt":"2022-04-06T01:02:48","slug":"crece-el-rechazo-a-rodriguez-larreta-por-su-propuesta-de-sacar-los-planes-a-los-que-corten-las-calles","status":"publish","type":"post","link":"http:\/\/elterritorialweb.com.ar\/web\/crece-el-rechazo-a-rodriguez-larreta-por-su-propuesta-de-sacar-los-planes-a-los-que-corten-las-calles\/","title":{"rendered":"CRECE EL RECHAZ\u00d3 A RODR\u00cdGUEZ LARRETA POR SU PROPUESTA DE \u00abSACAR LOS PLANES A LOS QUE CORTEN LAS CALLES\u00bb"},"content":{"rendered":"\n<p>La propuesta del jefe de Gobierno porte\u00f1o, Horacio Rodr\u00edguez Larreta, de quitar los planes sociales a \u00abquienes corten las calles y no cumplan con la ley\u00bb recibi\u00f3 el rechazo del ministro de Desarrollo Social nacional, Juan Zabaleta, de legisladores y de referentes de organizaciones sociales, quienes reivindicaron la asistencia a los \u00abm\u00e1s vulnerables\u00bb como un camino hacia el empleo genuino.<\/p>\n\n\n\n<p><strong>\u00abEstamos reorientando la inversi\u00f3n social hacia la producci\u00f3n y el trabajo, vinculando planes con empleo registrado. Toda nuestra pol\u00edtica p\u00fablica est\u00e1 en ese sentido\u00bb, afirm\u00f3 Zabaleta<\/strong>, quien refut\u00f3 lo expresado por Rodr\u00edguez Larreta: \u00abNo es el camino amenazar con sacar una asistencia a quien lo necesita\u00bb.<\/p>\n\n\n\n<p>En declaraciones a T\u00e9lam, el ministro&nbsp;<strong>adelant\u00f3 tambi\u00e9n que el jueves pr\u00f3ximo, a las 15, se reunir\u00e1 con las organizaciones de Unidad Piquetera para \u00abavanzar\u00bb en la vinculaci\u00f3n de \u00abplanes sociales con empleo registrado\u00bb<\/strong>.<\/p>\n\n\n\n<p><strong>Rodr\u00edguez Larreta se quej\u00f3 particularmente de la participaci\u00f3n de menores de edad en el acampe realizado la semana pasada durante 48 horas sobre la avenida 9 de Julio\u00a0<\/strong>por parte de organizaciones piqueteras de izquierda.<\/p>\n\n\n\n<figure class=\"wp-block-image size-full is-resized\"><a href=\"https:\/\/i0.wp.com\/elterritorialweb.com.ar\/web\/wp-content\/uploads\/2022\/04\/descarga.jpeg\"><img data-recalc-dims=\"1\" decoding=\"async\" data-src=\"https:\/\/i0.wp.com\/elterritorialweb.com.ar\/web\/wp-content\/uploads\/2022\/04\/descarga.jpeg?resize=393%2C220\" alt=\"\" class=\"wp-image-38139 lazyload\" width=\"393\" height=\"220\" src=\"data:image\/svg+xml;base64,PHN2ZyB3aWR0aD0iMSIgaGVpZ2h0PSIxIiB4bWxucz0iaHR0cDovL3d3dy53My5vcmcvMjAwMC9zdmciPjwvc3ZnPg==\" style=\"--smush-placeholder-width: 393px; --smush-placeholder-aspect-ratio: 393\/220;\" \/><\/a><\/figure>\n\n\n\n<p>\u00abTomamos una decisi\u00f3n: salir de la crisis que nos dej\u00f3 la pandemia sanitaria y el gobierno de Macri con la mayor tranquilidad posible y abrazando a los m\u00e1s necesitados, pero tambi\u00e9n a los comerciantes, a las pymes y a las industrias, para que pueden trabajar y producir con la inversi\u00f3n social que se vuelca en la econom\u00eda\u00bb, declar\u00f3 Zabaleta.<\/p>\n\n\n\n<p>E insisti\u00f3: \u00abNecesitamos que todos y todas podamos convivir en paz en una Argentina que est\u00e1 en el camino de la reconstrucci\u00f3n\u00bb.<\/p>\n\n\n\n<p>De hecho, en febrero pasado se oficializ\u00f3 una progresiva incorporaci\u00f3n a lo largo de este a\u00f1o de unos 4 mil beneficiarios y beneficiarias de planes sociales al empleo registrado en el sector gastron\u00f3mico, durante un acto del que particip\u00f3 gran parte del Gabinete nacional, empresarios del rubro y sindicalistas.<\/p>\n\n\n\n<p>Este formato, por el cual el Gobierno paga durante 12 meses la mitad de un salario m\u00ednimo, vital y m\u00f3vil y el resto del sueldo lo completa el empleador, ya es utilizado en otros sectores de la producci\u00f3n y la construcci\u00f3n.<\/p>\n\n\n\n<p>La idea motora de esta estrategia fue expresada en aquel acto por el ministro de Trabajo, Claudio Moroni: \u00abLa gente no quiere planes sociales, quiere trabajo, y Argentina est\u00e1 en deuda con toda esta gente que no ha logrado incorporarse a un trabajo formal, con derechos. Esto solo se puede hacer cuando hay un proyecto de desarrollo\u00bb.<\/p>\n\n\n\n<h3 class=\"wp-block-heading\">Lo expresado por Rodr\u00edguez Larreta<\/h3>\n\n\n\n<p>Desde la vereda opuesta, Rodr\u00edguez Larreta adelant\u00f3 que buscar\u00e1 impedir el ingreso a la ciudad de Buenos Aires de manifestantes que pretendan incurrir en cortes de calles.<\/p>\n\n\n\n<p>Consider\u00f3 que&nbsp;<strong>hay que \u00abreplantear todo el sistema de planes sociales\u00bb y opin\u00f3 que \u00abhay gente que no toma un trabajo para no perder el plan\u00bb<\/strong>.<\/p>\n\n\n\n<h3 class=\"wp-block-heading\">Voces a favor y en contra de los dichos de Rodr\u00edguez Larreta<\/h3>\n\n\n\n<p>\u00abSe hace costumbre pegarle a los de abajo, ah\u00ed se animan desde Larreta a Zabaleta. Mientras, las grandes corporaciones (como Arcor) aumentan sus ganancias en un 142% especulando con los alimentos y a ellas les proponen terapia de grupo. Qu\u00e9 verg\u00fcenza todo (o todos)\u00bb, expres\u00f3&nbsp;<strong>la diputada nacional de izquierda Myriam Bregman<\/strong>&nbsp;a trav\u00e9s de Twitter.<\/p>\n\n\n\n<p>Tambi\u00e9n&nbsp;<strong>el legislador del Frente de Todos (FdT) Javier Andrade<\/strong>&nbsp;analiz\u00f3: \u00abLarreta ahora en modo campa\u00f1a electoral quiere ser el l\u00edder del Movimiento Anti Piquetero. \u00bfD\u00f3nde qued\u00f3 lo del di\u00e1logo y el consenso? Ninguna transformaci\u00f3n en la Ciudad, quieren seguir profundizando la desigualdad estructural\u00bb.<\/p>\n\n\n\n<p>En cambio,&nbsp;<strong>el gobernador de Jujuy y presidente de la UCR, Gerardo Morales<\/strong>, se sum\u00f3 a la propuesta de Larreta y pidi\u00f3 \u00abterminar con los cortes y las extorsiones porque hay una gran mayor\u00eda de los dirigentes de las organizaciones sociales que son unos delincuentes, que le sacan la plata a la gente\u00bb.<\/p>\n\n\n\n<p>Morales opin\u00f3 que \u00abhay que recuperar el orden democr\u00e1tico, garantizar derechos a todos y garantizar el derecho a la protesta, pero tambi\u00e9n al que quiere a trabajar y al que quiere ir a la escuela\u00bb, en referencia al acampe de la semana pasada, realizado por organizaciones piqueteras de izquierda , sobre un tramo del recorrido del Metrob\u00fas en la porte\u00f1a avenida 9 de Julio, entre Avenida de Mayo y Avenida Independencia, que tiene una extensi\u00f3n de ocho cuadras.<\/p>\n\n\n\n<p>\u00abQue el sistema pol\u00edtico responsabilice de la pobreza a los pobres nos parece c\u00ednico; tenemos que empezar a discutir c\u00f3mo desconcentramos la econom\u00eda, c\u00f3mo terminamos los monopolios, c\u00f3mo nacionalizamos de una vez por todas nuestro aparato productivo para sacar adelante a la argentina con crecimiento econ\u00f3mico de abajo hacia arriba\u00bb, afirm\u00f3 por&nbsp;<strong>el contrario Gildo Onorato, secretario gremial de la Uni\u00f3n de Trabajadores de la Econom\u00eda Popular (UTEP) y dirigente del Movimiento Evita<\/strong>.<\/p>\n\n\n\n<p>Onorato recomend\u00f3 tener en cuenta que apenas 1.200.000 trabajadores cobran por planes de trabajo o sociales, y que otros 4 millones de personas est\u00e1n inscriptas en el Registro Nacional de Trabajadores de la Econom\u00eda Popular (Rentaep), en el marco de un universo de 18 millones de pobres en el pa\u00eds.<\/p>\n\n\n\n<p>En tanto,&nbsp;<strong>desde el Gobierno bonaerense, el jefe de Asesores, Carlos Bianco<\/strong>, evalu\u00f3 que las protestas en las calles deben solucionarse \u00aba trav\u00e9s de conducci\u00f3n pol\u00edtica y de di\u00e1logo\u00bb.<\/p>\n\n\n\n<p>\u00abHay que buscar la manera de que se pueda ejercer el reconocido derecho a la protesta. Creemos que no se pueden solucionar los problemas en la base de la represi\u00f3n. Hace falta conducci\u00f3n pol\u00edtica y di\u00e1logo\u00bb, expres\u00f3 Bianco, en declaraciones a radio AM750.<\/p>\n\n\n\n<p>De igual manera, la semana pasada Zabaleta hab\u00eda manifestado que los cortes de tr\u00e1nsito en el microcentro porte\u00f1o generaron un conflicto de \u00ablaburantes contra laburantes\u00bb y pidi\u00f3 que se deje de \u00abapretar a los argentinos\u00bb con esa modalidad de protesta.<\/p>\n","protected":false},"excerpt":{"rendered":"<p>Funcionarios del Gobierno nacional, legisladores y referentes de organizaciones sociales reivindicaron la asistencia a los \u00abm\u00e1s vulnerables\u00bb como un camino hacia el empleo genuino, en contraste con los dichos del jefe de Gobierno porte\u00f1o.<\/p>\n","protected":false},"author":2,"featured_media":38136,"comment_status":"open","ping_status":"open","sticky":false,"template":"","format":"standard","meta":{"om_disable_all_campaigns":false,"_monsterinsights_skip_tracking":false,"_monsterinsights_sitenote_active":false,"_monsterinsights_sitenote_note":"","_monsterinsights_sitenote_category":0,"_uf_show_specific_survey":0,"_uf_disable_surveys":false,"jetpack_post_was_ever_published":false,"_jetpack_newsletter_access":"","_jetpack_dont_email_post_to_subs":false,"_jetpack_newsletter_tier_id":0,"_jetpack_memberships_contains_paywalled_content":false,"_jetpack_memberships_contains_paid_content":false,"footnotes":"","jetpack_publicize_message":"","jetpack_publicize_feature_enabled":true,"jetpack_social_post_already_shared":false,"jetpack_social_options":{"image_generator_settings":{"template":"highway","default_image_id":0,"font":"","enabled":false},"version":2}},"categories":[7],"tags":[],"class_list":["post-38135","post","type-post","status-publish","format-standard","has-post-thumbnail","hentry","category-nacionales"],"aioseo_notices":[],"views":5,"jetpack_publicize_connections":[],"jetpack_featured_media_url":"https:\/\/i0.wp.com\/elterritorialweb.com.ar\/web\/wp-content\/uploads\/2022\/04\/UWAJD44ZFVBTJMT6I6S5JEFCNQ.jpg?fit=309%2C206","jetpack_sharing_enabled":true,"_links":{"self":[{"href":"http:\/\/elterritorialweb.com.ar\/web\/wp-json\/wp\/v2\/posts\/38135","targetHints":{"allow":["GET"]}}],"collection":[{"href":"http:\/\/elterritorialweb.com.ar\/web\/wp-json\/wp\/v2\/posts"}],"about":[{"href":"http:\/\/elterritorialweb.com.ar\/web\/wp-json\/wp\/v2\/types\/post"}],"author":[{"embeddable":true,"href":"http:\/\/elterritorialweb.com.ar\/web\/wp-json\/wp\/v2\/users\/2"}],"replies":[{"embeddable":true,"href":"http:\/\/elterritorialweb.com.ar\/web\/wp-json\/wp\/v2\/comments?post=38135"}],"version-history":[{"count":2,"href":"http:\/\/elterritorialweb.com.ar\/web\/wp-json\/wp\/v2\/posts\/38135\/revisions"}],"predecessor-version":[{"id":38140,"href":"http:\/\/elterritorialweb.com.ar\/web\/wp-json\/wp\/v2\/posts\/38135\/revisions\/38140"}],"wp:featuredmedia":[{"embeddable":true,"href":"http:\/\/elterritorialweb.com.ar\/web\/wp-json\/wp\/v2\/media\/38136"}],"wp:attachment":[{"href":"http:\/\/elterritorialweb.com.ar\/web\/wp-json\/wp\/v2\/media?parent=38135"}],"wp:term":[{"taxonomy":"category","embeddable":true,"href":"http:\/\/elterritorialweb.com.ar\/web\/wp-json\/wp\/v2\/categories?post=38135"},{"taxonomy":"post_tag","embeddable":true,"href":"http:\/\/elterritorialweb.com.ar\/web\/wp-json\/wp\/v2\/tags?post=38135"}],"curies":[{"name":"wp","href":"https:\/\/api.w.org\/{rel}","templated":true}]}}