{"id":38142,"date":"2022-04-06T01:14:00","date_gmt":"2022-04-06T01:14:00","guid":{"rendered":"http:\/\/elterritorialweb.com.ar\/web\/?p=38142"},"modified":"2022-04-06T01:14:00","modified_gmt":"2022-04-06T01:14:00","slug":"fuentes-destaco-el-avance-de-la-construccion-del-nuevo-edificio-de-salud-en-el-barrio-8-de-abril","status":"publish","type":"post","link":"http:\/\/elterritorialweb.com.ar\/web\/fuentes-destaco-el-avance-de-la-construccion-del-nuevo-edificio-de-salud-en-el-barrio-8-de-abril\/","title":{"rendered":"FUENTES DESTAC\u00d3 EL AVANCE DE LA CONSTRUCCI\u00d3N DEL NUEVO EDIFICIO DE SALUD EN EL BARRIO 8 DE ABRIL"},"content":{"rendered":"\n<p>\u00abEs una satisfacci\u00f3n muy grande dotar al centro de salud de este barrio de una sede propia, lo que permitir\u00e1 optimizar notablemente los servicios que se prestan a los vecinos\u00bb, indic\u00f3 la jefa comunal, al recorrer la construcci\u00f3n junto a los secretarios de Coordinaci\u00f3n, Dra. Alejandra Yoshitake; de Gobierno, Ing. N\u00e9stor Machado, y de Planeamiento, Obras y Servicios P\u00fablicos, Arq. Jorge Vila.<br>En su visita recibi\u00f3 un informe sobre la marcha de los trabajos. \u00abSe trata de un edificio moderno, construido con m\u00e9todos y materiales innovadores y sustentables, tomando como pilares la medicina preventiva, la educaci\u00f3n sanitaria y la salud laboral\u00bb, se\u00f1al\u00f3 la intendente.<br>Adem\u00e1s, la titular del Ejecutivo municipal destac\u00f3 que \u00abla obra beneficiar\u00e1 directamente a los vecinos de los barrios 8 de Abril, C\u00e1ceres, La Cat\u00f3lica y dem\u00e1s sectores colindantes; trabajando siempre de forma articulada con las Upas y el Ministerio de Salud de la provincia\u00bb.<br>Con una superficie cubierta de 340 m2, el moderno edificio contar\u00e1 con tres consultorios generales y dos m\u00e1s destinados a ginecolog\u00eda y kinesiolog\u00eda. Adem\u00e1s, estar\u00e1 provisto de una recepci\u00f3n, administraci\u00f3n, sala de espera, enfermer\u00eda y farmacia, con n\u00facleos sanitarios (incluido un ba\u00f1o para personas con discapacidad) y de servicio.<br>Cabe resaltar que la construcci\u00f3n tambi\u00e9n tendr\u00e1 un espacio verde de 150 m2 en el que se desarrollar\u00e1n actividades al aire libre con un sector de juegos para ni\u00f1os.<br>Tambi\u00e9n se incluir\u00e1 una d\u00e1rsena para estacionamiento de ambulancias y un acceso directo por medio de una rampa. En su interior, se usar\u00e1n pisos cer\u00e1micos con tonos diferentes para cada \u00e1rea, junto con pintura l\u00e1tex, carpinter\u00eda de aluminio y amoblamiento de primera l\u00ednea, que dotar\u00e1n al edificio de un car\u00e1cter novedoso e innovador, funcional y est\u00e9tico.<\/p>\n","protected":false},"excerpt":{"rendered":"<p>La intendente de la Capital, Ing. Norma Fuentes, supervis\u00f3 el avance de la obra de construcci\u00f3n del nuevo Centro de Atenci\u00f3n Primaria de la Salud \u00abDr. Estanislao Ponce\u00bb, ubicado en Independencia y Gral. Paz, en el barrio 8 de Abril.<\/p>\n","protected":false},"author":2,"featured_media":38143,"comment_status":"open","ping_status":"open","sticky":false,"template":"","format":"standard","meta":{"om_disable_all_campaigns":false,"_monsterinsights_skip_tracking":false,"_monsterinsights_sitenote_active":false,"_monsterinsights_sitenote_note":"","_monsterinsights_sitenote_category":0,"_uf_show_specific_survey":0,"_uf_disable_surveys":false,"jetpack_post_was_ever_published":false,"_jetpack_newsletter_access":"","_jetpack_dont_email_post_to_subs":false,"_jetpack_newsletter_tier_id":0,"_jetpack_memberships_contains_paywalled_content":false,"_jetpack_memberships_contains_paid_content":false,"footnotes":"","jetpack_publicize_message":"","jetpack_publicize_feature_enabled":true,"jetpack_social_post_already_shared":false,"jetpack_social_options":{"image_generator_settings":{"template":"highway","default_image_id":0,"font":"","enabled":false},"version":2}},"categories":[21],"tags":[],"class_list":["post-38142","post","type-post","status-publish","format-standard","has-post-thumbnail","hentry","category-locales"],"aioseo_notices":[],"views":12,"jetpack_publicize_connections":[],"jetpack_featured_media_url":"https:\/\/i0.wp.com\/elterritorialweb.com.ar\/web\/wp-content\/uploads\/2022\/04\/visita-obra-caps.jpeg?fit=1106%2C750","jetpack_sharing_enabled":true,"_links":{"self":[{"href":"http:\/\/elterritorialweb.com.ar\/web\/wp-json\/wp\/v2\/posts\/38142","targetHints":{"allow":["GET"]}}],"collection":[{"href":"http:\/\/elterritorialweb.com.ar\/web\/wp-json\/wp\/v2\/posts"}],"about":[{"href":"http:\/\/elterritorialweb.com.ar\/web\/wp-json\/wp\/v2\/types\/post"}],"author":[{"embeddable":true,"href":"http:\/\/elterritorialweb.com.ar\/web\/wp-json\/wp\/v2\/users\/2"}],"replies":[{"embeddable":true,"href":"http:\/\/elterritorialweb.com.ar\/web\/wp-json\/wp\/v2\/comments?post=38142"}],"version-history":[{"count":1,"href":"http:\/\/elterritorialweb.com.ar\/web\/wp-json\/wp\/v2\/posts\/38142\/revisions"}],"predecessor-version":[{"id":38144,"href":"http:\/\/elterritorialweb.com.ar\/web\/wp-json\/wp\/v2\/posts\/38142\/revisions\/38144"}],"wp:featuredmedia":[{"embeddable":true,"href":"http:\/\/elterritorialweb.com.ar\/web\/wp-json\/wp\/v2\/media\/38143"}],"wp:attachment":[{"href":"http:\/\/elterritorialweb.com.ar\/web\/wp-json\/wp\/v2\/media?parent=38142"}],"wp:term":[{"taxonomy":"category","embeddable":true,"href":"http:\/\/elterritorialweb.com.ar\/web\/wp-json\/wp\/v2\/categories?post=38142"},{"taxonomy":"post_tag","embeddable":true,"href":"http:\/\/elterritorialweb.com.ar\/web\/wp-json\/wp\/v2\/tags?post=38142"}],"curies":[{"name":"wp","href":"https:\/\/api.w.org\/{rel}","templated":true}]}}