{"id":38162,"date":"2022-04-06T03:46:18","date_gmt":"2022-04-06T03:46:18","guid":{"rendered":"http:\/\/elterritorialweb.com.ar\/web\/?p=38162"},"modified":"2022-04-06T03:47:25","modified_gmt":"2022-04-06T03:47:25","slug":"el-gobierno-la-cgt-y-la-uia-acordaron-adelantar-las-paritarias-y-crear-una-canasta-alimentaria","status":"publish","type":"post","link":"http:\/\/elterritorialweb.com.ar\/web\/el-gobierno-la-cgt-y-la-uia-acordaron-adelantar-las-paritarias-y-crear-una-canasta-alimentaria\/","title":{"rendered":"EL GOBIERNO, LA CGT Y LA UIA ACORDARON ADELANTAR LAS PARITARIAS Y CREAR UNA CANASTA ALIMENTARIA"},"content":{"rendered":"\n<p>El Gobierno, la Confederaci\u00f3n General del Trabajo (CGT) y la Uni\u00f3n Industrial Argentina (UIA) acordaron en la tarde de este martes una serie de medidas con el objetivo de contener las expectativas inflacionarias y mejorar el poder adquisitivo de los trabajadores, entre las que se destacan la posibilidad de abrir de manera anticipada la discusi\u00f3n de convenios salariales y la creaci\u00f3n de una canasta alimentaria de primera necesidad compuesta por entre 50 y 60 productos.<\/p>\n\n\n\n<p>Fue en el marco de una nueva reuni\u00f3n que mantuvieron este martes los ministros de Econom\u00eda, Mart\u00edn Guzm\u00e1n; de Trabajo, Claudio Moroni; y de Desarrollo Productivo, Mat\u00edas Kulfas; y la Jefa de Gabinete del Ministerio de Econom\u00eda Melina Mallamace; con representantes de la Confederaci\u00f3n General del Trabajo (CGT) y la Uni\u00f3n Industrial Argentina (UIA) en el marco de la mesa tripartita de trabajo creada la semana pasada para coordinar acciones destinadas a enfrentar la inflaci\u00f3n.<\/p>\n\n\n\n<p>En representaci\u00f3n del sector sindical estuvieron los secretarios generales de la Confederaci\u00f3n General del Trabajo (CGT), H\u00e9ctor Daer, Pablo Moyano y Carlos Acu\u00f1a, junto al secretario General Adjunto de la entidad, Andr\u00e9s Rodr\u00edguez.<\/p>\n\n\n\n<p>Por la entidad fabril participaron en la reuni\u00f3n su presidente, Daniel Funes de Rioja, junto al secretario de la entidad, Miguel \u00c1ngel Rodr\u00edguez; el vicepresidente Regional, Guillermo Moretti; y el director Ejecutivo, Diego Coatz.<\/p>\n\n\n\n<h3 class=\"wp-block-heading\">Detalles de las medidas<\/h3>\n\n\n\n<p>Las medidas acordadas contemplan la posibilidad abrir negociaciones paritarias antes de las fechas estipuladas por cada sector, a la vez que las partes ratificaron la decisi\u00f3n de consensuar una canasta b\u00e1sica con 50 0 60 productos de primera necesidad a precios accesibles, cuya implementaci\u00f3n deber\u00eda estar definida en un plazo de 72 horas.<\/p>\n\n\n\n<p>De manera espec\u00edfica, el Gobierno, los empresarios y los sindicalistas acordaron la apertura de la negociaci\u00f3n de convenios salariales que a\u00fan no han vencido o que no se encuentran en etapa de tratativas.<\/p>\n\n\n\n<p>Tambi\u00e9n acordaron conformar mesas de trabajo para dise\u00f1ar e implementar las medidas tendientes para administrar las dificultades de la actual coyuntura, en particular en lo atinente al impacto de la inflaci\u00f3n en las pymes.<\/p>\n\n\n\n<p>Tambi\u00e9n coincidieron en la necesidad de establecer una canasta alimentaria de primera necesidad, integrada por entre 50 y 60 productos, que tengan un precio claro en los diferentes formatos de comercializaci\u00f3n, en especial en los comercios de cercan\u00eda.<\/p>\n","protected":false},"excerpt":{"rendered":"<p>As\u00ed lo indic\u00f3 Daniel Funes de Rioja, quien particip\u00f3 de una reuni\u00f3n entre el Gobierno nacional, la CGT y la Uni\u00f3n Industrial Argentina.<\/p>\n","protected":false},"author":2,"featured_media":38163,"comment_status":"open","ping_status":"open","sticky":false,"template":"","format":"standard","meta":{"om_disable_all_campaigns":false,"_monsterinsights_skip_tracking":false,"_monsterinsights_sitenote_active":false,"_monsterinsights_sitenote_note":"","_monsterinsights_sitenote_category":0,"_uf_show_specific_survey":0,"_uf_disable_surveys":false,"jetpack_post_was_ever_published":false,"_jetpack_newsletter_access":"","_jetpack_dont_email_post_to_subs":false,"_jetpack_newsletter_tier_id":0,"_jetpack_memberships_contains_paywalled_content":false,"_jetpack_memberships_contains_paid_content":false,"footnotes":"","jetpack_publicize_message":"","jetpack_publicize_feature_enabled":true,"jetpack_social_post_already_shared":false,"jetpack_social_options":{"image_generator_settings":{"template":"highway","default_image_id":0,"font":"","enabled":false},"version":2}},"categories":[4,2],"tags":[],"class_list":["post-38162","post","type-post","status-publish","format-standard","has-post-thumbnail","hentry","category-destacadas","category-economia"],"aioseo_notices":[],"views":11,"jetpack_publicize_connections":[],"jetpack_featured_media_url":"https:\/\/i0.wp.com\/elterritorialweb.com.ar\/web\/wp-content\/uploads\/2022\/04\/624cd68d745f8_900.jpg?fit=900%2C506","jetpack_sharing_enabled":true,"_links":{"self":[{"href":"http:\/\/elterritorialweb.com.ar\/web\/wp-json\/wp\/v2\/posts\/38162","targetHints":{"allow":["GET"]}}],"collection":[{"href":"http:\/\/elterritorialweb.com.ar\/web\/wp-json\/wp\/v2\/posts"}],"about":[{"href":"http:\/\/elterritorialweb.com.ar\/web\/wp-json\/wp\/v2\/types\/post"}],"author":[{"embeddable":true,"href":"http:\/\/elterritorialweb.com.ar\/web\/wp-json\/wp\/v2\/users\/2"}],"replies":[{"embeddable":true,"href":"http:\/\/elterritorialweb.com.ar\/web\/wp-json\/wp\/v2\/comments?post=38162"}],"version-history":[{"count":1,"href":"http:\/\/elterritorialweb.com.ar\/web\/wp-json\/wp\/v2\/posts\/38162\/revisions"}],"predecessor-version":[{"id":38164,"href":"http:\/\/elterritorialweb.com.ar\/web\/wp-json\/wp\/v2\/posts\/38162\/revisions\/38164"}],"wp:featuredmedia":[{"embeddable":true,"href":"http:\/\/elterritorialweb.com.ar\/web\/wp-json\/wp\/v2\/media\/38163"}],"wp:attachment":[{"href":"http:\/\/elterritorialweb.com.ar\/web\/wp-json\/wp\/v2\/media?parent=38162"}],"wp:term":[{"taxonomy":"category","embeddable":true,"href":"http:\/\/elterritorialweb.com.ar\/web\/wp-json\/wp\/v2\/categories?post=38162"},{"taxonomy":"post_tag","embeddable":true,"href":"http:\/\/elterritorialweb.com.ar\/web\/wp-json\/wp\/v2\/tags?post=38162"}],"curies":[{"name":"wp","href":"https:\/\/api.w.org\/{rel}","templated":true}]}}