{"id":38178,"date":"2022-04-06T14:08:59","date_gmt":"2022-04-06T14:08:59","guid":{"rendered":"http:\/\/elterritorialweb.com.ar\/web\/?p=38178"},"modified":"2022-04-06T14:14:19","modified_gmt":"2022-04-06T14:14:19","slug":"presentaron-en-brasil-los-nuevos-vuelos-entre-san-pablo-y-salta","status":"publish","type":"post","link":"http:\/\/elterritorialweb.com.ar\/web\/presentaron-en-brasil-los-nuevos-vuelos-entre-san-pablo-y-salta\/","title":{"rendered":"PRESENTARON EN BRASIL LOS NUEVOS VUELOS ENTRE SAN PABLO Y SALTA"},"content":{"rendered":"\n<p>A partir de julio,&nbsp;<strong>Aerol\u00edneas Argentinas comenzar\u00e1 a volar desde San Pablo a Salta y Tucum\u00e1n, con 3 vuelos semanales<\/strong>&nbsp;seg\u00fan lo confirm\u00f3<strong>&nbsp;Fabi\u00e1n Lombardo<\/strong>, Director Comercial de la aerol\u00ednea en un evento en el marco de la feria de turismo&nbsp;<strong>WTM Latinoam\u00e9rica<\/strong>&nbsp;que se desarrolla en&nbsp;<strong>San Pablo<\/strong>&nbsp;desde el 5 al 7 de abril. La presentaci\u00f3n fue realizada en la residencia del C\u00f3nsul argentino y fue organizado por el&nbsp;<strong>Instituto Nacional de Promoci\u00f3n Tur\u00edstica y el Consulado Argentino en San Pablo<\/strong>.<\/p>\n\n\n\n<p>Lombardo estuvo acompa\u00f1ado por el&nbsp;<strong>Gobernador de la provincia de Salta, Gustavo S\u00e1enz, el C\u00f3nsul General de Argentina en San Pablo, Luis Mar\u00eda Kreckler, el Secretario Ejecutivo del INPROTUR, Ricardo Sosa, el Presidente de la C\u00e1mara Argentina de Turismo, Gustavo Hani, el Presidente del Consejo Federal de Turismo, Sebasti\u00e1n Giobellina,&nbsp;<\/strong>y la<strong>&nbsp;presidenta de INPROTUR Salta, Manuela Arancibia<\/strong>.<\/p>\n\n\n\n<p>El vuelo entre San Pablo y Salta ser\u00e1 operado por un Boing 737 Max con capacidad para 170 pasajeros con Premium Economy. Dar\u00e1 inicio el 4 de julio y tendr\u00e1 conexi\u00f3n a Tucum\u00e1n y otros destinos con los que conecta Salta. Adem\u00e1s, en San Pablo unir\u00e1 con otros destinos brasileros con vuelos operados por la compa\u00f1\u00eda a\u00e9rea GOL.<\/p>\n\n\n\n<p>El Secretario Ejecutivo del INPROTUR,\u00a0<strong>Ricardo Sosa<\/strong>, expres\u00f3:\u00a0<em>\u201cEstamos consolidando el proceso de reactivaci\u00f3n, gracias al trabajo de todos los actores, del Ministro de Turismo y Deporte, Mat\u00edas Lammens y del Embajador de Argentina en Brasil, Daniel Scioli. Es algo hist\u00f3rico para la provincia de Salta y el sector privado va a ser el verdadero protagonista para aprovechar estos nuevos vuelos con el apoyo del sector p\u00fablico. Hasta el 21 de marzo ya ingresaron m\u00e1s de 400.000 brasile\u00f1os a la Argentina, lo que marca el 25% de recuperaci\u00f3n con respecto a la prepandemia\u201d<\/em>.<\/p>\n\n\n\n<figure class=\"wp-block-image size-full\"><a href=\"https:\/\/i0.wp.com\/elterritorialweb.com.ar\/web\/wp-content\/uploads\/2022\/04\/Screenshot_20220406-1110092.png\"><img data-recalc-dims=\"1\" decoding=\"async\" width=\"598\" height=\"314\" data-src=\"https:\/\/i0.wp.com\/elterritorialweb.com.ar\/web\/wp-content\/uploads\/2022\/04\/Screenshot_20220406-1110092.png?resize=598%2C314\" alt=\"\" class=\"wp-image-38182 lazyload\" data-srcset=\"https:\/\/i0.wp.com\/elterritorialweb.com.ar\/web\/wp-content\/uploads\/2022\/04\/Screenshot_20220406-1110092.png?w=598 598w, https:\/\/i0.wp.com\/elterritorialweb.com.ar\/web\/wp-content\/uploads\/2022\/04\/Screenshot_20220406-1110092.png?resize=300%2C158 300w\" data-sizes=\"(max-width: 598px) 100vw, 598px\" src=\"data:image\/svg+xml;base64,PHN2ZyB3aWR0aD0iMSIgaGVpZ2h0PSIxIiB4bWxucz0iaHR0cDovL3d3dy53My5vcmcvMjAwMC9zdmciPjwvc3ZnPg==\" style=\"--smush-placeholder-width: 598px; --smush-placeholder-aspect-ratio: 598\/314;\" \/><\/a><\/figure>\n\n\n\n<p><em>\u201cVemos un incremento constante en la cantidad de turistas brasileros que visitan nuestro pa\u00eds. Si contamos solamente los 21 d\u00edas de marzo y los comparamos con los primeros 21 d\u00edas de marzo de 2019, en la prepandemia, tenemos actualmente un incremento del 35% de turistas provenientes desde Brasil. Tenemos un plan consolidado en el mercado Brasil por la importancia que tiene para nosotros y trabajaremos con la Embajada y los consulados arduamente para promocionar Argentina\u201d<\/em>, agreg\u00f3 Sosa.<\/p>\n\n\n\n<p>El Gobernador de Salta,\u00a0<strong>Gustavo S\u00e1enz<\/strong>, expres\u00f3 respecto al vuelo:\u00a0<em>\u201cEsto le da la posibilidad a los turistas de conocer los hermosos destinos que tiene nuestra no solo nuestra provincia, sino tambi\u00e9n todos los destinos del norte argentino. Esta ruta a\u00e9rea in\u00e9dita genera una gran responsabilidad en los que trabajan en el turismo. Por algo nos dicen \u2018Salta, la linda\u2019, y en eso tenemos que trabajar codo a codo, entre el sector p\u00fablico y privado\u201d<\/em>.<br><br>Adem\u00e1s,\u00a0<strong>Aerol\u00edneas Argentinas anunci\u00f3 el incremento de frecuencias desde San Pablo a Buenos Aires<\/strong>\u00a0que desde principio de abril cuenta con 21 vuelos semanales y desde julio\u00a0<strong>tendr\u00e1 28 vuelos semanales<\/strong>\u00a0en la misma ruta y\u00a0<strong>14 vuelos semanales desde Rio de Janeiro a Buenos Aires<\/strong>. Asimismo\u00a0<strong>tendr\u00e1 cuatro vuelos semanales desde San Pablo a Bariloche<\/strong>.<\/p>\n\n\n\n<figure class=\"wp-block-image size-full\"><a href=\"https:\/\/i0.wp.com\/elterritorialweb.com.ar\/web\/wp-content\/uploads\/2022\/04\/Screenshot_20220406-1112172.png\"><img data-recalc-dims=\"1\" decoding=\"async\" width=\"589\" height=\"324\" data-src=\"https:\/\/i0.wp.com\/elterritorialweb.com.ar\/web\/wp-content\/uploads\/2022\/04\/Screenshot_20220406-1112172.png?resize=589%2C324\" alt=\"\" class=\"wp-image-38183 lazyload\" data-srcset=\"https:\/\/i0.wp.com\/elterritorialweb.com.ar\/web\/wp-content\/uploads\/2022\/04\/Screenshot_20220406-1112172.png?w=589 589w, https:\/\/i0.wp.com\/elterritorialweb.com.ar\/web\/wp-content\/uploads\/2022\/04\/Screenshot_20220406-1112172.png?resize=300%2C165 300w\" data-sizes=\"(max-width: 589px) 100vw, 589px\" src=\"data:image\/svg+xml;base64,PHN2ZyB3aWR0aD0iMSIgaGVpZ2h0PSIxIiB4bWxucz0iaHR0cDovL3d3dy53My5vcmcvMjAwMC9zdmciPjwvc3ZnPg==\" style=\"--smush-placeholder-width: 589px; --smush-placeholder-aspect-ratio: 589\/324;\" \/><\/a><\/figure>\n\n\n\n<p><strong>Fabian Lombardo<\/strong>\u00a0declar\u00f3:\u00a0<em>\u201cRecuperamos las 76 rutas, y los Hubs de Aeroparque y de C\u00f3rdoba. Los vuelos desde Brasil a Aeroparque son de suma importancia ya que desde ese aeropuerto conectan con el resto de Argentina. Conectamos siete destinos de Brasil con Argentina y tenemos ya el 73% de la oferta de asientos Pre Covid\u201d<\/em>.<br><br>De esta manera, se aumentan las frecuencias para el principal mercado emisor de turistas hacia la Argentina de cara a la temporada de invierno de nuestro pa\u00eds.<br>\u00a0<\/p>\n","protected":false},"excerpt":{"rendered":"<p>La aerol\u00ednea de bandera inform\u00f3 una hist\u00f3rica ruta entre destinos de Brasil y Argentina en el marco de la feria WTM Latinoam\u00e9rica que se desarrolla en San Pablo.<\/p>\n","protected":false},"author":2,"featured_media":38179,"comment_status":"open","ping_status":"open","sticky":false,"template":"","format":"standard","meta":{"om_disable_all_campaigns":false,"_monsterinsights_skip_tracking":false,"_monsterinsights_sitenote_active":false,"_monsterinsights_sitenote_note":"","_monsterinsights_sitenote_category":0,"_uf_show_specific_survey":0,"_uf_disable_surveys":false,"jetpack_post_was_ever_published":false,"_jetpack_newsletter_access":"","_jetpack_dont_email_post_to_subs":false,"_jetpack_newsletter_tier_id":0,"_jetpack_memberships_contains_paywalled_content":false,"_jetpack_memberships_contains_paid_content":false,"footnotes":"","jetpack_publicize_message":"","jetpack_publicize_feature_enabled":true,"jetpack_social_post_already_shared":false,"jetpack_social_options":{"image_generator_settings":{"template":"highway","default_image_id":0,"font":"","enabled":false},"version":2}},"categories":[29],"tags":[],"class_list":["post-38178","post","type-post","status-publish","format-standard","has-post-thumbnail","hentry","category-turismo"],"aioseo_notices":[],"views":9,"jetpack_publicize_connections":[],"jetpack_featured_media_url":"https:\/\/i0.wp.com\/elterritorialweb.com.ar\/web\/wp-content\/uploads\/2022\/04\/Screenshot_20220406-1107072.png?fit=600%2C338","jetpack_sharing_enabled":true,"_links":{"self":[{"href":"http:\/\/elterritorialweb.com.ar\/web\/wp-json\/wp\/v2\/posts\/38178","targetHints":{"allow":["GET"]}}],"collection":[{"href":"http:\/\/elterritorialweb.com.ar\/web\/wp-json\/wp\/v2\/posts"}],"about":[{"href":"http:\/\/elterritorialweb.com.ar\/web\/wp-json\/wp\/v2\/types\/post"}],"author":[{"embeddable":true,"href":"http:\/\/elterritorialweb.com.ar\/web\/wp-json\/wp\/v2\/users\/2"}],"replies":[{"embeddable":true,"href":"http:\/\/elterritorialweb.com.ar\/web\/wp-json\/wp\/v2\/comments?post=38178"}],"version-history":[{"count":2,"href":"http:\/\/elterritorialweb.com.ar\/web\/wp-json\/wp\/v2\/posts\/38178\/revisions"}],"predecessor-version":[{"id":38184,"href":"http:\/\/elterritorialweb.com.ar\/web\/wp-json\/wp\/v2\/posts\/38178\/revisions\/38184"}],"wp:featuredmedia":[{"embeddable":true,"href":"http:\/\/elterritorialweb.com.ar\/web\/wp-json\/wp\/v2\/media\/38179"}],"wp:attachment":[{"href":"http:\/\/elterritorialweb.com.ar\/web\/wp-json\/wp\/v2\/media?parent=38178"}],"wp:term":[{"taxonomy":"category","embeddable":true,"href":"http:\/\/elterritorialweb.com.ar\/web\/wp-json\/wp\/v2\/categories?post=38178"},{"taxonomy":"post_tag","embeddable":true,"href":"http:\/\/elterritorialweb.com.ar\/web\/wp-json\/wp\/v2\/tags?post=38178"}],"curies":[{"name":"wp","href":"https:\/\/api.w.org\/{rel}","templated":true}]}}