{"id":38187,"date":"2022-04-06T18:12:04","date_gmt":"2022-04-06T18:12:04","guid":{"rendered":"http:\/\/elterritorialweb.com.ar\/web\/?p=38187"},"modified":"2022-04-06T18:12:05","modified_gmt":"2022-04-06T18:12:05","slug":"nediani-participo-de-los-festejos-por-el-90aniversario-de-la-direccion-general-de-rentas","status":"publish","type":"post","link":"http:\/\/elterritorialweb.com.ar\/web\/nediani-participo-de-los-festejos-por-el-90aniversario-de-la-direccion-general-de-rentas\/","title":{"rendered":"NEDIANI PARTICIP\u00d3 DE LOS FESTEJOS POR EL 90\u00b0ANIVERSARIO DE LA DIRECCI\u00d3N GENERAL DE RENTAS"},"content":{"rendered":"\n<p>En la ma\u00f1ana del mi\u00e9rcoles el intendente Nediani junto a la secretar\u00eda de Econ\u00f3mica y Finanzas, Ana Mar\u00eda Jorge; el director de Rentas Municipal, Javier Alexandro y el concejal Gabriel Santill\u00e1n.<br>Durante el encuentro, se indic\u00f3 que el Honorable Concejo Deliberante de la ciudad determin\u00f3 declarar de inter\u00e9s municipal el 90 aniversario de la Direcci\u00f3n General de Rentas que fue la primera en la provincia en constituirse como tal.<br>En la oportunidad, Nediani entreg\u00f3 una distinci\u00f3n especial a la empleada recientemente jubilada, Rafaela \u201cRafi\u201d Mil\u00e1n, quien desempe\u00f1\u00f3 m\u00faltiples tareas administrativas al servicio de los contribuyentes bande\u00f1os.<br>Al respecto, Nediani manifest\u00f3: \u201cLe estamos entregando un reconocimiento especial a \u2018Rafi\u2019 quien tuvo 42 a\u00f1os de servicio y fue invitada a participar de este festejo en el que fue c\u00e1lidamente recibida por sus compa\u00f1eros quienes destacaron su compa\u00f1erismo y por sobre todo por su compromiso con el trabajo\u201d.<\/p>\n\n\n\n<figure class=\"wp-block-image size-large\"><a href=\"https:\/\/i0.wp.com\/elterritorialweb.com.ar\/web\/wp-content\/uploads\/2022\/04\/IMG-20220406-WA0028.jpg\"><img data-recalc-dims=\"1\" decoding=\"async\" width=\"640\" height=\"423\" data-src=\"https:\/\/i0.wp.com\/elterritorialweb.com.ar\/web\/wp-content\/uploads\/2022\/04\/IMG-20220406-WA0028.jpg?resize=640%2C423\" alt=\"\" class=\"wp-image-38193 lazyload\" data-srcset=\"https:\/\/i0.wp.com\/elterritorialweb.com.ar\/web\/wp-content\/uploads\/2022\/04\/IMG-20220406-WA0028.jpg?resize=1024%2C676 1024w, https:\/\/i0.wp.com\/elterritorialweb.com.ar\/web\/wp-content\/uploads\/2022\/04\/IMG-20220406-WA0028.jpg?resize=300%2C198 300w, https:\/\/i0.wp.com\/elterritorialweb.com.ar\/web\/wp-content\/uploads\/2022\/04\/IMG-20220406-WA0028.jpg?resize=768%2C507 768w, https:\/\/i0.wp.com\/elterritorialweb.com.ar\/web\/wp-content\/uploads\/2022\/04\/IMG-20220406-WA0028.jpg?w=1087 1087w\" data-sizes=\"(max-width: 640px) 100vw, 640px\" src=\"data:image\/svg+xml;base64,PHN2ZyB3aWR0aD0iMSIgaGVpZ2h0PSIxIiB4bWxucz0iaHR0cDovL3d3dy53My5vcmcvMjAwMC9zdmciPjwvc3ZnPg==\" style=\"--smush-placeholder-width: 640px; --smush-placeholder-aspect-ratio: 640\/423;\" \/><\/a><\/figure>\n\n\n\n<p>Finalmente, \u201cEstamos muy contentos de participar de esta iniciativa que tuvo el Concejo Deliberante en resaltar esta fecha especial en la que se conmemora un nuevo aniversario de la que fue reconocida como la primer Direcci\u00f3n General de Rentas de toda la provincia. Y fue una buena oportunidad para acercarme y compartir con los compa\u00f1eros de \u00e1rea de Econom\u00eda\u201d.<br>De igual manera, Javier Alexandro, manifest\u00f3: \u201cAgradezco por la confianza depositada en brindar un servicio al vecino bande\u00f1o tratando de acercarlo amigablemente a lo que es el \u00e1rea de la Direcci\u00f3n de Rentas para incrementar la recaudaci\u00f3n teniendo en cuenta la situaci\u00f3n econ\u00f3mica que est\u00e1 atravesando el pa\u00eds y mostrando siempre nuestras acciones con transparencia para que ellos puedan ver que sus contribuciones vuelven en forma de obras y servicios que mejoren su calidad de vida como ciudadanos\u201d.<\/p>\n","protected":false},"excerpt":{"rendered":"<p>El intendente Roger Nediani particip\u00f3 de los festejos por el 90\u00b0 Aniversario de la Direcci\u00f3n General de Rentas en el que se entreg\u00f3 una distinci\u00f3n especial a una empleada jubilada del \u00e1rea por sus 42 a\u00f1os de servicios.<\/p>\n","protected":false},"author":2,"featured_media":38192,"comment_status":"open","ping_status":"open","sticky":false,"template":"","format":"standard","meta":{"om_disable_all_campaigns":false,"_monsterinsights_skip_tracking":false,"_monsterinsights_sitenote_active":false,"_monsterinsights_sitenote_note":"","_monsterinsights_sitenote_category":0,"_uf_show_specific_survey":0,"_uf_disable_surveys":false,"jetpack_post_was_ever_published":false,"_jetpack_newsletter_access":"","_jetpack_dont_email_post_to_subs":false,"_jetpack_newsletter_tier_id":0,"_jetpack_memberships_contains_paywalled_content":false,"_jetpack_memberships_contains_paid_content":false,"footnotes":"","jetpack_publicize_message":"","jetpack_publicize_feature_enabled":true,"jetpack_social_post_already_shared":false,"jetpack_social_options":{"image_generator_settings":{"template":"highway","default_image_id":0,"font":"","enabled":false},"version":2}},"categories":[21],"tags":[],"class_list":["post-38187","post","type-post","status-publish","format-standard","has-post-thumbnail","hentry","category-locales"],"aioseo_notices":[],"views":11,"jetpack_publicize_connections":[],"jetpack_featured_media_url":"https:\/\/i0.wp.com\/elterritorialweb.com.ar\/web\/wp-content\/uploads\/2022\/04\/IMG-20220406-WA0029.jpg?fit=1087%2C718","jetpack_sharing_enabled":true,"_links":{"self":[{"href":"http:\/\/elterritorialweb.com.ar\/web\/wp-json\/wp\/v2\/posts\/38187","targetHints":{"allow":["GET"]}}],"collection":[{"href":"http:\/\/elterritorialweb.com.ar\/web\/wp-json\/wp\/v2\/posts"}],"about":[{"href":"http:\/\/elterritorialweb.com.ar\/web\/wp-json\/wp\/v2\/types\/post"}],"author":[{"embeddable":true,"href":"http:\/\/elterritorialweb.com.ar\/web\/wp-json\/wp\/v2\/users\/2"}],"replies":[{"embeddable":true,"href":"http:\/\/elterritorialweb.com.ar\/web\/wp-json\/wp\/v2\/comments?post=38187"}],"version-history":[{"count":1,"href":"http:\/\/elterritorialweb.com.ar\/web\/wp-json\/wp\/v2\/posts\/38187\/revisions"}],"predecessor-version":[{"id":38194,"href":"http:\/\/elterritorialweb.com.ar\/web\/wp-json\/wp\/v2\/posts\/38187\/revisions\/38194"}],"wp:featuredmedia":[{"embeddable":true,"href":"http:\/\/elterritorialweb.com.ar\/web\/wp-json\/wp\/v2\/media\/38192"}],"wp:attachment":[{"href":"http:\/\/elterritorialweb.com.ar\/web\/wp-json\/wp\/v2\/media?parent=38187"}],"wp:term":[{"taxonomy":"category","embeddable":true,"href":"http:\/\/elterritorialweb.com.ar\/web\/wp-json\/wp\/v2\/categories?post=38187"},{"taxonomy":"post_tag","embeddable":true,"href":"http:\/\/elterritorialweb.com.ar\/web\/wp-json\/wp\/v2\/tags?post=38187"}],"curies":[{"name":"wp","href":"https:\/\/api.w.org\/{rel}","templated":true}]}}