{"id":38188,"date":"2022-04-06T17:52:59","date_gmt":"2022-04-06T17:52:59","guid":{"rendered":"http:\/\/elterritorialweb.com.ar\/web\/?p=38188"},"modified":"2022-04-06T17:53:00","modified_gmt":"2022-04-06T17:53:00","slug":"la-comuna-bandena-comenzo-con-la-segunda-etapa-del-reencarpetado-de-la-avenida-belgrano","status":"publish","type":"post","link":"http:\/\/elterritorialweb.com.ar\/web\/la-comuna-bandena-comenzo-con-la-segunda-etapa-del-reencarpetado-de-la-avenida-belgrano\/","title":{"rendered":"LA COMUNA BANDE\u00d1A COMENZ\u00d3 CON LA SEGUNDA ETAPA DEL REENCARPETADO DE LA AVENIDA BELGRANO"},"content":{"rendered":"\n<p>Desde la comuna informaron que se encuentran ejecutando los trabajos de reencarpetado en Av. Belgrano entre Av. Del Libertador y Canal Revestido, a metros del Puente Carretero por lo que se solicita a los conductores precauci\u00f3n a la hora de circular por dicho tramo.<br>La obra asf\u00e1ltica se encuentra en la segunda etapa; siendo que la primera se concret\u00f3 desde Av. Besares hasta Av. Del Libertador, con una extensi\u00f3n total de dos mil metros lineales.<br>Cabe destacar, que esta importante obra llevada a cabo en una de las arterias m\u00e1s extensas de la ciudad tiene como prop\u00f3sito brindar una mejor calidad de vida a los bande\u00f1os, premisa por la cual trabaja el municipio.<br>Debido a la obra, el municipio solicit\u00f3 a los automovilistas precauci\u00f3n en aquellos sectores donde se desv\u00eda el tr\u00e1nsito para posibilitar el movimiento de las maquinarias y de los obreros.<\/p>\n","protected":false},"excerpt":{"rendered":"<p>As\u00ed lo informaron las autoridades de la Secretar\u00eda de Obras P\u00fablicas, Planificaci\u00f3n y Desarrollo Urbano del municipio de la ciudad de La Banda.<\/p>\n","protected":false},"author":2,"featured_media":38190,"comment_status":"open","ping_status":"open","sticky":false,"template":"","format":"standard","meta":{"om_disable_all_campaigns":false,"_monsterinsights_skip_tracking":false,"_monsterinsights_sitenote_active":false,"_monsterinsights_sitenote_note":"","_monsterinsights_sitenote_category":0,"_uf_show_specific_survey":0,"_uf_disable_surveys":false,"jetpack_post_was_ever_published":false,"_jetpack_newsletter_access":"","_jetpack_dont_email_post_to_subs":false,"_jetpack_newsletter_tier_id":0,"_jetpack_memberships_contains_paywalled_content":false,"_jetpack_memberships_contains_paid_content":false,"footnotes":"","jetpack_publicize_message":"","jetpack_publicize_feature_enabled":true,"jetpack_social_post_already_shared":false,"jetpack_social_options":{"image_generator_settings":{"template":"highway","default_image_id":0,"font":"","enabled":false},"version":2}},"categories":[21],"tags":[],"class_list":["post-38188","post","type-post","status-publish","format-standard","has-post-thumbnail","hentry","category-locales"],"aioseo_notices":[],"views":9,"jetpack_publicize_connections":[],"jetpack_featured_media_url":"https:\/\/i0.wp.com\/elterritorialweb.com.ar\/web\/wp-content\/uploads\/2022\/04\/IMG-20220406-WA0025.jpg?fit=1156%2C868","jetpack_sharing_enabled":true,"_links":{"self":[{"href":"http:\/\/elterritorialweb.com.ar\/web\/wp-json\/wp\/v2\/posts\/38188","targetHints":{"allow":["GET"]}}],"collection":[{"href":"http:\/\/elterritorialweb.com.ar\/web\/wp-json\/wp\/v2\/posts"}],"about":[{"href":"http:\/\/elterritorialweb.com.ar\/web\/wp-json\/wp\/v2\/types\/post"}],"author":[{"embeddable":true,"href":"http:\/\/elterritorialweb.com.ar\/web\/wp-json\/wp\/v2\/users\/2"}],"replies":[{"embeddable":true,"href":"http:\/\/elterritorialweb.com.ar\/web\/wp-json\/wp\/v2\/comments?post=38188"}],"version-history":[{"count":1,"href":"http:\/\/elterritorialweb.com.ar\/web\/wp-json\/wp\/v2\/posts\/38188\/revisions"}],"predecessor-version":[{"id":38191,"href":"http:\/\/elterritorialweb.com.ar\/web\/wp-json\/wp\/v2\/posts\/38188\/revisions\/38191"}],"wp:featuredmedia":[{"embeddable":true,"href":"http:\/\/elterritorialweb.com.ar\/web\/wp-json\/wp\/v2\/media\/38190"}],"wp:attachment":[{"href":"http:\/\/elterritorialweb.com.ar\/web\/wp-json\/wp\/v2\/media?parent=38188"}],"wp:term":[{"taxonomy":"category","embeddable":true,"href":"http:\/\/elterritorialweb.com.ar\/web\/wp-json\/wp\/v2\/categories?post=38188"},{"taxonomy":"post_tag","embeddable":true,"href":"http:\/\/elterritorialweb.com.ar\/web\/wp-json\/wp\/v2\/tags?post=38188"}],"curies":[{"name":"wp","href":"https:\/\/api.w.org\/{rel}","templated":true}]}}