{"id":38195,"date":"2022-04-06T18:18:32","date_gmt":"2022-04-06T18:18:32","guid":{"rendered":"http:\/\/elterritorialweb.com.ar\/web\/?p=38195"},"modified":"2022-04-06T18:19:43","modified_gmt":"2022-04-06T18:19:43","slug":"la-escuela-para-la-innovacion-educativa-se-proyecta-a-toda-la-provincia","status":"publish","type":"post","link":"http:\/\/elterritorialweb.com.ar\/web\/la-escuela-para-la-innovacion-educativa-se-proyecta-a-toda-la-provincia\/","title":{"rendered":"LA ESCUELA PARA LA INNOVACI\u00d3N EDUCATIVA SE PROYECTA A TODA LA PROVINCIA"},"content":{"rendered":"\n<p>La Escuela para la Innovaci\u00f3n Educativa de la UNSE (EIE) anunci\u00f3 el comienzo de las clases para mayo, y se inform\u00f3 que hasta el 10 de abril estar\u00e1 abierto el per\u00edodo de inscripci\u00f3n para todos aquellos que deseen hacerlo, dentro del territorio provincial y en el resto del pa\u00eds.<\/p>\n\n\n\n<p>El director de la EIE, Francisco Muratore, dijo que este a\u00f1o hay m\u00e1s de 1000 inscriptos, y que muchos de ellos pertenecen a las sedes ubicadas fuera del conglomerado Santiago \u2013 Banda, por ejemplo Termas, Fr\u00edas y Beltr\u00e1n. Tambi\u00e9n hay inscriptos de otras provincias argentinas.<\/p>\n\n\n\n<p>Por otra parte, record\u00f3 que la EIE forma parte de las ofertas educativas que la UNSE propone a municipios y comisiones municipales, como parte de la pol\u00edtica de nuestra Universidad de facilitar el acceso a la educaci\u00f3n superior de todos los ciudadanos y ciudadanas santiague\u00f1as, estableciendo sedes departamentales.<\/p>\n\n\n\n<p>La pr\u00f3xima sede a inaugurar estar\u00e1 ubicada en la ciudad Campo Gallo, departamento Alberdi, cuyo intendente, Juan Carlos Altamirano, manifest\u00f3 que ya est\u00e1 todo listo y que s\u00f3lo falta acordar la fecha.<\/p>\n\n\n\n<p>Para m\u00e1s informaci\u00f3n e inscripciones, ingresa a la p\u00e1gina Web de la UNSE o de la propia Escuela para la Innovaci\u00f3n Educativa: www.eie.unse.edu.ar\/cmseie\/.<\/p>\n","protected":false},"excerpt":{"rendered":"<p>Las clases son ciento por ciento virtuales y la oferta educativa incluye carreras de grado, pregrado y tambi\u00e9n cursos y seminarios.<\/p>\n","protected":false},"author":2,"featured_media":38196,"comment_status":"open","ping_status":"open","sticky":false,"template":"","format":"standard","meta":{"om_disable_all_campaigns":false,"_monsterinsights_skip_tracking":false,"_monsterinsights_sitenote_active":false,"_monsterinsights_sitenote_note":"","_monsterinsights_sitenote_category":0,"_uf_show_specific_survey":0,"_uf_disable_surveys":false,"jetpack_post_was_ever_published":false,"_jetpack_newsletter_access":"","_jetpack_dont_email_post_to_subs":false,"_jetpack_newsletter_tier_id":0,"_jetpack_memberships_contains_paywalled_content":false,"_jetpack_memberships_contains_paid_content":false,"footnotes":"","jetpack_publicize_message":"","jetpack_publicize_feature_enabled":true,"jetpack_social_post_already_shared":false,"jetpack_social_options":{"image_generator_settings":{"template":"highway","default_image_id":0,"font":"","enabled":false},"version":2}},"categories":[19],"tags":[],"class_list":["post-38195","post","type-post","status-publish","format-standard","has-post-thumbnail","hentry","category-educacion"],"aioseo_notices":[],"views":10,"jetpack_publicize_connections":[],"jetpack_featured_media_url":"https:\/\/i0.wp.com\/elterritorialweb.com.ar\/web\/wp-content\/uploads\/2022\/04\/IMG-20220406-WA0030.jpg?fit=875%2C616","jetpack_sharing_enabled":true,"_links":{"self":[{"href":"http:\/\/elterritorialweb.com.ar\/web\/wp-json\/wp\/v2\/posts\/38195","targetHints":{"allow":["GET"]}}],"collection":[{"href":"http:\/\/elterritorialweb.com.ar\/web\/wp-json\/wp\/v2\/posts"}],"about":[{"href":"http:\/\/elterritorialweb.com.ar\/web\/wp-json\/wp\/v2\/types\/post"}],"author":[{"embeddable":true,"href":"http:\/\/elterritorialweb.com.ar\/web\/wp-json\/wp\/v2\/users\/2"}],"replies":[{"embeddable":true,"href":"http:\/\/elterritorialweb.com.ar\/web\/wp-json\/wp\/v2\/comments?post=38195"}],"version-history":[{"count":2,"href":"http:\/\/elterritorialweb.com.ar\/web\/wp-json\/wp\/v2\/posts\/38195\/revisions"}],"predecessor-version":[{"id":38199,"href":"http:\/\/elterritorialweb.com.ar\/web\/wp-json\/wp\/v2\/posts\/38195\/revisions\/38199"}],"wp:featuredmedia":[{"embeddable":true,"href":"http:\/\/elterritorialweb.com.ar\/web\/wp-json\/wp\/v2\/media\/38196"}],"wp:attachment":[{"href":"http:\/\/elterritorialweb.com.ar\/web\/wp-json\/wp\/v2\/media?parent=38195"}],"wp:term":[{"taxonomy":"category","embeddable":true,"href":"http:\/\/elterritorialweb.com.ar\/web\/wp-json\/wp\/v2\/categories?post=38195"},{"taxonomy":"post_tag","embeddable":true,"href":"http:\/\/elterritorialweb.com.ar\/web\/wp-json\/wp\/v2\/tags?post=38195"}],"curies":[{"name":"wp","href":"https:\/\/api.w.org\/{rel}","templated":true}]}}