{"id":38200,"date":"2022-04-06T18:53:57","date_gmt":"2022-04-06T18:53:57","guid":{"rendered":"http:\/\/elterritorialweb.com.ar\/web\/?p=38200"},"modified":"2022-04-06T18:53:58","modified_gmt":"2022-04-06T18:53:58","slug":"campana-de-vacunacion-antigripal-2022","status":"publish","type":"post","link":"http:\/\/elterritorialweb.com.ar\/web\/campana-de-vacunacion-antigripal-2022\/","title":{"rendered":"CAMPA\u00d1A DE VACUNACI\u00d3N ANTIGRIPAL 2022"},"content":{"rendered":"\n<p>Desde la <strong>cartera sanitaria provincial<\/strong> informaron que la misma <strong>est\u00e1 destinada a embarazadas en <\/strong>cualquier momento del embarazo,<strong> ni\u00f1os y ni\u00f1as de 6 a 24 meses de edad, y a ni\u00f1os y ni\u00f1as de 2 a 3 a\u00f1os de edad con factores de riesgo <\/strong>(deben presentarse con certificado m\u00e9dico). <\/p>\n\n\n\n<p>La misma se encuentra en todas las UPAS y Vacunatorios Permanentes de Ciudad Capital y de La Banda.<\/p>\n\n\n\n<p>Toda la informaci\u00f3n sobre d\u00edas y horarios de atenci\u00f3n de UPAS las encuentras en: <a href=\"https:\/\/msaludsgo.gov.ar\/web\/upas-de-capital-y-la-banda\/\"><strong>https:\/\/msaludsgo.gov.ar\/web\/upas-de-capital-y-la-banda\/<\/strong><\/a> y de los vacunatorios permanentes en: <a href=\"http:\/\/msaludsgo.gov.ar\/web\/centros-de-vacunacion-permanente-covid-19\/\"><strong>http:\/\/msaludsgo.gov.ar\/web\/centros-de-vacunacion-permanente-covid-19\/<\/strong><\/a><\/p>\n\n\n\n<p>El objetivo de la campa\u00f1a de vacunaci\u00f3n antigripal anual, busca reducir las complicaciones, hospitalizaciones, muertes y secuelas ocasionadas por la infecci\u00f3n por el virus de influenza.<\/p>\n\n\n\n<figure class=\"wp-block-image size-full\"><a href=\"https:\/\/i0.wp.com\/elterritorialweb.com.ar\/web\/wp-content\/uploads\/2022\/04\/Screenshot_20220406-1552512.png\"><img data-recalc-dims=\"1\" decoding=\"async\" width=\"640\" height=\"629\" data-src=\"https:\/\/i0.wp.com\/elterritorialweb.com.ar\/web\/wp-content\/uploads\/2022\/04\/Screenshot_20220406-1552512.png?resize=640%2C629\" alt=\"\" class=\"wp-image-38202 lazyload\" data-srcset=\"https:\/\/i0.wp.com\/elterritorialweb.com.ar\/web\/wp-content\/uploads\/2022\/04\/Screenshot_20220406-1552512.png?w=720 720w, https:\/\/i0.wp.com\/elterritorialweb.com.ar\/web\/wp-content\/uploads\/2022\/04\/Screenshot_20220406-1552512.png?resize=300%2C295 300w\" data-sizes=\"(max-width: 640px) 100vw, 640px\" src=\"data:image\/svg+xml;base64,PHN2ZyB3aWR0aD0iMSIgaGVpZ2h0PSIxIiB4bWxucz0iaHR0cDovL3d3dy53My5vcmcvMjAwMC9zdmciPjwvc3ZnPg==\" style=\"--smush-placeholder-width: 640px; --smush-placeholder-aspect-ratio: 640\/629;\" \/><\/a><\/figure>\n\n\n\n<p>Cabe destacar que en esta primera etapa de vacunaci\u00f3n antigripal se prioriza al personal de salud, embarazadas, bebes y ni\u00f1os de hasta 2 a\u00f1os, y ni\u00f1os y ni\u00f1as de hasta 3 a\u00f1os con factores de riesgo.<\/p>\n\n\n\n<p>Para finalizar informaron que pr\u00f3ximamente se continuar\u00e1 con las dem\u00e1s poblaciones de riesgo: mayores de 65 a\u00f1os y personas de 2 a 64 a\u00f1os con factores de riesgo.<\/p>\n","protected":false},"excerpt":{"rendered":"<p>El Ministerio de Salud de Santiago del Estero inform\u00f3 que ya se encuentra disponible la vacuna antigripal.<\/p>\n","protected":false},"author":2,"featured_media":38201,"comment_status":"open","ping_status":"open","sticky":false,"template":"","format":"standard","meta":{"om_disable_all_campaigns":false,"_monsterinsights_skip_tracking":false,"_monsterinsights_sitenote_active":false,"_monsterinsights_sitenote_note":"","_monsterinsights_sitenote_category":0,"_uf_show_specific_survey":0,"_uf_disable_surveys":false,"jetpack_post_was_ever_published":false,"_jetpack_newsletter_access":"","_jetpack_dont_email_post_to_subs":false,"_jetpack_newsletter_tier_id":0,"_jetpack_memberships_contains_paywalled_content":false,"_jetpack_memberships_contains_paid_content":false,"footnotes":"","jetpack_publicize_message":"","jetpack_publicize_feature_enabled":true,"jetpack_social_post_already_shared":false,"jetpack_social_options":{"image_generator_settings":{"template":"highway","default_image_id":0,"font":"","enabled":false},"version":2}},"categories":[3],"tags":[],"class_list":["post-38200","post","type-post","status-publish","format-standard","has-post-thumbnail","hentry","category-salud"],"aioseo_notices":[],"views":8,"jetpack_publicize_connections":[],"jetpack_featured_media_url":"https:\/\/i0.wp.com\/elterritorialweb.com.ar\/web\/wp-content\/uploads\/2022\/04\/6231ee97e83eb_700_387.jpg?fit=700%2C387","jetpack_sharing_enabled":true,"_links":{"self":[{"href":"http:\/\/elterritorialweb.com.ar\/web\/wp-json\/wp\/v2\/posts\/38200","targetHints":{"allow":["GET"]}}],"collection":[{"href":"http:\/\/elterritorialweb.com.ar\/web\/wp-json\/wp\/v2\/posts"}],"about":[{"href":"http:\/\/elterritorialweb.com.ar\/web\/wp-json\/wp\/v2\/types\/post"}],"author":[{"embeddable":true,"href":"http:\/\/elterritorialweb.com.ar\/web\/wp-json\/wp\/v2\/users\/2"}],"replies":[{"embeddable":true,"href":"http:\/\/elterritorialweb.com.ar\/web\/wp-json\/wp\/v2\/comments?post=38200"}],"version-history":[{"count":1,"href":"http:\/\/elterritorialweb.com.ar\/web\/wp-json\/wp\/v2\/posts\/38200\/revisions"}],"predecessor-version":[{"id":38203,"href":"http:\/\/elterritorialweb.com.ar\/web\/wp-json\/wp\/v2\/posts\/38200\/revisions\/38203"}],"wp:featuredmedia":[{"embeddable":true,"href":"http:\/\/elterritorialweb.com.ar\/web\/wp-json\/wp\/v2\/media\/38201"}],"wp:attachment":[{"href":"http:\/\/elterritorialweb.com.ar\/web\/wp-json\/wp\/v2\/media?parent=38200"}],"wp:term":[{"taxonomy":"category","embeddable":true,"href":"http:\/\/elterritorialweb.com.ar\/web\/wp-json\/wp\/v2\/categories?post=38200"},{"taxonomy":"post_tag","embeddable":true,"href":"http:\/\/elterritorialweb.com.ar\/web\/wp-json\/wp\/v2\/tags?post=38200"}],"curies":[{"name":"wp","href":"https:\/\/api.w.org\/{rel}","templated":true}]}}