{"id":38237,"date":"2022-04-08T10:37:27","date_gmt":"2022-04-08T10:37:27","guid":{"rendered":"http:\/\/elterritorialweb.com.ar\/web\/?p=38237"},"modified":"2022-04-08T10:37:28","modified_gmt":"2022-04-08T10:37:28","slug":"la-actividad-industrial-registro-en-febrero-un-incremento-de-87-interanual","status":"publish","type":"post","link":"http:\/\/elterritorialweb.com.ar\/web\/la-actividad-industrial-registro-en-febrero-un-incremento-de-87-interanual\/","title":{"rendered":"LA ACTIVIDAD INDUSTRIAL REGISTR\u00d3 EN FEBRERO UN INCREMENTO DE 8,7% INTERANUAL"},"content":{"rendered":"\n<p>El nivel de actividad industrial registr\u00f3 en febrero un incremento de 8,7 % en relaci\u00f3n a igual mes el a\u00f1o pasado, mientras la construcci\u00f3n marc\u00f3 una mejora de 8,5%, inform\u00f3 este jueves el Instituto Nacional de Estad\u00edstica y Censos (Indec).<\/p>\n\n\n\n<figure class=\"wp-block-embed is-type-rich is-provider-twitter wp-block-embed-twitter\"><div class=\"wp-block-embed__wrapper\">\n<blockquote class=\"twitter-tweet\" data-width=\"550\" data-dnt=\"true\"><p lang=\"es\" dir=\"ltr\"><a href=\"https:\/\/twitter.com\/hashtag\/DatoINDEC?src=hash&amp;ref_src=twsrc%5Etfw\">#DatoINDEC<\/a><br>La industria creci\u00f3 8,7% interanual en febrero de 2022 y 4% respecto del mes previo <a href=\"https:\/\/t.co\/s8p8dx9dtI\">https:\/\/t.co\/s8p8dx9dtI<\/a> <a href=\"https:\/\/t.co\/qD8xS4Xzar\">pic.twitter.com\/qD8xS4Xzar<\/a><\/p>&mdash; INDEC Argentina (@INDECArgentina) <a href=\"https:\/\/twitter.com\/INDECArgentina\/status\/1512144362121084934?ref_src=twsrc%5Etfw\">April 7, 2022<\/a><\/blockquote><script async src=\"https:\/\/platform.twitter.com\/widgets.js\" charset=\"utf-8\"><\/script>\n<\/div><\/figure>\n\n\n\n<p>Adem\u00e1s, el sector fabril present\u00f3 en febrero un alza del 4 % en relaci\u00f3n a enero y la construcci\u00f3n un avance de 1,7 % en igual per\u00edodo.<\/p>\n\n\n\n<figure class=\"wp-block-embed is-type-rich is-provider-twitter wp-block-embed-twitter\"><div class=\"wp-block-embed__wrapper\">\n<blockquote class=\"twitter-tweet\" data-width=\"550\" data-dnt=\"true\"><p lang=\"es\" dir=\"ltr\"><a href=\"https:\/\/twitter.com\/hashtag\/DatoINDEC?src=hash&amp;ref_src=twsrc%5Etfw\">#DatoINDEC<\/a><br>La construcci\u00f3n subi\u00f3 8,6% interanual en febrero de 2022 y 7,2% respecto del mes previo <a href=\"https:\/\/t.co\/88j849zhvV\">https:\/\/t.co\/88j849zhvV<\/a> <a href=\"https:\/\/t.co\/pqrGGg8hRp\">pic.twitter.com\/pqrGGg8hRp<\/a><\/p>&mdash; INDEC Argentina (@INDECArgentina) <a href=\"https:\/\/twitter.com\/INDECArgentina\/status\/1512143649009807367?ref_src=twsrc%5Etfw\">April 7, 2022<\/a><\/blockquote><script async src=\"https:\/\/platform.twitter.com\/widgets.js\" charset=\"utf-8\"><\/script>\n<\/div><\/figure>\n\n\n\n<p>Con estas subas, en el primer bimestre del a\u00f1o la industria acumul\u00f3 un crecimiento de 3,9% interanual, y la construcci\u00f3n, 1,5%.<\/p>\n\n\n\n<p>Con la suba de 4% registrada por el \u00cdndice de Producci\u00f3n Industrial Manufacturero (IPI) en la actividad fabril marc\u00f3 una recuperaci\u00f3n, luego de que en enero se viera afectada por diversos factores como las paradas t\u00e9cnicas, los problemas de dotaci\u00f3n de personal por el rebrote de Covid y problemas de suministro de energ\u00eda por la ola de calor, entre otros motivos.<\/p>\n\n\n\n<p>De esta forma, el nivel de la industria en febrero de 2022 se ubic\u00f3 10,4% por encima de igual mes de 2020, y 9,7% respecto de igual per\u00edodo de 2019 y en niveles similares a los febrero 2018.<\/p>\n\n\n\n<p>Durante el segundo mes del corriente a\u00f1o crecieron de forma interanual 15 de los 16 sectores relevados, frente a siete del mes previo.<\/p>\n\n\n\n<p>En febrero el \u00fanico sector que tuvo resultado negativo fue \u201cRefinaci\u00f3n de petr\u00f3leo\u201d, con una baja de 4,8%<\/p>\n\n\n\n<p>Las mayores subas nuevamente se registraron en Otro equipo de transporte, con el 54,2% interanual y un aporte 0,2 puntos porcentuales (p.p.-) en el indicador final; Veh\u00edculos automotores, 29,6%; y Prendas de vestir, cuero y calzado, 28,6%.<\/p>\n\n\n\n<p>Tambi\u00e9n se anotaron subas Maquinaria y equipo, con una mejora del 26% interanual. Este este \u00faltimo sector, junto con Qu\u00edmicos, 11,1%; y Alimentos y bebidas, 4,4%, fueron rubros que m\u00e1s aportaron al crecimiento del 8,7% que marc\u00f3 la actividad fabril en febrero.<\/p>\n\n\n\n<p>En cuanto al sector de la construcci\u00f3n, con la suba del 8,5% de febrero, alcanz\u00f3 un nivel 29,9% superior al de igual mes de 2020 (pre-Covid).<\/p>\n\n\n\n<p>En el segundo mes del corriente a\u00f1o crecieron en t\u00e9rminos interanuales las ventas en 9 de los 13 insumos relevados para la medici\u00f3n.<\/p>\n\n\n\n<p>Lideraron el crecimiento los despachos de Asfalto con el 51,2% interanual; Resto, 47,7%, donde se incluyen tubos sin costura, vidrio y grifer\u00eda, y Mosaicos, con el 22,1%.<\/p>\n\n\n\n<p>Los insumos con mayores ca\u00eddas fueron Pinturas, -4,7%, Ladrillos, -3%, y Placas de Yeso, -1,2%.<\/p>\n\n\n\n<p>En el plano cualitativo, el 29,5% de las empresas dedicadas a la construcci\u00f3n privada y el 45,3% de las firmas dedicadas a la obra p\u00fablica proyectaron una mejora en el nivel de actividad para el trimestre marzo-abril-mayo.<\/p>\n\n\n\n<p>En tanto, creen que la actividad caer\u00e1 el 8,2% de las empresas dedicadas a la construcci\u00f3n privada y el 4% de las compa\u00f1\u00edas que se desempe\u00f1an en la obra p\u00fablica.<\/p>\n\n\n\n<p>El \u00cdndice de producci\u00f3n industrial manufacturero (IPI manufacturero) incluye un exhaustivo relevamiento de todas las actividades econ\u00f3micas que conforman el sector de la industria manufacturera, con cobertura para el total del pa\u00eds. Este indicador mide la evoluci\u00f3n del sector con periodicidad mensual y se calcula a partir de las variables de producci\u00f3n en unidades f\u00edsicas, ventas en unidades f\u00edsicas, utilizaci\u00f3n de insumos en unidades f\u00edsicas, consumo aparente en unidades f\u00edsicas, cantidad de horas trabajadas del personal afectado al proceso productivo y ventas a precios corrientes deflactadas.<\/p>\n\n\n\n<p>Por su parte, el Indicador sint\u00e9tico de la actividad de la construcci\u00f3n (ISAC) refleja la evoluci\u00f3n del sector tomando como referencia los consumos aparentes de insumos requeridos en la construcci\u00f3n.<\/p>\n\n\n\n<p><a href=\"javascript:void();\"><\/a><\/p>\n","protected":false},"excerpt":{"rendered":"<p>Con los datos anunciados del Instituto Nacional de Estad\u00edstica y Censos, en el primer bimestre del a\u00f1o la industria acumul\u00f3 un crecimiento de 3,9% interanual, y la construcci\u00f3n, 1,5%.<\/p>\n","protected":false},"author":2,"featured_media":38238,"comment_status":"open","ping_status":"open","sticky":false,"template":"","format":"standard","meta":{"om_disable_all_campaigns":false,"_monsterinsights_skip_tracking":false,"_monsterinsights_sitenote_active":false,"_monsterinsights_sitenote_note":"","_monsterinsights_sitenote_category":0,"_uf_show_specific_survey":0,"_uf_disable_surveys":false,"jetpack_post_was_ever_published":false,"_jetpack_newsletter_access":"","_jetpack_dont_email_post_to_subs":false,"_jetpack_newsletter_tier_id":0,"_jetpack_memberships_contains_paywalled_content":false,"_jetpack_memberships_contains_paid_content":false,"footnotes":"","jetpack_publicize_message":"","jetpack_publicize_feature_enabled":true,"jetpack_social_post_already_shared":false,"jetpack_social_options":{"image_generator_settings":{"template":"highway","default_image_id":0,"font":"","enabled":false},"version":2}},"categories":[2],"tags":[],"class_list":["post-38237","post","type-post","status-publish","format-standard","has-post-thumbnail","hentry","category-economia"],"aioseo_notices":[],"views":5,"jetpack_publicize_connections":[],"jetpack_featured_media_url":"https:\/\/i0.wp.com\/elterritorialweb.com.ar\/web\/wp-content\/uploads\/2022\/04\/indec-696x391-1.jpg?fit=696%2C391","jetpack_sharing_enabled":true,"_links":{"self":[{"href":"http:\/\/elterritorialweb.com.ar\/web\/wp-json\/wp\/v2\/posts\/38237","targetHints":{"allow":["GET"]}}],"collection":[{"href":"http:\/\/elterritorialweb.com.ar\/web\/wp-json\/wp\/v2\/posts"}],"about":[{"href":"http:\/\/elterritorialweb.com.ar\/web\/wp-json\/wp\/v2\/types\/post"}],"author":[{"embeddable":true,"href":"http:\/\/elterritorialweb.com.ar\/web\/wp-json\/wp\/v2\/users\/2"}],"replies":[{"embeddable":true,"href":"http:\/\/elterritorialweb.com.ar\/web\/wp-json\/wp\/v2\/comments?post=38237"}],"version-history":[{"count":1,"href":"http:\/\/elterritorialweb.com.ar\/web\/wp-json\/wp\/v2\/posts\/38237\/revisions"}],"predecessor-version":[{"id":38239,"href":"http:\/\/elterritorialweb.com.ar\/web\/wp-json\/wp\/v2\/posts\/38237\/revisions\/38239"}],"wp:featuredmedia":[{"embeddable":true,"href":"http:\/\/elterritorialweb.com.ar\/web\/wp-json\/wp\/v2\/media\/38238"}],"wp:attachment":[{"href":"http:\/\/elterritorialweb.com.ar\/web\/wp-json\/wp\/v2\/media?parent=38237"}],"wp:term":[{"taxonomy":"category","embeddable":true,"href":"http:\/\/elterritorialweb.com.ar\/web\/wp-json\/wp\/v2\/categories?post=38237"},{"taxonomy":"post_tag","embeddable":true,"href":"http:\/\/elterritorialweb.com.ar\/web\/wp-json\/wp\/v2\/tags?post=38237"}],"curies":[{"name":"wp","href":"https:\/\/api.w.org\/{rel}","templated":true}]}}