{"id":38241,"date":"2022-04-08T14:44:34","date_gmt":"2022-04-08T14:44:34","guid":{"rendered":"http:\/\/elterritorialweb.com.ar\/web\/?p=38241"},"modified":"2022-04-08T14:44:35","modified_gmt":"2022-04-08T14:44:35","slug":"maximo-kirchner-la-derrota-del-peronismo-en-el-2015-le-salio-caro-a-todos-los-argentinos","status":"publish","type":"post","link":"http:\/\/elterritorialweb.com.ar\/web\/maximo-kirchner-la-derrota-del-peronismo-en-el-2015-le-salio-caro-a-todos-los-argentinos\/","title":{"rendered":"M\u00c1XIMO KIRCHNER: \u00abLA DERROTA DEL PERONISMO EN EL 2015, LE SALI\u00d3 CARO A TODOS LOS ARGENTINOS\u00bb"},"content":{"rendered":"\n<p>El presidente del Partido Justicialista (PJ) bonaerense,&nbsp;<strong>M\u00e1ximo Kirchner<\/strong>, se\u00f1al\u00f3 el jueves que el triunfo de Mauricio Macri como presidente en 2015 \u00able sali\u00f3 caro a todos los argentinos\u00bb y llev\u00f3 al pueblo \u00aba un infierno\u00bb, de donde el peronismo \u00ablo hab\u00eda sacado en 2003\u00bb.<\/p>\n\n\n\n<p><strong>\u00abLa derrota del peronismo en 2015 le sali\u00f3 cara a todos los argentinos y argentinas, piensen como piensen, no solo a los peronistas. Esa derrota, a nuestro pueblo, lo llev\u00f3 a un infierno que el mismo peronismo lo hab\u00eda sacado en 2003. No se confundan, no perdi\u00f3 el peronismo. Perdimos todos y todas\u00bb<\/strong>, expres\u00f3 en el marco del multitudinario acto donde juraron las nuevas autoridades del Partido Justicialista en Merlo, con fuerte presencia de dirigentes de la primera secci\u00f3n electoral.<\/p>\n\n\n\n<p>En l\u00ednea con eso, dijo: \u00abHoy ve\u00eda una foto que mostraba dos personas sonrientes que se hab\u00edan juntado en el pa\u00eds del norte. El ex presidente de Estados Unidos (Donald Trump) y el ex presidente (argentino, Mauricio) Macri, y no pod\u00eda dejar de pensar lo que le pasa hoy a nuestro pueblo, a nuestras ciudadanas y ciudadanos, a los vecinos y vecinas de Merlo. No pod\u00eda dejar de pensar en c\u00f3mo endeudaron a nuestro pa\u00eds, a nuestra Argentina\u00bb.<\/p>\n\n\n\n<p>Y record\u00f3 las palabras de su padre y ex presidente, N\u00e9stor Kirchner:\u00a0<strong>\u00abN\u00e9stor dec\u00eda lo que estaba pasando, no dec\u00eda que estaba todo bien. Dec\u00eda: estamos en el infierno y que el primer objetivo era el purgatorio para solucionar el hambre y la pobreza\u00bb<\/strong>.<\/p>\n\n\n\n<p>\u00abEl duro contexto que vivimos hoy comenz\u00f3 a generarse cuando Macri asumi\u00f3 la presidencia y lo he dicho y lo seguir\u00e9 diciendo en cada lugar pero, eso no puede servir de excusa para afrontar la realidad y solucionar los problemas que tiene hoy nuestro pa\u00eds. Porque hemos sido elegidos para representar a nuestro pueblo, nos presentarnos en elecciones para que la gente nos elija y estamos ac\u00e1 porque queremos estar, y tenemos que estar dispuestos a hacerlo.&nbsp;<strong>Porque quienes nos acompa\u00f1aron fueron los que dieron todo durante el macrismo, ahora nos toca a nosotros defenderlos de quienes abusan y suben los precios\u00bb<\/strong>, marc\u00f3.<\/p>\n\n\n\n<p>Al respecto, record\u00f3 que \u00abla semana que viene se va a conocer la inflaci\u00f3n\u00bb y \u00abser\u00e1 muy duro, es compleja la situaci\u00f3n que nos toca pasar, tenemos que tener la inteligencia y la voluntad suficiente para defender a nuestro pueblo\u201d.<\/p>\n\n\n\n<p>\u201cDurante el 2017 la gente estuvo al lado de Cristina y nosotros no podemos hacer ninguna cosa m\u00e1s que estar al lado de ellos para poner l\u00edmites a los que abusan con los precios y juegan con el hambre de nuestra gente gracias al amparo medi\u00e1tico. \u00bfC\u00f3mo puede ser que no entiendan que est\u00e1 faltando la comida en la mesa de los argentinos y argentinas? Hay que ser m\u00e1s generosos, hay que dejar de quejarse por si cortan una calle \u00bfPero qu\u00e9 quieren que hagan? Hay que hacerse cargo de la gesti\u00f3n, de la comida, del trabajo, de la seguridad. Hay que cortarla con las pendejadas de la televisi\u00f3n y solucionar este complejo momento\u00bb, a\u00f1adi\u00f3.<\/p>\n\n\n\n<p>Adem\u00e1s, indic\u00f3: \u00abTengo claro que el gobierno ha hecho cosas para bancar los sueldos de los trabajadores en la pandemia para que no se rompiera el v\u00ednculo laboral y ah\u00ed tambi\u00e9n los trabajadores cedieron parte de su salario, \u00bfqu\u00e9 les pasa ahora que no hay pandemia que les cuesta a los empresarios dar algo ahora para los trabajadores que lo dieron todo?\u00bb.<\/p>\n\n\n\n<p>\u00abDespu\u00e9s de tanta tragedia y soledad que trajo la pandemia les pido que como militantes pol\u00edticos, como peronistas estemos cerca de nuestra gente, ayudemos, debemos dar todas las peleas. Yo quiero que a nuestro gobierno le vaya bien porque permite que le va a ir bien a nuestra gente\u00bb, agreg\u00f3.<\/p>\n\n\n\n<p>El diputado Kirchner adem\u00e1s pidi\u00f3 defender a los trabajadores y trabajadoras y a todas las mujeres del conurbano que \u00abpararon la olla durante la Pandemia para que no falte la comida en las casas. Eso las dirigencias porte\u00f1as no lo entienden, porque para ellos el conurbano es un lugar desconocido al que deciden ingresar por las pantallas de TV\u00bb.<\/p>\n\n\n\n<p>\u00abHay que saber pararse y defender las convicciones aunque los diarios y la tele te diga otra cosa, porque esos canales y esos diarios, esos periodistas fueron los que trajeron a Macri a la presidencia minti\u00e9ndole al pueblo sobre lo que iba a hacer. Mientras Macri sonr\u00ede en Estados Unidos, el pueblo no puede llegar a fin de mes\u00bb, marc\u00f3.<\/p>\n\n\n\n<p>Junto al diputado nacional y presidente del PJ bonaerense, M\u00e1ximo Kirchner, se encontraba el nuevo presidente del PJ de Merlo,\u00a0<strong>Gustavo Men\u00e9ndez<\/strong>; la intendenta local\u00a0<strong>Karina Men\u00e9ndez<\/strong>; el jefe de gabinete bonaerense,\u00a0<strong>Martin Insaurralde<\/strong>; el presidente de la C\u00e1mara de Diputados de la provincia,\u00a0<strong>Federico Otermin<\/strong>; y el presidente saliente del PJ local,\u00a0<strong>Eduardo Alessi<\/strong>.<\/p>\n\n\n\n<p>Tambi\u00e9n estaban, entre otras autoridades locales y provinciales, la ministra de Gobierno,\u00a0<strong>Cristina \u00c1lvarez Rodr\u00edguez<\/strong>; la senadora\u00a0<strong>Teresa Garc\u00eda<\/strong>; los intendentes\u00a0<strong>Dami\u00e1n Selci<\/strong>,\u00a0<strong>Hern\u00e1n Yzurieta<\/strong>,\u00a0<strong>Marisa Fassi<\/strong>,\u00a0<strong>Mariel Fern\u00e1ndez<\/strong>,\u00a0<strong>Nicol\u00e1s Mantegazza<\/strong>,\u00a0<strong>Marina Lesci<\/strong>\u00a0y\u00a0<strong>Facundo D\u00edaz<\/strong>.<\/p>\n","protected":false},"excerpt":{"rendered":"<p>El presidente del PJ bonaerense dijo que el triunfo de Mauricio Macri como presidente en 2015 llev\u00f3 al pueblo \u00aba un infierno\u00bb, de donde el peronismo \u00ablo hab\u00eda sacado en 2003\u00bb. Fue en un multitudinario acto donde juraron las nuevas autoridades del Partido Justicialista en Merlo.<\/p>\n","protected":false},"author":2,"featured_media":38242,"comment_status":"open","ping_status":"open","sticky":false,"template":"","format":"standard","meta":{"om_disable_all_campaigns":false,"_monsterinsights_skip_tracking":false,"_monsterinsights_sitenote_active":false,"_monsterinsights_sitenote_note":"","_monsterinsights_sitenote_category":0,"_uf_show_specific_survey":0,"_uf_disable_surveys":false,"jetpack_post_was_ever_published":false,"_jetpack_newsletter_access":"","_jetpack_dont_email_post_to_subs":false,"_jetpack_newsletter_tier_id":0,"_jetpack_memberships_contains_paywalled_content":false,"_jetpack_memberships_contains_paid_content":false,"footnotes":"","jetpack_publicize_message":"","jetpack_publicize_feature_enabled":true,"jetpack_social_post_already_shared":false,"jetpack_social_options":{"image_generator_settings":{"template":"highway","default_image_id":0,"font":"","enabled":false},"version":2}},"categories":[18],"tags":[],"class_list":["post-38241","post","type-post","status-publish","format-standard","has-post-thumbnail","hentry","category-politica"],"aioseo_notices":[],"views":7,"jetpack_publicize_connections":[],"jetpack_featured_media_url":"https:\/\/i0.wp.com\/elterritorialweb.com.ar\/web\/wp-content\/uploads\/2022\/04\/6250199291603_900.jpg?fit=900%2C506","jetpack_sharing_enabled":true,"_links":{"self":[{"href":"http:\/\/elterritorialweb.com.ar\/web\/wp-json\/wp\/v2\/posts\/38241","targetHints":{"allow":["GET"]}}],"collection":[{"href":"http:\/\/elterritorialweb.com.ar\/web\/wp-json\/wp\/v2\/posts"}],"about":[{"href":"http:\/\/elterritorialweb.com.ar\/web\/wp-json\/wp\/v2\/types\/post"}],"author":[{"embeddable":true,"href":"http:\/\/elterritorialweb.com.ar\/web\/wp-json\/wp\/v2\/users\/2"}],"replies":[{"embeddable":true,"href":"http:\/\/elterritorialweb.com.ar\/web\/wp-json\/wp\/v2\/comments?post=38241"}],"version-history":[{"count":1,"href":"http:\/\/elterritorialweb.com.ar\/web\/wp-json\/wp\/v2\/posts\/38241\/revisions"}],"predecessor-version":[{"id":38243,"href":"http:\/\/elterritorialweb.com.ar\/web\/wp-json\/wp\/v2\/posts\/38241\/revisions\/38243"}],"wp:featuredmedia":[{"embeddable":true,"href":"http:\/\/elterritorialweb.com.ar\/web\/wp-json\/wp\/v2\/media\/38242"}],"wp:attachment":[{"href":"http:\/\/elterritorialweb.com.ar\/web\/wp-json\/wp\/v2\/media?parent=38241"}],"wp:term":[{"taxonomy":"category","embeddable":true,"href":"http:\/\/elterritorialweb.com.ar\/web\/wp-json\/wp\/v2\/categories?post=38241"},{"taxonomy":"post_tag","embeddable":true,"href":"http:\/\/elterritorialweb.com.ar\/web\/wp-json\/wp\/v2\/tags?post=38241"}],"curies":[{"name":"wp","href":"https:\/\/api.w.org\/{rel}","templated":true}]}}