{"id":38339,"date":"2022-04-11T02:56:50","date_gmt":"2022-04-11T02:56:50","guid":{"rendered":"http:\/\/elterritorialweb.com.ar\/web\/?p=38339"},"modified":"2022-04-11T03:16:39","modified_gmt":"2022-04-11T03:16:39","slug":"en-una-tarde-para-el-olvido-central-cordoba-fue-goleado-por-estudiantes-de-la-plata","status":"publish","type":"post","link":"http:\/\/elterritorialweb.com.ar\/web\/en-una-tarde-para-el-olvido-central-cordoba-fue-goleado-por-estudiantes-de-la-plata\/","title":{"rendered":"EN UNA TARDE PARA EL OLVIDO, CENTRAL C\u00d3RDOBA FUE GOLEADO POR ESTUDIANTES DE LA PLATA"},"content":{"rendered":"\n<p>Estudiantes gole\u00f3 por 5 a 0 a Central C\u00f3rdoba de Santiago del Estero en el estadio Uno, con tres goles de Mauro Boselli, uno de Leandro D\u00edaz y uno de Gustavo Del Prete para quedar como l\u00edder en la Zona B de la Copa de la Liga Profesional de f\u00fatbol de Primera Divisi\u00f3n.<\/p>\n\n\n\n<figure class=\"wp-block-image size-large\"><a href=\"https:\/\/i0.wp.com\/elterritorialweb.com.ar\/web\/wp-content\/uploads\/2022\/04\/IMG-20220410-WA0029.jpg\"><img data-recalc-dims=\"1\" decoding=\"async\" width=\"640\" height=\"427\" data-src=\"https:\/\/i0.wp.com\/elterritorialweb.com.ar\/web\/wp-content\/uploads\/2022\/04\/IMG-20220410-WA0029.jpg?resize=640%2C427\" alt=\"\" class=\"wp-image-38342 lazyload\" data-srcset=\"https:\/\/i0.wp.com\/elterritorialweb.com.ar\/web\/wp-content\/uploads\/2022\/04\/IMG-20220410-WA0029.jpg?resize=1024%2C683 1024w, https:\/\/i0.wp.com\/elterritorialweb.com.ar\/web\/wp-content\/uploads\/2022\/04\/IMG-20220410-WA0029.jpg?resize=300%2C200 300w, https:\/\/i0.wp.com\/elterritorialweb.com.ar\/web\/wp-content\/uploads\/2022\/04\/IMG-20220410-WA0029.jpg?resize=768%2C512 768w, https:\/\/i0.wp.com\/elterritorialweb.com.ar\/web\/wp-content\/uploads\/2022\/04\/IMG-20220410-WA0029.jpg?w=1124 1124w\" data-sizes=\"(max-width: 640px) 100vw, 640px\" src=\"data:image\/svg+xml;base64,PHN2ZyB3aWR0aD0iMSIgaGVpZ2h0PSIxIiB4bWxucz0iaHR0cDovL3d3dy53My5vcmcvMjAwMC9zdmciPjwvc3ZnPg==\" style=\"--smush-placeholder-width: 640px; --smush-placeholder-aspect-ratio: 640\/427;\" \/><\/a><\/figure>\n\n\n\n<p>Ahora, Estudiantes viajar\u00e1 a Montevideo para visitar el mi\u00e9rcoles a Nacional por la segunda presentaci\u00f3n por Copa Libertadores de Am\u00e9rica.<\/p>\n\n\n\n<figure class=\"wp-block-image size-large\"><a href=\"https:\/\/i0.wp.com\/elterritorialweb.com.ar\/web\/wp-content\/uploads\/2022\/04\/IMG-20220410-WA0030.jpg\"><img data-recalc-dims=\"1\" decoding=\"async\" width=\"640\" height=\"554\" data-src=\"https:\/\/i0.wp.com\/elterritorialweb.com.ar\/web\/wp-content\/uploads\/2022\/04\/IMG-20220410-WA0030.jpg?resize=640%2C554\" alt=\"\" class=\"wp-image-38343 lazyload\" data-srcset=\"https:\/\/i0.wp.com\/elterritorialweb.com.ar\/web\/wp-content\/uploads\/2022\/04\/IMG-20220410-WA0030.jpg?resize=1024%2C886 1024w, https:\/\/i0.wp.com\/elterritorialweb.com.ar\/web\/wp-content\/uploads\/2022\/04\/IMG-20220410-WA0030.jpg?resize=300%2C260 300w, https:\/\/i0.wp.com\/elterritorialweb.com.ar\/web\/wp-content\/uploads\/2022\/04\/IMG-20220410-WA0030.jpg?resize=768%2C665 768w, https:\/\/i0.wp.com\/elterritorialweb.com.ar\/web\/wp-content\/uploads\/2022\/04\/IMG-20220410-WA0030.jpg?w=1280 1280w\" data-sizes=\"(max-width: 640px) 100vw, 640px\" src=\"data:image\/svg+xml;base64,PHN2ZyB3aWR0aD0iMSIgaGVpZ2h0PSIxIiB4bWxucz0iaHR0cDovL3d3dy53My5vcmcvMjAwMC9zdmciPjwvc3ZnPg==\" style=\"--smush-placeholder-width: 640px; --smush-placeholder-aspect-ratio: 640\/554;\" \/><\/a><\/figure>\n\n\n\n<p>Central C\u00f3rdoba lo complic\u00f3 en el primer tramo del partido a un Estudiantes que comenz\u00f3 impreciso y a los 7 Mart\u00ednez le gan\u00f3 la espalda a Castro y Ria\u00f1o la empuj\u00f3 a la red. El asistente 1 Diego Bonf\u00e1 marc\u00f3 offside que revalid\u00f3 el VAR en una jugada milim\u00e9trica.<\/p>\n\n\n\n<figure class=\"wp-block-image size-large\"><a href=\"https:\/\/i0.wp.com\/elterritorialweb.com.ar\/web\/wp-content\/uploads\/2022\/04\/IMG-20220410-WA0025.jpg\"><img data-recalc-dims=\"1\" decoding=\"async\" width=\"640\" height=\"427\" data-src=\"https:\/\/i0.wp.com\/elterritorialweb.com.ar\/web\/wp-content\/uploads\/2022\/04\/IMG-20220410-WA0025.jpg?resize=640%2C427\" alt=\"\" class=\"wp-image-38346 lazyload\" data-srcset=\"https:\/\/i0.wp.com\/elterritorialweb.com.ar\/web\/wp-content\/uploads\/2022\/04\/IMG-20220410-WA0025.jpg?resize=1024%2C683 1024w, https:\/\/i0.wp.com\/elterritorialweb.com.ar\/web\/wp-content\/uploads\/2022\/04\/IMG-20220410-WA0025.jpg?resize=300%2C200 300w, https:\/\/i0.wp.com\/elterritorialweb.com.ar\/web\/wp-content\/uploads\/2022\/04\/IMG-20220410-WA0025.jpg?resize=768%2C512 768w, https:\/\/i0.wp.com\/elterritorialweb.com.ar\/web\/wp-content\/uploads\/2022\/04\/IMG-20220410-WA0025.jpg?w=1124 1124w\" data-sizes=\"(max-width: 640px) 100vw, 640px\" src=\"data:image\/svg+xml;base64,PHN2ZyB3aWR0aD0iMSIgaGVpZ2h0PSIxIiB4bWxucz0iaHR0cDovL3d3dy53My5vcmcvMjAwMC9zdmciPjwvc3ZnPg==\" style=\"--smush-placeholder-width: 640px; --smush-placeholder-aspect-ratio: 640\/427;\" \/><\/a><\/figure>\n\n\n\n<p>A loa 15, L\u00f3pez lo perdi\u00f3 mano a mano con And\u00fajar y a los santiague\u00f1os les falt\u00f3 eficacia, y Estudiantes no lo perdon\u00f3.<\/p>\n\n\n\n<figure class=\"wp-block-image size-large\"><a href=\"https:\/\/i0.wp.com\/elterritorialweb.com.ar\/web\/wp-content\/uploads\/2022\/04\/IMG-20220410-WA0028.jpg\"><img data-recalc-dims=\"1\" decoding=\"async\" width=\"640\" height=\"613\" data-src=\"https:\/\/i0.wp.com\/elterritorialweb.com.ar\/web\/wp-content\/uploads\/2022\/04\/IMG-20220410-WA0028.jpg?resize=640%2C613\" alt=\"\" class=\"wp-image-38348 lazyload\" data-srcset=\"https:\/\/i0.wp.com\/elterritorialweb.com.ar\/web\/wp-content\/uploads\/2022\/04\/IMG-20220410-WA0028.jpg?resize=1024%2C980 1024w, https:\/\/i0.wp.com\/elterritorialweb.com.ar\/web\/wp-content\/uploads\/2022\/04\/IMG-20220410-WA0028.jpg?resize=300%2C287 300w, https:\/\/i0.wp.com\/elterritorialweb.com.ar\/web\/wp-content\/uploads\/2022\/04\/IMG-20220410-WA0028.jpg?resize=768%2C735 768w, https:\/\/i0.wp.com\/elterritorialweb.com.ar\/web\/wp-content\/uploads\/2022\/04\/IMG-20220410-WA0028.jpg?w=1280 1280w\" data-sizes=\"(max-width: 640px) 100vw, 640px\" src=\"data:image\/svg+xml;base64,PHN2ZyB3aWR0aD0iMSIgaGVpZ2h0PSIxIiB4bWxucz0iaHR0cDovL3d3dy53My5vcmcvMjAwMC9zdmciPjwvc3ZnPg==\" style=\"--smush-placeholder-width: 640px; --smush-placeholder-aspect-ratio: 640\/613;\" \/><\/a><\/figure>\n\n\n\n<p>Zuqui, a los 21, inici\u00f3 con un lujo una jugada en la mitad de la cancha, se prolong\u00f3 en M\u00e1s, otra vez Zuqui que puso una pelota a espaldas de los centrales, que Boselli dej\u00f3 con desairado al arquero Toselli, con el pecho y con la zurda, empuj\u00f3 el bal\u00f3n a la red.<\/p>\n\n\n\n<figure class=\"wp-block-image size-large\"><a href=\"https:\/\/i0.wp.com\/elterritorialweb.com.ar\/web\/wp-content\/uploads\/2022\/04\/IMG-20220410-WA0024.jpg\"><img data-recalc-dims=\"1\" decoding=\"async\" width=\"640\" height=\"509\" data-src=\"https:\/\/i0.wp.com\/elterritorialweb.com.ar\/web\/wp-content\/uploads\/2022\/04\/IMG-20220410-WA0024.jpg?resize=640%2C509\" alt=\"\" class=\"wp-image-38352 lazyload\" data-srcset=\"https:\/\/i0.wp.com\/elterritorialweb.com.ar\/web\/wp-content\/uploads\/2022\/04\/IMG-20220410-WA0024.jpg?resize=1024%2C815 1024w, https:\/\/i0.wp.com\/elterritorialweb.com.ar\/web\/wp-content\/uploads\/2022\/04\/IMG-20220410-WA0024.jpg?resize=300%2C239 300w, https:\/\/i0.wp.com\/elterritorialweb.com.ar\/web\/wp-content\/uploads\/2022\/04\/IMG-20220410-WA0024.jpg?resize=768%2C611 768w, https:\/\/i0.wp.com\/elterritorialweb.com.ar\/web\/wp-content\/uploads\/2022\/04\/IMG-20220410-WA0024.jpg?w=1280 1280w\" data-sizes=\"(max-width: 640px) 100vw, 640px\" src=\"data:image\/svg+xml;base64,PHN2ZyB3aWR0aD0iMSIgaGVpZ2h0PSIxIiB4bWxucz0iaHR0cDovL3d3dy53My5vcmcvMjAwMC9zdmciPjwvc3ZnPg==\" style=\"--smush-placeholder-width: 640px; --smush-placeholder-aspect-ratio: 640\/509;\" \/><\/a><\/figure>\n\n\n\n<p>El visitante sinti\u00f3 el impacto y a los 29 sufri\u00f3 la segunda ca\u00edda. Tiro libre de Zuqui, Boselli apareci\u00f3 solo y, de cabeza, la coloc\u00f3 contra un palo y lejos del arquero para poner el 2 a 0.<\/p>\n\n\n\n<figure class=\"wp-block-image size-large\"><a href=\"https:\/\/i0.wp.com\/elterritorialweb.com.ar\/web\/wp-content\/uploads\/2022\/04\/IMG-20220410-WA0020.jpg\"><img data-recalc-dims=\"1\" decoding=\"async\" width=\"640\" height=\"473\" data-src=\"https:\/\/i0.wp.com\/elterritorialweb.com.ar\/web\/wp-content\/uploads\/2022\/04\/IMG-20220410-WA0020.jpg?resize=640%2C473\" alt=\"\" class=\"wp-image-38357 lazyload\" data-srcset=\"https:\/\/i0.wp.com\/elterritorialweb.com.ar\/web\/wp-content\/uploads\/2022\/04\/IMG-20220410-WA0020.jpg?resize=1024%2C757 1024w, https:\/\/i0.wp.com\/elterritorialweb.com.ar\/web\/wp-content\/uploads\/2022\/04\/IMG-20220410-WA0020.jpg?resize=300%2C222 300w, https:\/\/i0.wp.com\/elterritorialweb.com.ar\/web\/wp-content\/uploads\/2022\/04\/IMG-20220410-WA0020.jpg?resize=768%2C568 768w, https:\/\/i0.wp.com\/elterritorialweb.com.ar\/web\/wp-content\/uploads\/2022\/04\/IMG-20220410-WA0020.jpg?w=1280 1280w\" data-sizes=\"(max-width: 640px) 100vw, 640px\" src=\"data:image\/svg+xml;base64,PHN2ZyB3aWR0aD0iMSIgaGVpZ2h0PSIxIiB4bWxucz0iaHR0cDovL3d3dy53My5vcmcvMjAwMC9zdmciPjwvc3ZnPg==\" style=\"--smush-placeholder-width: 640px; --smush-placeholder-aspect-ratio: 640\/473;\" \/><\/a><\/figure>\n\n\n\n<p>En el complemento, Estudiantes fue una aplanadora y liquid\u00f3 a su oponente. A los 14 remat\u00f3 Zapiola, tap\u00f3 Boselli y D\u00edaz lo perdi\u00f3 en el rebote.<\/p>\n\n\n\n<figure class=\"wp-block-image size-large\"><a href=\"https:\/\/i0.wp.com\/elterritorialweb.com.ar\/web\/wp-content\/uploads\/2022\/04\/IMG-20220410-WA0022.jpg\"><img data-recalc-dims=\"1\" decoding=\"async\" width=\"640\" height=\"526\" data-src=\"https:\/\/i0.wp.com\/elterritorialweb.com.ar\/web\/wp-content\/uploads\/2022\/04\/IMG-20220410-WA0022.jpg?resize=640%2C526\" alt=\"\" class=\"wp-image-38355 lazyload\" data-srcset=\"https:\/\/i0.wp.com\/elterritorialweb.com.ar\/web\/wp-content\/uploads\/2022\/04\/IMG-20220410-WA0022.jpg?resize=1024%2C841 1024w, https:\/\/i0.wp.com\/elterritorialweb.com.ar\/web\/wp-content\/uploads\/2022\/04\/IMG-20220410-WA0022.jpg?resize=300%2C246 300w, https:\/\/i0.wp.com\/elterritorialweb.com.ar\/web\/wp-content\/uploads\/2022\/04\/IMG-20220410-WA0022.jpg?resize=768%2C631 768w, https:\/\/i0.wp.com\/elterritorialweb.com.ar\/web\/wp-content\/uploads\/2022\/04\/IMG-20220410-WA0022.jpg?w=1280 1280w\" data-sizes=\"(max-width: 640px) 100vw, 640px\" src=\"data:image\/svg+xml;base64,PHN2ZyB3aWR0aD0iMSIgaGVpZ2h0PSIxIiB4bWxucz0iaHR0cDovL3d3dy53My5vcmcvMjAwMC9zdmciPjwvc3ZnPg==\" style=\"--smush-placeholder-width: 640px; --smush-placeholder-aspect-ratio: 640\/526;\" \/><\/a><\/figure>\n\n\n\n<p>A los 16 el conjunto del \u00abruso\u00bb Zielinski aument\u00f3 la diferencia y lo dej\u00f3 sin chances de reaccionar al rival. Centro pasado de Castro, la baj\u00f3 Boselli en el segundo palo y D\u00edaz de cabeza puso el 3 a 0.<\/p>\n\n\n\n<figure class=\"wp-block-image size-large\"><a href=\"https:\/\/i0.wp.com\/elterritorialweb.com.ar\/web\/wp-content\/uploads\/2022\/04\/IMG-20220410-WA0021.jpg\"><img data-recalc-dims=\"1\" decoding=\"async\" width=\"640\" height=\"427\" data-src=\"https:\/\/i0.wp.com\/elterritorialweb.com.ar\/web\/wp-content\/uploads\/2022\/04\/IMG-20220410-WA0021.jpg?resize=640%2C427\" alt=\"\" class=\"wp-image-38364 lazyload\" data-srcset=\"https:\/\/i0.wp.com\/elterritorialweb.com.ar\/web\/wp-content\/uploads\/2022\/04\/IMG-20220410-WA0021.jpg?resize=1024%2C683 1024w, https:\/\/i0.wp.com\/elterritorialweb.com.ar\/web\/wp-content\/uploads\/2022\/04\/IMG-20220410-WA0021.jpg?resize=300%2C200 300w, https:\/\/i0.wp.com\/elterritorialweb.com.ar\/web\/wp-content\/uploads\/2022\/04\/IMG-20220410-WA0021.jpg?resize=768%2C512 768w, https:\/\/i0.wp.com\/elterritorialweb.com.ar\/web\/wp-content\/uploads\/2022\/04\/IMG-20220410-WA0021.jpg?w=1124 1124w\" data-sizes=\"(max-width: 640px) 100vw, 640px\" src=\"data:image\/svg+xml;base64,PHN2ZyB3aWR0aD0iMSIgaGVpZ2h0PSIxIiB4bWxucz0iaHR0cDovL3d3dy53My5vcmcvMjAwMC9zdmciPjwvc3ZnPg==\" style=\"--smush-placeholder-width: 640px; --smush-placeholder-aspect-ratio: 640\/427;\" \/><\/a><\/figure>\n\n\n\n<p>A los 20, lleg\u00f3 el cuarto en una gran combinaci\u00f3n de todo el equipo. D\u00edaz se la devolvi\u00f3 a Boselli que con un estiletazo de derecha marc\u00f3 el tercero de su cuenta personal y lleg\u00f3 a 7 en la Copa de la Liga.<\/p>\n\n\n\n<figure class=\"wp-block-image size-large\"><a href=\"https:\/\/i0.wp.com\/elterritorialweb.com.ar\/web\/wp-content\/uploads\/2022\/04\/IMG-20220410-WA0016.jpg\"><img data-recalc-dims=\"1\" decoding=\"async\" width=\"640\" height=\"392\" data-src=\"https:\/\/i0.wp.com\/elterritorialweb.com.ar\/web\/wp-content\/uploads\/2022\/04\/IMG-20220410-WA0016.jpg?resize=640%2C392\" alt=\"\" class=\"wp-image-38366 lazyload\" data-srcset=\"https:\/\/i0.wp.com\/elterritorialweb.com.ar\/web\/wp-content\/uploads\/2022\/04\/IMG-20220410-WA0016.jpg?resize=1024%2C627 1024w, https:\/\/i0.wp.com\/elterritorialweb.com.ar\/web\/wp-content\/uploads\/2022\/04\/IMG-20220410-WA0016.jpg?resize=300%2C184 300w, https:\/\/i0.wp.com\/elterritorialweb.com.ar\/web\/wp-content\/uploads\/2022\/04\/IMG-20220410-WA0016.jpg?resize=768%2C470 768w, https:\/\/i0.wp.com\/elterritorialweb.com.ar\/web\/wp-content\/uploads\/2022\/04\/IMG-20220410-WA0016.jpg?w=1280 1280w\" data-sizes=\"(max-width: 640px) 100vw, 640px\" src=\"data:image\/svg+xml;base64,PHN2ZyB3aWR0aD0iMSIgaGVpZ2h0PSIxIiB4bWxucz0iaHR0cDovL3d3dy53My5vcmcvMjAwMC9zdmciPjwvc3ZnPg==\" style=\"--smush-placeholder-width: 640px; --smush-placeholder-aspect-ratio: 640\/392;\" \/><\/a><\/figure>\n\n\n\n<p>Finalmente a los 28, una contra termin\u00f3 con un mano a mano de D\u00edaz que le tap\u00f3 Toselli y en el rebote Del Prete cerr\u00f3 el marcador.<\/p>\n\n\n\n<figure class=\"wp-block-image size-large\"><a href=\"https:\/\/i0.wp.com\/elterritorialweb.com.ar\/web\/wp-content\/uploads\/2022\/04\/IMG-20220410-WA0015.jpg\"><img data-recalc-dims=\"1\" decoding=\"async\" width=\"640\" height=\"427\" data-src=\"https:\/\/i0.wp.com\/elterritorialweb.com.ar\/web\/wp-content\/uploads\/2022\/04\/IMG-20220410-WA0015.jpg?resize=640%2C427\" alt=\"\" class=\"wp-image-38368 lazyload\" data-srcset=\"https:\/\/i0.wp.com\/elterritorialweb.com.ar\/web\/wp-content\/uploads\/2022\/04\/IMG-20220410-WA0015.jpg?resize=1024%2C683 1024w, https:\/\/i0.wp.com\/elterritorialweb.com.ar\/web\/wp-content\/uploads\/2022\/04\/IMG-20220410-WA0015.jpg?resize=300%2C200 300w, https:\/\/i0.wp.com\/elterritorialweb.com.ar\/web\/wp-content\/uploads\/2022\/04\/IMG-20220410-WA0015.jpg?resize=768%2C512 768w, https:\/\/i0.wp.com\/elterritorialweb.com.ar\/web\/wp-content\/uploads\/2022\/04\/IMG-20220410-WA0015.jpg?w=1124 1124w\" data-sizes=\"(max-width: 640px) 100vw, 640px\" src=\"data:image\/svg+xml;base64,PHN2ZyB3aWR0aD0iMSIgaGVpZ2h0PSIxIiB4bWxucz0iaHR0cDovL3d3dy53My5vcmcvMjAwMC9zdmciPjwvc3ZnPg==\" style=\"--smush-placeholder-width: 640px; --smush-placeholder-aspect-ratio: 640\/427;\" \/><\/a><\/figure>\n\n\n\n<p>Pudo haber m\u00e1s goles para el \u00abPincha\u00bb, con dos chances de Del Prete y un remate de D\u00edaz que se fue cerca.<\/p>\n","protected":false},"excerpt":{"rendered":"<p>\u00abEl pincha\u00bb venci\u00f3 este domingo por la tarde en su estadio al ferroviario por 5 a 0, en un partido por la novena fecha del certamen.<\/p>\n","protected":false},"author":2,"featured_media":38340,"comment_status":"open","ping_status":"open","sticky":false,"template":"","format":"standard","meta":{"om_disable_all_campaigns":false,"_monsterinsights_skip_tracking":false,"_monsterinsights_sitenote_active":false,"_monsterinsights_sitenote_note":"","_monsterinsights_sitenote_category":0,"_uf_show_specific_survey":0,"_uf_disable_surveys":false,"jetpack_post_was_ever_published":false,"_jetpack_newsletter_access":"","_jetpack_dont_email_post_to_subs":false,"_jetpack_newsletter_tier_id":0,"_jetpack_memberships_contains_paywalled_content":false,"_jetpack_memberships_contains_paid_content":false,"footnotes":"","jetpack_publicize_message":"","jetpack_publicize_feature_enabled":true,"jetpack_social_post_already_shared":false,"jetpack_social_options":{"image_generator_settings":{"template":"highway","default_image_id":0,"font":"","enabled":false},"version":2}},"categories":[6],"tags":[],"class_list":["post-38339","post","type-post","status-publish","format-standard","has-post-thumbnail","hentry","category-deportes"],"aioseo_notices":[],"views":8,"jetpack_publicize_connections":[],"jetpack_featured_media_url":"https:\/\/i0.wp.com\/elterritorialweb.com.ar\/web\/wp-content\/uploads\/2022\/04\/IMG-20220410-WA0027.jpg?fit=1280%2C851","jetpack_sharing_enabled":true,"_links":{"self":[{"href":"http:\/\/elterritorialweb.com.ar\/web\/wp-json\/wp\/v2\/posts\/38339","targetHints":{"allow":["GET"]}}],"collection":[{"href":"http:\/\/elterritorialweb.com.ar\/web\/wp-json\/wp\/v2\/posts"}],"about":[{"href":"http:\/\/elterritorialweb.com.ar\/web\/wp-json\/wp\/v2\/types\/post"}],"author":[{"embeddable":true,"href":"http:\/\/elterritorialweb.com.ar\/web\/wp-json\/wp\/v2\/users\/2"}],"replies":[{"embeddable":true,"href":"http:\/\/elterritorialweb.com.ar\/web\/wp-json\/wp\/v2\/comments?post=38339"}],"version-history":[{"count":12,"href":"http:\/\/elterritorialweb.com.ar\/web\/wp-json\/wp\/v2\/posts\/38339\/revisions"}],"predecessor-version":[{"id":38370,"href":"http:\/\/elterritorialweb.com.ar\/web\/wp-json\/wp\/v2\/posts\/38339\/revisions\/38370"}],"wp:featuredmedia":[{"embeddable":true,"href":"http:\/\/elterritorialweb.com.ar\/web\/wp-json\/wp\/v2\/media\/38340"}],"wp:attachment":[{"href":"http:\/\/elterritorialweb.com.ar\/web\/wp-json\/wp\/v2\/media?parent=38339"}],"wp:term":[{"taxonomy":"category","embeddable":true,"href":"http:\/\/elterritorialweb.com.ar\/web\/wp-json\/wp\/v2\/categories?post=38339"},{"taxonomy":"post_tag","embeddable":true,"href":"http:\/\/elterritorialweb.com.ar\/web\/wp-json\/wp\/v2\/tags?post=38339"}],"curies":[{"name":"wp","href":"https:\/\/api.w.org\/{rel}","templated":true}]}}