{"id":38387,"date":"2022-04-11T11:05:46","date_gmt":"2022-04-11T11:05:46","guid":{"rendered":"http:\/\/elterritorialweb.com.ar\/web\/?p=38387"},"modified":"2022-04-11T11:05:46","modified_gmt":"2022-04-11T11:05:46","slug":"nacio-francisco-el-hijo-del-presidente-alberto-fernandez-y-fabiola-yanez","status":"publish","type":"post","link":"http:\/\/elterritorialweb.com.ar\/web\/nacio-francisco-el-hijo-del-presidente-alberto-fernandez-y-fabiola-yanez\/","title":{"rendered":"NACI\u00d3 FRANCISCO, EL HIJO DEL PRESIDENTE ALBERTO FERN\u00c1NDEZ Y FABIOLA YA\u00d1EZ"},"content":{"rendered":"\n<p><strong>Francisco, el hijo del presidente Alberto Fern\u00e1ndez y la primera dama Fabiola Ya\u00f1ez, naci\u00f3 en las primeras horas de este lunes en el sanatorio Otamendi, por ces\u00e1rea<\/strong>, inform\u00f3 la Unidad M\u00e9dica Presidencial.<\/p>\n\n\n\n<p>\u00abLa se\u00f1ora Fabiola Ya\u00f1ez ingres\u00f3 pasada la medianoche al SANATORIO OTAMENDI con contracciones de trabajo de parto sin progresi\u00f3n del mismo, por lo cual se efectu\u00f3 una operaci\u00f3n ces\u00e1rea. Naciendo a las 1.22 hs. un beb\u00e9 de sexo masculino con un peso de 3.510 gramos\u00bb, se\u00f1ala el comunicado.<\/p>\n\n\n\n<p>La evoluci\u00f3n, \u00abtanto del beb\u00e9 como de la madre, es satisfactoria. Encontr\u00e1ndose ambos en perfecto estado de salud\u00bb destaca.<\/p>\n\n\n\n<p>\u00abNaci\u00f3 Francisco!!!, Con tu madre @fabiolaoficialok estamos inmensamente felices. Bienvenido a la vida!!!\u201d, escribi\u00f3 el presidente en su cuenta de Instagram, con una foto en la que pueden verse las huellas de los pies del beb\u00e9.<\/p>\n\n\n\n<figure class=\"wp-block-image size-large\"><a href=\"https:\/\/i0.wp.com\/elterritorialweb.com.ar\/web\/wp-content\/uploads\/2022\/04\/Screenshot_20220411-0800162.png\"><img data-recalc-dims=\"1\" decoding=\"async\" width=\"640\" height=\"1010\" data-src=\"https:\/\/i0.wp.com\/elterritorialweb.com.ar\/web\/wp-content\/uploads\/2022\/04\/Screenshot_20220411-0800162.png?resize=640%2C1010\" alt=\"\" class=\"wp-image-38388 lazyload\" data-srcset=\"https:\/\/i0.wp.com\/elterritorialweb.com.ar\/web\/wp-content\/uploads\/2022\/04\/Screenshot_20220411-0800162.png?resize=649%2C1024 649w, https:\/\/i0.wp.com\/elterritorialweb.com.ar\/web\/wp-content\/uploads\/2022\/04\/Screenshot_20220411-0800162.png?resize=190%2C300 190w, https:\/\/i0.wp.com\/elterritorialweb.com.ar\/web\/wp-content\/uploads\/2022\/04\/Screenshot_20220411-0800162.png?w=720 720w\" data-sizes=\"(max-width: 640px) 100vw, 640px\" src=\"data:image\/svg+xml;base64,PHN2ZyB3aWR0aD0iMSIgaGVpZ2h0PSIxIiB4bWxucz0iaHR0cDovL3d3dy53My5vcmcvMjAwMC9zdmciPjwvc3ZnPg==\" style=\"--smush-placeholder-width: 640px; --smush-placeholder-aspect-ratio: 640\/1010;\" \/><\/a><\/figure>\n","protected":false},"excerpt":{"rendered":"<p>La primera dama fue asistida en el Sanatorio Otamendi de la Capital Federal.<\/p>\n","protected":false},"author":2,"featured_media":38389,"comment_status":"open","ping_status":"open","sticky":false,"template":"","format":"standard","meta":{"om_disable_all_campaigns":false,"_monsterinsights_skip_tracking":false,"_monsterinsights_sitenote_active":false,"_monsterinsights_sitenote_note":"","_monsterinsights_sitenote_category":0,"_uf_show_specific_survey":0,"_uf_disable_surveys":false,"jetpack_post_was_ever_published":false,"_jetpack_newsletter_access":"","_jetpack_dont_email_post_to_subs":false,"_jetpack_newsletter_tier_id":0,"_jetpack_memberships_contains_paywalled_content":false,"_jetpack_memberships_contains_paid_content":false,"footnotes":"","jetpack_publicize_message":"","jetpack_publicize_feature_enabled":true,"jetpack_social_post_already_shared":false,"jetpack_social_options":{"image_generator_settings":{"template":"highway","default_image_id":0,"font":"","enabled":false},"version":2}},"categories":[7],"tags":[],"class_list":["post-38387","post","type-post","status-publish","format-standard","has-post-thumbnail","hentry","category-nacionales"],"aioseo_notices":[],"views":8,"jetpack_publicize_connections":[],"jetpack_featured_media_url":"https:\/\/i0.wp.com\/elterritorialweb.com.ar\/web\/wp-content\/uploads\/2022\/04\/NOUA5IKGBJESFM6IF6YH3T5PY4.jpg?fit=982%2C551","jetpack_sharing_enabled":true,"_links":{"self":[{"href":"http:\/\/elterritorialweb.com.ar\/web\/wp-json\/wp\/v2\/posts\/38387","targetHints":{"allow":["GET"]}}],"collection":[{"href":"http:\/\/elterritorialweb.com.ar\/web\/wp-json\/wp\/v2\/posts"}],"about":[{"href":"http:\/\/elterritorialweb.com.ar\/web\/wp-json\/wp\/v2\/types\/post"}],"author":[{"embeddable":true,"href":"http:\/\/elterritorialweb.com.ar\/web\/wp-json\/wp\/v2\/users\/2"}],"replies":[{"embeddable":true,"href":"http:\/\/elterritorialweb.com.ar\/web\/wp-json\/wp\/v2\/comments?post=38387"}],"version-history":[{"count":1,"href":"http:\/\/elterritorialweb.com.ar\/web\/wp-json\/wp\/v2\/posts\/38387\/revisions"}],"predecessor-version":[{"id":38390,"href":"http:\/\/elterritorialweb.com.ar\/web\/wp-json\/wp\/v2\/posts\/38387\/revisions\/38390"}],"wp:featuredmedia":[{"embeddable":true,"href":"http:\/\/elterritorialweb.com.ar\/web\/wp-json\/wp\/v2\/media\/38389"}],"wp:attachment":[{"href":"http:\/\/elterritorialweb.com.ar\/web\/wp-json\/wp\/v2\/media?parent=38387"}],"wp:term":[{"taxonomy":"category","embeddable":true,"href":"http:\/\/elterritorialweb.com.ar\/web\/wp-json\/wp\/v2\/categories?post=38387"},{"taxonomy":"post_tag","embeddable":true,"href":"http:\/\/elterritorialweb.com.ar\/web\/wp-json\/wp\/v2\/tags?post=38387"}],"curies":[{"name":"wp","href":"https:\/\/api.w.org\/{rel}","templated":true}]}}